{"id":5720,"date":"2018-01-24T14:57:23","date_gmt":"2018-01-24T12:57:23","guid":{"rendered":"http:\/\/sarimelekler.biz\/?p=5720"},"modified":"2018-01-24T15:00:54","modified_gmt":"2018-01-24T13:00:54","slug":"voleybolcularimizdan-imoco-volley-conegliano-maci-oncesi-aciklamalar","status":"publish","type":"post","link":"https:\/\/sarimelekler.biz\/?p=5720","title":{"rendered":"Voleybolcular\u0131m\u0131zdan Imoco Volley Conegliano Ma\u00e7\u0131 \u00d6ncesi A\u00e7\u0131klamalar"},"content":{"rendered":"<p style=\"text-align: justify;\">Fenerbah\u00e7e Bayan Voleybol Tak\u0131m\u0131m\u0131z, CEV Kad\u0131nlar \u015eampiyonlar Ligi B Grubu 3. hafta m\u00fcsabakas\u0131nda \u0130talyan ekibi Imoco Volley Conegliano ile kar\u015f\u0131la\u015f\u0131yor. Yar\u0131n Burhan Felek Spor Salonu\u2019nda oynanacak ma\u00e7la ilgili kul\u00fcb\u00fcm\u00fcz Fenerbah\u00e7e Spor Kul\u00fcb\u00fc Resmi Sitesine a\u00e7\u0131klamalarda bulunan oyuncular\u0131m\u0131z Polen Uslupehlivan ile Polina Rahimova, galibiyet i\u00e7in ellerinden geleni yapacaklar\u0131n\u0131 belirterek, destek i\u00e7in taraftarlar\u0131m\u0131z\u0131 salona \u00e7a\u011f\u0131rd\u0131lar.<\/p>\n<p style=\"text-align: justify;\"><strong>Polen Uslupehlivan: &#8220;Taraftarlar\u0131m\u0131z\u0131n deste\u011fine ihtiyac\u0131m\u0131z var&#8221;<\/strong><br \/>\nGruptan \u00e7\u0131kabilmek ad\u0131na bu ma\u00e7\u0131n \u00f6nemine vurgu yapan ba\u015far\u0131l\u0131 pas\u00f6r \u00e7apraz\u0131 Polen Uslupehlivan, &#8220;Conegliano ma\u00e7\u0131 \u015eampiyonlar Ligi\u2019ndeki\u00a0 \u00fc\u00e7\u00fcnc\u00fc ma\u00e7\u0131m\u0131z. \u0130lk ma\u00e7\u0131 kazand\u0131k fakat ikinci ma\u00e7\u0131 3-2 kaybettik. Bu sebeple Conegliano ma\u00e7\u0131 gruptan \u00e7\u0131kmam\u0131z i\u00e7in b\u00fcy\u00fck \u00f6nem ta\u015f\u0131yor. T\u00fcm tak\u0131m bunun bilincinde. Conegliano\u2019yu iyice analiz etmeye \u00e7al\u0131\u015f\u0131yoruz. Olduk\u00e7a zor bir rakip. \u0130\u015fimiz \u00e7ok zor ama sonu\u00e7ta buras\u0131 Fenerbah\u00e7e. Biz de iyi bir tak\u0131m\u0131z. Sadece basit hatalar\u0131 azaltmam\u0131z gerekiyor. Konsantre olup, ma\u00e7a iyi ba\u015flarsak iyi bir sonu\u00e7 alaca\u011f\u0131m\u0131za inan\u0131yorum. Son olarak t\u00fcm taraftarlar\u0131m\u0131z\u0131 salona davet ediyorum. Bu ma\u00e7 bizim i\u00e7in \u00e7ok \u00f6nemli. Onlar\u0131n deste\u011fine \u00e7ok ihtiyac\u0131m\u0131z var.&#8221; dedi.<\/p>\n<p style=\"text-align: justify;\"><strong>Polina Rahimova: &#8220;Enerjimizin son damlas\u0131na kadar da sava\u015faca\u011f\u0131z&#8221;<\/strong><br \/>\nBir di\u011fer pas\u00f6r \u00e7apraz\u0131m\u0131z Polina Rahimova da, &#8220;Grubumuz \u00e7ok kuvvetli tak\u0131mlardan olu\u015fuyor. \u015eampiyonlar Ligi gruplar\u0131nda kolay bir tak\u0131m olmas\u0131 da zaten m\u00fcmk\u00fcn de\u011fil. Conegliano \u00e7ok iyi bir tak\u0131m ve \u00e7ok tecr\u00fcbeli oyuncular\u0131 var. Zor bir ma\u00e7 olacak ama bu ma\u00e7\u0131 kazanmak i\u00e7in elimizden gelen her \u015feyi yapaca\u011f\u0131z. Kendi evimizde oynuyoruz. Kendi evimizde oynarken avantaj\u0131m\u0131z \u00e7ok fazla bunu kullanmak ve kazanmak istiyoruz. \u00c7ok iyi haz\u0131rlan\u0131yoruz. Enerjimizin son damlas\u0131na kadar da sava\u015faca\u011f\u0131z. B\u00fct\u00fcn Fenerbah\u00e7e taraftarlar\u0131ndan ma\u00e7a gelerek bize destek olmalar\u0131n\u0131 istiyorum. Umar\u0131m bizi yaln\u0131z b\u0131rakmazlar.&#8221; diye konu\u015ftu.<\/p>\n\n\t\t<style type=\"text\/css\">\n\t\t\t#gallery-1 {\n\t\t\t\tmargin: auto;\n\t\t\t}\n\t\t\t#gallery-1 .gallery-item {\n\t\t\t\tfloat: left;\n\t\t\t\tmargin-top: 10px;\n\t\t\t\ttext-align: center;\n\t\t\t\twidth: 50%;\n\t\t\t}\n\t\t\t#gallery-1 img {\n\t\t\t\tborder: 2px solid #cfcfcf;\n\t\t\t}\n\t\t\t#gallery-1 .gallery-caption {\n\t\t\t\tmargin-left: 0;\n\t\t\t}\n\t\t\t\/* see gallery_shortcode() in wp-includes\/media.php *\/\n\t\t<\/style>\n\t\t<div data-carousel-extra='{&quot;blog_id&quot;:1,&quot;permalink&quot;:&quot;https:\/\/sarimelekler.biz\/?p=5720&quot;}' id='gallery-1' class='gallery galleryid-5720 gallery-columns-2 gallery-size-medium'><dl class='gallery-item'>\n\t\t\t<dt class='gallery-icon landscape'>\n\t\t\t\t<a href='https:\/\/sarimelekler.biz\/?attachment_id=5721'><img loading=\"lazy\" decoding=\"async\" width=\"300\" height=\"216\" src=\"https:\/\/sarimelekler.biz\/wp-content\/uploads\/2018\/01\/polibasin1_58930_4796515-300x216.jpg\" class=\"attachment-medium size-medium\" alt=\"\" srcset=\"https:\/\/sarimelekler.biz\/wp-content\/uploads\/2018\/01\/polibasin1_58930_4796515-300x216.jpg 300w, https:\/\/sarimelekler.biz\/wp-content\/uploads\/2018\/01\/polibasin1_58930_4796515-768x553.jpg 768w, https:\/\/sarimelekler.biz\/wp-content\/uploads\/2018\/01\/polibasin1_58930_4796515-1024x737.jpg 1024w, https:\/\/sarimelekler.biz\/wp-content\/uploads\/2018\/01\/polibasin1_58930_4796515-150x108.jpg 150w\" sizes=\"auto, (max-width: 300px) 100vw, 300px\" data-attachment-id=\"5721\" data-permalink=\"https:\/\/sarimelekler.biz\/?attachment_id=5721\" data-orig-file=\"https:\/\/sarimelekler.biz\/wp-content\/uploads\/2018\/01\/polibasin1_58930_4796515.jpg\" data-orig-size=\"2500,1800\" data-comments-opened=\"0\" data-image-meta=\"{&quot;aperture&quot;:&quot;5.6&quot;,&quot;credit&quot;:&quot;&quot;,&quot;camera&quot;:&quot;Canon EOS-1D X&quot;,&quot;caption&quot;:&quot;&quot;,&quot;created_timestamp&quot;:&quot;1516720441&quot;,&quot;copyright&quot;:&quot;&quot;,&quot;focal_length&quot;:&quot;70&quot;,&quot;iso&quot;:&quot;640&quot;,&quot;shutter_speed&quot;:&quot;0.004&quot;,&quot;title&quot;:&quot;&quot;,&quot;orientation&quot;:&quot;1&quot;}\" data-image-title=\"polibasin1_58930_4796515\" data-image-description=\"\" data-image-caption=\"\" data-large-file=\"https:\/\/sarimelekler.biz\/wp-content\/uploads\/2018\/01\/polibasin1_58930_4796515-1024x737.jpg\" \/><\/a>\n\t\t\t<\/dt><\/dl><dl class='gallery-item'>\n\t\t\t<dt class='gallery-icon landscape'>\n\t\t\t\t<a href='https:\/\/sarimelekler.biz\/?attachment_id=5722'><img loading=\"lazy\" decoding=\"async\" width=\"300\" height=\"254\" src=\"https:\/\/sarimelekler.biz\/wp-content\/uploads\/2018\/01\/polibasin2_58930_4796641-300x254.jpg\" class=\"attachment-medium size-medium\" alt=\"\" srcset=\"https:\/\/sarimelekler.biz\/wp-content\/uploads\/2018\/01\/polibasin2_58930_4796641-300x254.jpg 300w, https:\/\/sarimelekler.biz\/wp-content\/uploads\/2018\/01\/polibasin2_58930_4796641-768x650.jpg 768w, https:\/\/sarimelekler.biz\/wp-content\/uploads\/2018\/01\/polibasin2_58930_4796641-1024x867.jpg 1024w, https:\/\/sarimelekler.biz\/wp-content\/uploads\/2018\/01\/polibasin2_58930_4796641-150x127.jpg 150w\" sizes=\"auto, (max-width: 300px) 100vw, 300px\" data-attachment-id=\"5722\" data-permalink=\"https:\/\/sarimelekler.biz\/?attachment_id=5722\" data-orig-file=\"https:\/\/sarimelekler.biz\/wp-content\/uploads\/2018\/01\/polibasin2_58930_4796641.jpg\" data-orig-size=\"2500,2117\" data-comments-opened=\"0\" data-image-meta=\"{&quot;aperture&quot;:&quot;5.6&quot;,&quot;credit&quot;:&quot;&quot;,&quot;camera&quot;:&quot;Canon EOS-1D X&quot;,&quot;caption&quot;:&quot;&quot;,&quot;created_timestamp&quot;:&quot;1516720430&quot;,&quot;copyright&quot;:&quot;&quot;,&quot;focal_length&quot;:&quot;70&quot;,&quot;iso&quot;:&quot;640&quot;,&quot;shutter_speed&quot;:&quot;0.004&quot;,&quot;title&quot;:&quot;&quot;,&quot;orientation&quot;:&quot;1&quot;}\" data-image-title=\"polibasin2_58930_4796641\" data-image-description=\"\" data-image-caption=\"\" data-large-file=\"https:\/\/sarimelekler.biz\/wp-content\/uploads\/2018\/01\/polibasin2_58930_4796641-1024x867.jpg\" \/><\/a>\n\t\t\t<\/dt><\/dl><br style=\"clear: both\" \/>\n\t\t<\/div>\n\n<p>Kaynak:<a href=\"http:\/\/www.fenerbahce.org\/detay.asp?ContentID=58930\" target=\"_blank\" rel=\"noopener\"> Fenerbah\u00e7e SK Resmi \u0130nternet Sitesi<\/a><\/p>\n","protected":false},"excerpt":{"rendered":"<p>Fenerbah\u00e7e Bayan Voleybol Tak\u0131m\u0131m\u0131z, CEV Kad\u0131nlar \u015eampiyonlar Ligi B Grubu \u2026 <a class=\"continue-reading-link\" href=\"https:\/\/sarimelekler.biz\/?p=5720\">Okumaya Devam Et.. <span class=\"meta-nav\">&rarr; <\/span><\/a><\/p>\n","protected":false},"author":1,"featured_media":5728,"comment_status":"closed","ping_status":"open","sticky":false,"template":"","format":"standard","meta":{"jetpack_post_was_ever_published":false,"_jetpack_newsletter_access":"","_jetpack_dont_email_post_to_subs":false,"_jetpack_newsletter_tier_id":0,"_jetpack_memberships_contains_paywalled_content":false,"_jetpack_memberships_contains_paid_content":false,"footnotes":"","jetpack_publicize_message":"","jetpack_publicize_feature_enabled":true,"jetpack_social_post_already_shared":true,"jetpack_social_options":{"image_generator_settings":{"template":"highway","default_image_id":0,"font":"","enabled":false},"version":2}},"categories":[1],"tags":[],"class_list":["post-5720","post","type-post","status-publish","format-standard","has-post-thumbnail","hentry","category-avp"],"jetpack_publicize_connections":[],"jetpack_featured_media_url":"https:\/\/sarimelekler.biz\/wp-content\/uploads\/2018\/01\/Ads\u0131z2.jpg","jetpack_sharing_enabled":true,"jetpack_shortlink":"https:\/\/wp.me\/p8npUZ-1ug","jetpack-related-posts":[{"id":10871,"url":"https:\/\/sarimelekler.biz\/?p=10871","url_meta":{"origin":5720,"position":0},"title":"Eda Erdem D\u00fcndar ve S\u0131la \u00c7al\u0131\u015fkan\u2019dan Imoco Volley Conegliano ma\u00e7\u0131 \u00f6ncesi a\u00e7\u0131klamalarda bulundular","author":"Edit\u00f6r","date":"8 Nisan 2019","format":false,"excerpt":"Fenerbah\u00e7e Opet Kad\u0131n Voleybol Tak\u0131m\u0131m\u0131z\u0131n, CEV \u015eampiyonlar Ligi yar\u0131 final r\u00f6van\u015f ma\u00e7\u0131nda \u0130talyan ekibi Imoco Volley Conegliano ile 9 Nisan Sal\u0131 g\u00fcn\u00fc Burhan Felek Voleybol Salonu\u2019nda oynayaca\u011f\u0131 ma\u00e7 \u00f6ncesi Kaptan Eda Erdem D\u00fcndar ve S\u0131la \u00c7al\u0131\u015fkan, kul\u00fcb\u00fcm\u00fcz\u00fcn resmi sitesine a\u00e7\u0131klamalarda bulundu. Eda Erdem D\u00fcndar taraftar\u0131n deste\u011fiyle galip gelerek adlar\u0131n\u0131 finale\u2026","rel":"","context":"&quot;Avrupa Kupalar\u0131&quot; i\u00e7inde","block_context":{"text":"Avrupa Kupalar\u0131","link":"https:\/\/sarimelekler.biz\/?cat=1"},"img":{"alt_text":"","src":"https:\/\/i0.wp.com\/sarimelekler.biz\/wp-content\/uploads\/2019\/04\/10-18-19-CL-13.jpg?resize=350%2C200&ssl=1","width":350,"height":200,"srcset":"https:\/\/i0.wp.com\/sarimelekler.biz\/wp-content\/uploads\/2019\/04\/10-18-19-CL-13.jpg?resize=350%2C200&ssl=1 1x, https:\/\/i0.wp.com\/sarimelekler.biz\/wp-content\/uploads\/2019\/04\/10-18-19-CL-13.jpg?resize=525%2C300&ssl=1 1.5x, https:\/\/i0.wp.com\/sarimelekler.biz\/wp-content\/uploads\/2019\/04\/10-18-19-CL-13.jpg?resize=700%2C400&ssl=1 2x, https:\/\/i0.wp.com\/sarimelekler.biz\/wp-content\/uploads\/2019\/04\/10-18-19-CL-13.jpg?resize=1050%2C600&ssl=1 3x"},"classes":[]},{"id":10896,"url":"https:\/\/sarimelekler.biz\/?p=10896","url_meta":{"origin":5720,"position":1},"title":"#Sar\u0131Melekler \u015eampiyonlar Ligine Yar\u0131 Finalde Veda Etti.  Fenerbah\u00e7e Opet:0 &#8211; Imoco Voley Conegliano: 3","author":"Edit\u00f6r","date":"9 Nisan 2019","format":false,"excerpt":"Fenerbah\u00e7e Opet Kad\u0131n Voleybol Tak\u0131m\u0131m\u0131z Cev \u015eampiyonlar Ligi Yar\u0131 Final ikinci ma\u00e7\u0131nda kar\u015f\u0131la\u015ft\u0131\u011f\u0131 \u0130talyan temsilcisi Imoco Volley Conegliano tak\u0131m\u0131na 18 \u2013 25, 22 \u2013 25 ve 26 \u2013 28\u2019lik set skorlar\u0131yla 3-0 ma\u011flup oldu. \u0130lk ma\u00e7\u0131 da 3-0 kaybeden tak\u0131m\u0131m\u0131z bu sonu\u00e7la \u015eampiyonlar Ligine veda etti. Ma\u00e7a Eda, Ana Antonijevic,\u2026","rel":"","context":"&quot;Avrupa Kupalar\u0131&quot; i\u00e7inde","block_context":{"text":"Avrupa Kupalar\u0131","link":"https:\/\/sarimelekler.biz\/?cat=1"},"img":{"alt_text":"","src":"https:\/\/i0.wp.com\/sarimelekler.biz\/wp-content\/uploads\/2019\/04\/10-18-19-CL-17.jpg?resize=350%2C200&ssl=1","width":350,"height":200,"srcset":"https:\/\/i0.wp.com\/sarimelekler.biz\/wp-content\/uploads\/2019\/04\/10-18-19-CL-17.jpg?resize=350%2C200&ssl=1 1x, https:\/\/i0.wp.com\/sarimelekler.biz\/wp-content\/uploads\/2019\/04\/10-18-19-CL-17.jpg?resize=525%2C300&ssl=1 1.5x, https:\/\/i0.wp.com\/sarimelekler.biz\/wp-content\/uploads\/2019\/04\/10-18-19-CL-17.jpg?resize=700%2C400&ssl=1 2x, https:\/\/i0.wp.com\/sarimelekler.biz\/wp-content\/uploads\/2019\/04\/10-18-19-CL-17.jpg?resize=1050%2C600&ssl=1 3x, https:\/\/i0.wp.com\/sarimelekler.biz\/wp-content\/uploads\/2019\/04\/10-18-19-CL-17.jpg?resize=1400%2C800&ssl=1 4x"},"classes":[]},{"id":5848,"url":"https:\/\/sarimelekler.biz\/?p=5848","url_meta":{"origin":5720,"position":2},"title":"Dejavu Part III &#8211; I. Volley Conegliano:3 &#8211; Fenerbah\u00e7e:2","author":"Edit\u00f6r","date":"8 \u015eubat 2018","format":false,"excerpt":"Fenerbah\u00e7e Bayan Voleybol Tak\u0131m\u0131m\u0131z, 2018 CEV \u015eampiyonlar Ligi B Grubu\u2019ndaki d\u00f6rd\u00fcnc\u00fc \u00a0ma\u00e7\u0131nda deplasmanda \u0130talyan Temsilcisi Imoco Volley Conegliano tak\u0131m\u0131na 2-0 \u00f6ne ge\u00e7ti\u011fi ma\u00e7ta \u00a020 \u2013 25, 18 \u2013 25, 25 \u2013 18, 25 \u2013 22 ve 15 \u2013 11\u2019lik set skorlar\u0131yla 3-2 ma\u011flup oldu. Ma\u00e7a Eda, Dicle, Polen, Damla, Rahimova,\u2026","rel":"","context":"&quot;Avrupa Kupalar\u0131&quot; i\u00e7inde","block_context":{"text":"Avrupa Kupalar\u0131","link":"https:\/\/sarimelekler.biz\/?cat=1"},"img":{"alt_text":"","src":"https:\/\/i0.wp.com\/sarimelekler.biz\/wp-content\/uploads\/2018\/02\/MFNZHI3L.jpg?resize=350%2C200&ssl=1","width":350,"height":200,"srcset":"https:\/\/i0.wp.com\/sarimelekler.biz\/wp-content\/uploads\/2018\/02\/MFNZHI3L.jpg?resize=350%2C200&ssl=1 1x, https:\/\/i0.wp.com\/sarimelekler.biz\/wp-content\/uploads\/2018\/02\/MFNZHI3L.jpg?resize=525%2C300&ssl=1 1.5x"},"classes":[]},{"id":19009,"url":"https:\/\/sarimelekler.biz\/?p=19009","url_meta":{"origin":5720,"position":3},"title":"Fenerbah\u00e7e Opet:3 \u2013 \u00a0A. Carraro Imoco Conegliano:0","author":"Edit\u00f6r","date":"16 Mart 2023","format":false,"excerpt":"Fenerbah\u00e7e Opet Kad\u0131n Voleybol Tak\u0131m\u0131m\u0131z 2023 CEV \u015eampiyonlar Ligi \u00c7eyrek Final ilk ma\u00e7\u0131nda konuk etti\u011fi \u0130talyan ekibi A. Carraro Imoco Conegliano tak\u0131m\u0131n\u0131 25-19, 25-17 ve 25-19\u2019luk set skorlar\u0131yla 3-0 ma\u011flup etti. Ma\u00e7a Eda, Vargas, Ana Cristina, Macris, Fedorovtseva, Vuchkova ve libero Gizem kadrosuyla ba\u015flayan tak\u0131m\u0131m\u0131zda yedek oyuncular\u0131m\u0131zdan sadece Lazareva s\u00fcre\u2026","rel":"","context":"&quot;Avrupa Kupalar\u0131&quot; i\u00e7inde","block_context":{"text":"Avrupa Kupalar\u0131","link":"https:\/\/sarimelekler.biz\/?cat=1"},"img":{"alt_text":"","src":"https:\/\/i0.wp.com\/sarimelekler.biz\/wp-content\/uploads\/2023\/03\/09-22-23-CL-22.jpeg?resize=350%2C200&ssl=1","width":350,"height":200,"srcset":"https:\/\/i0.wp.com\/sarimelekler.biz\/wp-content\/uploads\/2023\/03\/09-22-23-CL-22.jpeg?resize=350%2C200&ssl=1 1x, https:\/\/i0.wp.com\/sarimelekler.biz\/wp-content\/uploads\/2023\/03\/09-22-23-CL-22.jpeg?resize=525%2C300&ssl=1 1.5x, https:\/\/i0.wp.com\/sarimelekler.biz\/wp-content\/uploads\/2023\/03\/09-22-23-CL-22.jpeg?resize=700%2C400&ssl=1 2x, https:\/\/i0.wp.com\/sarimelekler.biz\/wp-content\/uploads\/2023\/03\/09-22-23-CL-22.jpeg?resize=1050%2C600&ssl=1 3x, https:\/\/i0.wp.com\/sarimelekler.biz\/wp-content\/uploads\/2023\/03\/09-22-23-CL-22.jpeg?resize=1400%2C800&ssl=1 4x"},"classes":[]},{"id":3829,"url":"https:\/\/sarimelekler.biz\/?p=3829","url_meta":{"origin":5720,"position":4},"title":"Eda Erdem D\u00fcndar ve Polen Uslupehlivan Galatasaray Ma\u00e7\u0131n\u0131 De\u011ferlendirdi","author":"Edit\u00f6r","date":"29 Nisan 2017","format":false,"excerpt":"Ma\u00e7tan Sonra Oyuncular\u0131m\u0131z\u0131n Fenerbah\u00e7e Spor Kul\u00fcb\u00fc Resmi \u0130nternet Sitesinde\u00a0yer alan a\u00e7\u0131klamalar\u0131: Final serisinin ikinci ma\u00e7\u0131nda da Galatasaray\u2019\u0131 3-0 yenen Sar\u0131 Melekler, ma\u00e7 sonras\u0131nda yay\u0131nc\u0131 kurulu\u015fa a\u00e7\u0131klamalarda bulundular. Oyuncular\u0131m\u0131z Polen Uslupehlivan ile Eda Erdem D\u00fcndar\u2019\u0131n konu\u015fmalar\u0131ndan derlediklerimiz; Polen Uslupehlivan: \u201c\u0130n\u015fallah 3. ma\u00e7\u0131 da kazan\u0131r\u0131z\u201d \u201cGalatasaray ma\u00e7lar\u0131 \u00f6zellikle finalde bizim i\u00e7in \u00e7ok\u2026","rel":"","context":"&quot;T\u00fcrkiye Ligi&quot; i\u00e7inde","block_context":{"text":"T\u00fcrkiye Ligi","link":"https:\/\/sarimelekler.biz\/?cat=6"},"img":{"alt_text":"","src":"https:\/\/i0.wp.com\/sarimelekler.biz\/wp-content\/uploads\/2017\/04\/cats.jpg?resize=350%2C200&ssl=1","width":350,"height":200,"srcset":"https:\/\/i0.wp.com\/sarimelekler.biz\/wp-content\/uploads\/2017\/04\/cats.jpg?resize=350%2C200&ssl=1 1x, https:\/\/i0.wp.com\/sarimelekler.biz\/wp-content\/uploads\/2017\/04\/cats.jpg?resize=525%2C300&ssl=1 1.5x, https:\/\/i0.wp.com\/sarimelekler.biz\/wp-content\/uploads\/2017\/04\/cats.jpg?resize=700%2C400&ssl=1 2x, https:\/\/i0.wp.com\/sarimelekler.biz\/wp-content\/uploads\/2017\/04\/cats.jpg?resize=1050%2C600&ssl=1 3x, https:\/\/i0.wp.com\/sarimelekler.biz\/wp-content\/uploads\/2017\/04\/cats.jpg?resize=1400%2C800&ssl=1 4x"},"classes":[]},{"id":17011,"url":"https:\/\/sarimelekler.biz\/?p=17011","url_meta":{"origin":5720,"position":5},"title":"Sar\u0131 Melekler Bronz Madalyalar\u0131n\u0131 Ald\u0131","author":"Edit\u00f6r","date":"19 Aral\u0131k 2021","format":false,"excerpt":"Uluslararas\u0131 Voleybol Federasyonu (FIVB) taraf\u0131ndan 1991 y\u0131l\u0131ndan bu yana organize edilen D\u00fcnya Kul\u00fcpler \u015eampiyonas\u0131 bu sene 15-19 Aral\u0131k 2021 tarihleri aras\u0131nda \u00fclkemizin ev sahipli\u011finde Ankara\u2019da d\u00fczenlendi. Turnuvaya \u00fclkemizden Fenerbah\u00e7e Opet Kad\u0131n Voleybol tak\u0131m\u0131m\u0131z ile Vak\u0131fbank, Brezilya\u2019dan Dentil Praia Clube ve Minas Tenis Clube, \u0130talya\u2019dan Carraro Imoco Conegliano ve\u00a0 Kazakistan\u2019dan Altay\u2026","rel":"","context":"&quot;Avrupa Kupalar\u0131&quot; i\u00e7inde","block_context":{"text":"Avrupa Kupalar\u0131","link":"https:\/\/sarimelekler.biz\/?cat=1"},"img":{"alt_text":"","src":"https:\/\/i0.wp.com\/sarimelekler.biz\/wp-content\/uploads\/2021\/12\/Toren-21-22-DK-3.jpg?resize=350%2C200&ssl=1","width":350,"height":200,"srcset":"https:\/\/i0.wp.com\/sarimelekler.biz\/wp-content\/uploads\/2021\/12\/Toren-21-22-DK-3.jpg?resize=350%2C200&ssl=1 1x, https:\/\/i0.wp.com\/sarimelekler.biz\/wp-content\/uploads\/2021\/12\/Toren-21-22-DK-3.jpg?resize=525%2C300&ssl=1 1.5x, https:\/\/i0.wp.com\/sarimelekler.biz\/wp-content\/uploads\/2021\/12\/Toren-21-22-DK-3.jpg?resize=700%2C400&ssl=1 2x, https:\/\/i0.wp.com\/sarimelekler.biz\/wp-content\/uploads\/2021\/12\/Toren-21-22-DK-3.jpg?resize=1050%2C600&ssl=1 3x, https:\/\/i0.wp.com\/sarimelekler.biz\/wp-content\/uploads\/2021\/12\/Toren-21-22-DK-3.jpg?resize=1400%2C800&ssl=1 4x"},"classes":[]}],"_links":{"self":[{"href":"https:\/\/sarimelekler.biz\/index.php?rest_route=\/wp\/v2\/posts\/5720","targetHints":{"allow":["GET"]}}],"collection":[{"href":"https:\/\/sarimelekler.biz\/index.php?rest_route=\/wp\/v2\/posts"}],"about":[{"href":"https:\/\/sarimelekler.biz\/index.php?rest_route=\/wp\/v2\/types\/post"}],"author":[{"embeddable":true,"href":"https:\/\/sarimelekler.biz\/index.php?rest_route=\/wp\/v2\/users\/1"}],"replies":[{"embeddable":true,"href":"https:\/\/sarimelekler.biz\/index.php?rest_route=%2Fwp%2Fv2%2Fcomments&post=5720"}],"version-history":[{"count":4,"href":"https:\/\/sarimelekler.biz\/index.php?rest_route=\/wp\/v2\/posts\/5720\/revisions"}],"predecessor-version":[{"id":5727,"href":"https:\/\/sarimelekler.biz\/index.php?rest_route=\/wp\/v2\/posts\/5720\/revisions\/5727"}],"wp:featuredmedia":[{"embeddable":true,"href":"https:\/\/sarimelekler.biz\/index.php?rest_route=\/wp\/v2\/media\/5728"}],"wp:attachment":[{"href":"https:\/\/sarimelekler.biz\/index.php?rest_route=%2Fwp%2Fv2%2Fmedia&parent=5720"}],"wp:term":[{"taxonomy":"category","embeddable":true,"href":"https:\/\/sarimelekler.biz\/index.php?rest_route=%2Fwp%2Fv2%2Fcategories&post=5720"},{"taxonomy":"post_tag","embeddable":true,"href":"https:\/\/sarimelekler.biz\/index.php?rest_route=%2Fwp%2Fv2%2Ftags&post=5720"}],"curies":[{"name":"wp","href":"https:\/\/api.w.org\/{rel}","templated":true}]}}