{"id":5902,"date":"2018-02-13T13:25:48","date_gmt":"2018-02-13T11:25:48","guid":{"rendered":"http:\/\/sarimelekler.biz\/?p=5902"},"modified":"2018-02-13T20:54:49","modified_gmt":"2018-02-13T18:54:49","slug":"takimimizda-jan-de-brandt-donemi-kapandi","status":"publish","type":"post","link":"https:\/\/sarimelekler.biz\/?p=5902","title":{"rendered":"Tak\u0131m\u0131m\u0131zda Jan de Brandt  D\u00f6nemi Kapand\u0131"},"content":{"rendered":"<p style=\"text-align: justify;\">Fenerbah\u00e7e Bayan Voleybol Tak\u0131m\u0131m\u0131z\u0131n 03.06.2017 tarihinde ba\u015f\u0131na getirilen 59 ya\u015f\u0131ndaki Bel\u00e7ikal\u0131 antren\u00f6r Jan de Brandt al\u0131nan k\u00f6t\u00fc sonu\u00e7lar ve tak\u0131m i\u00e7i huzursuzlar sebebiyle bug\u00fcn itibariyle g\u00f6revden al\u0131nd\u0131. Konuyla ilgili Jan de Brandt kendi facebook hesab\u0131ndan k\u0131sa bir a\u00e7\u0131klama yaparken kul\u00fcb\u00fcm\u00fczden herhangi bir a\u00e7\u0131klama gelmedi. Jan de Brandt\u2019\u0131n yerine ise 1.5 y\u0131ld\u0131r tak\u0131m\u0131m\u0131zda yard\u0131mc\u0131 antren\u00f6r olarak g\u00f6rev yapan Salih Erdo\u011fan Tavac\u0131\u2019n\u0131n g\u00f6rev alaca\u011f\u0131 d\u00fc\u015f\u00fcn\u00fcl\u00fcyor. Tak\u0131m\u0131m\u0131z i\u00e7in hay\u0131rl\u0131 olsun.<\/p>\n<p><strong>Jan de Brandt\u2019\u0131n bu sezonki performans\u0131<\/strong><br \/>\nS\u00fcper Kupa Finali ma\u011flubiyet<br \/>\n\u015eampiyonlar Ligi 1 galibiyet, 3 ma\u011flubiyet<br \/>\n(3 ma\u00e7 da 2-0 \u00f6ndeyken 3-2 kaybedildi)<br \/>\nT\u00fcrkiye Kupas\u0131 1 galibiyet, 1 ma\u011flubiyet<br \/>\nT\u00fcrkiye Ligi 19 Ma\u00e7<br \/>\n15 galibiyet (12 ma\u00e7 3 puanl\u0131, 3 ma\u00e7 2 puanl\u0131)<br \/>\n4 ma\u011flubiyet (4 ma\u00e7ta 3 puanl\u0131)<\/p>\n<p>Toplam: 26 ma\u00e7 17 galibiyet, 9 ma\u011flubiyet<\/p>\n<p>Jan de Brandt&#8217;\u0131n Facebook a\u00e7\u0131klamas\u0131<\/p>\n\n\t\t<style type=\"text\/css\">\n\t\t\t#gallery-1 {\n\t\t\t\tmargin: auto;\n\t\t\t}\n\t\t\t#gallery-1 .gallery-item {\n\t\t\t\tfloat: left;\n\t\t\t\tmargin-top: 10px;\n\t\t\t\ttext-align: center;\n\t\t\t\twidth: 100%;\n\t\t\t}\n\t\t\t#gallery-1 img {\n\t\t\t\tborder: 2px solid #cfcfcf;\n\t\t\t}\n\t\t\t#gallery-1 .gallery-caption {\n\t\t\t\tmargin-left: 0;\n\t\t\t}\n\t\t\t\/* see gallery_shortcode() in wp-includes\/media.php *\/\n\t\t<\/style>\n\t\t<div data-carousel-extra='{&quot;blog_id&quot;:1,&quot;permalink&quot;:&quot;https:\/\/sarimelekler.biz\/?p=5902&quot;}' id='gallery-1' class='gallery galleryid-5902 gallery-columns-1 gallery-size-large'><dl class='gallery-item'>\n\t\t\t<dt class='gallery-icon landscape'>\n\t\t\t\t<a href='https:\/\/sarimelekler.biz\/?attachment_id=5903'><img loading=\"lazy\" decoding=\"async\" width=\"860\" height=\"430\" src=\"https:\/\/sarimelekler.biz\/wp-content\/uploads\/2018\/02\/Jan-veda-mesaj\u0131-1024x512.jpg\" class=\"attachment-large size-large\" alt=\"\" srcset=\"https:\/\/sarimelekler.biz\/wp-content\/uploads\/2018\/02\/Jan-veda-mesaj\u0131-1024x512.jpg 1024w, https:\/\/sarimelekler.biz\/wp-content\/uploads\/2018\/02\/Jan-veda-mesaj\u0131-300x150.jpg 300w, https:\/\/sarimelekler.biz\/wp-content\/uploads\/2018\/02\/Jan-veda-mesaj\u0131-768x384.jpg 768w, https:\/\/sarimelekler.biz\/wp-content\/uploads\/2018\/02\/Jan-veda-mesaj\u0131-150x75.jpg 150w, https:\/\/sarimelekler.biz\/wp-content\/uploads\/2018\/02\/Jan-veda-mesaj\u0131.jpg 1033w\" sizes=\"auto, (max-width: 860px) 100vw, 860px\" data-attachment-id=\"5903\" data-permalink=\"https:\/\/sarimelekler.biz\/?attachment_id=5903\" data-orig-file=\"https:\/\/sarimelekler.biz\/wp-content\/uploads\/2018\/02\/Jan-veda-mesaj\u0131.jpg\" data-orig-size=\"1033,516\" data-comments-opened=\"0\" data-image-meta=\"{&quot;aperture&quot;:&quot;0&quot;,&quot;credit&quot;:&quot;&quot;,&quot;camera&quot;:&quot;&quot;,&quot;caption&quot;:&quot;&quot;,&quot;created_timestamp&quot;:&quot;0&quot;,&quot;copyright&quot;:&quot;&quot;,&quot;focal_length&quot;:&quot;0&quot;,&quot;iso&quot;:&quot;0&quot;,&quot;shutter_speed&quot;:&quot;0&quot;,&quot;title&quot;:&quot;&quot;,&quot;orientation&quot;:&quot;0&quot;}\" data-image-title=\"Jan veda mesaj\u0131\" data-image-description=\"\" data-image-caption=\"\" data-large-file=\"https:\/\/sarimelekler.biz\/wp-content\/uploads\/2018\/02\/Jan-veda-mesaj\u0131-1024x512.jpg\" \/><\/a>\n\t\t\t<\/dt><\/dl><br style=\"clear: both\" \/>\n\t\t<\/div>\n\n<p>In English;<\/p>\n<p>Fenerbah\u00e7e Women&#8217;s Volleyball Team&#8217;s 59-year-old Belgian coach Jan de Brandt who was hired on 03.06.2017 was dismissed today due to poor results and uneasiness in the team. Jan de Brandt made a brief statement on his Facebook acoount, but club management did not any explanation. It is expected that Salih Erdo\u011fan Tavac\u0131, who is assistant coach in our team for 1.5 years take over instead of De Brandt. Good luck for our club.<\/p>\n<p>&nbsp;<\/p>\n<p><strong>Jan De Brandt&#8217;s performance in this season<\/strong><\/p>\n<p>Defeat in Super Kupa Final<\/p>\n<p>1 win and 3 defeat in Champions League (All of these defeates from 2-0 to 2-3)<\/p>\n<p>1 win and 1 defeat in Turkish Cup<\/p>\n<p>19 match in Turkish League;<\/p>\n<p>15 win (12 of them are 3 points, 3 of them are 2 points)<\/p>\n<p>4 defeat (all of them are 3 points)<\/p>\n<p>Total; 26 match, 17 win, 9 lost<\/p>\n","protected":false},"excerpt":{"rendered":"<p>Fenerbah\u00e7e Bayan Voleybol Tak\u0131m\u0131m\u0131z\u0131n 03.06.2017 tarihinde ba\u015f\u0131na getirilen 59 ya\u015f\u0131ndaki \u2026 <a class=\"continue-reading-link\" href=\"https:\/\/sarimelekler.biz\/?p=5902\">Okumaya Devam Et.. <span class=\"meta-nav\">&rarr; <\/span><\/a><\/p>\n","protected":false},"author":1,"featured_media":4170,"comment_status":"closed","ping_status":"open","sticky":false,"template":"","format":"standard","meta":{"jetpack_post_was_ever_published":false,"_jetpack_newsletter_access":"","_jetpack_dont_email_post_to_subs":false,"_jetpack_newsletter_tier_id":0,"_jetpack_memberships_contains_paywalled_content":false,"_jetpack_memberships_contains_paid_content":false,"footnotes":"","jetpack_publicize_message":"","jetpack_publicize_feature_enabled":true,"jetpack_social_post_already_shared":true,"jetpack_social_options":{"image_generator_settings":{"template":"highway","default_image_id":0,"font":"","enabled":false},"version":2}},"categories":[6],"tags":[],"class_list":["post-5902","post","type-post","status-publish","format-standard","has-post-thumbnail","hentry","category-turkiye-ligi"],"jetpack_publicize_connections":[],"jetpack_featured_media_url":"https:\/\/sarimelekler.biz\/wp-content\/uploads\/2017\/08\/janbasin3_56961_8185207.jpg","jetpack_sharing_enabled":true,"jetpack_shortlink":"https:\/\/wp.me\/p8npUZ-1xc","jetpack-related-posts":[{"id":17363,"url":"https:\/\/sarimelekler.biz\/?p=17363","url_meta":{"origin":5902,"position":0},"title":"TERZ\u0130C \u0130STAT\u0130ST\u0130KLER\u0130 ZORLUYOR!","author":"Edit\u00f6r","date":"20 \u015eubat 2022","format":false,"excerpt":"Zoran Terzic y\u00f6netimindeki Fenerbah\u00e7e Opet Kad\u0131n Voleybol tak\u0131m\u0131m\u0131z Misli.com Sultanlar liginde oynad\u0131\u011f\u0131 son 3 ma\u00e7ta puan kaybederek d\u00fczenli veri bularak istatistik tuttu\u011fumuz 2010-2011 sezonundan bu sezona normal lig etab\u0131nda 2. kez bu ba\u015far\u0131s\u0131zl\u0131\u011f\u0131 tekrarlad\u0131. Tak\u0131m\u0131m\u0131z 17 ve 19. hafta ma\u00e7lar\u0131n\u0131n ertelendi\u011fi ligde 16. haftada Vak\u0131fbank\u2019a 3-1, 18. haftada T\u00fcrk Hava\u2026","rel":"","context":"&quot;Haberler&quot; i\u00e7inde","block_context":{"text":"Haberler","link":"https:\/\/sarimelekler.biz\/?cat=7"},"img":{"alt_text":"","src":"https:\/\/i0.wp.com\/sarimelekler.biz\/wp-content\/uploads\/2022\/02\/20-21-22-13.jpg?resize=350%2C200&ssl=1","width":350,"height":200,"srcset":"https:\/\/i0.wp.com\/sarimelekler.biz\/wp-content\/uploads\/2022\/02\/20-21-22-13.jpg?resize=350%2C200&ssl=1 1x, https:\/\/i0.wp.com\/sarimelekler.biz\/wp-content\/uploads\/2022\/02\/20-21-22-13.jpg?resize=525%2C300&ssl=1 1.5x, https:\/\/i0.wp.com\/sarimelekler.biz\/wp-content\/uploads\/2022\/02\/20-21-22-13.jpg?resize=700%2C400&ssl=1 2x, https:\/\/i0.wp.com\/sarimelekler.biz\/wp-content\/uploads\/2022\/02\/20-21-22-13.jpg?resize=1050%2C600&ssl=1 3x, https:\/\/i0.wp.com\/sarimelekler.biz\/wp-content\/uploads\/2022\/02\/20-21-22-13.jpg?resize=1400%2C800&ssl=1 4x"},"classes":[]},{"id":11151,"url":"https:\/\/sarimelekler.biz\/?p=11151","url_meta":{"origin":5902,"position":1},"title":"Tak\u0131m\u0131m\u0131zdan ayr\u0131lan ikinci oyuncu Samantha Bricio oldu.","author":"Edit\u00f6r","date":"2 May\u0131s 2019","format":false,"excerpt":"Fenerbah\u00e7e Opet Kad\u0131n Voleybol tak\u0131m\u0131m\u0131zdan ikinci ayr\u0131lan isim sezon ba\u015f\u0131 transfer etti\u011fimiz Meksikal\u0131 Sma\u00e7\u00f6r Samantha Bricio oldu. Samantha Bricio Instagram hesab\u0131ndan payla\u015ft\u0131\u011f\u0131 bir g\u00f6nderi ile tak\u0131m\u0131m\u0131za veda etti. Bricio; 29 Sultanlar Ligi, 10 \u015eampiyonlar Ligi ve 3 T\u00fcrkiye Kupas\u0131 olmak \u00fczere toplam 42 ma\u00e7 tak\u0131m\u0131m\u0131zda oynad\u0131. Sultanlar Liginde 60\u2019\u0131 servis,\u2026","rel":"","context":"&quot;Transfer Haberleri&quot; i\u00e7inde","block_context":{"text":"Transfer Haberleri","link":"https:\/\/sarimelekler.biz\/?cat=23"},"img":{"alt_text":"","src":"https:\/\/i0.wp.com\/sarimelekler.biz\/wp-content\/uploads\/2018\/10\/Bricio-Ekim-3.jpg?resize=350%2C200&ssl=1","width":350,"height":200,"srcset":"https:\/\/i0.wp.com\/sarimelekler.biz\/wp-content\/uploads\/2018\/10\/Bricio-Ekim-3.jpg?resize=350%2C200&ssl=1 1x, https:\/\/i0.wp.com\/sarimelekler.biz\/wp-content\/uploads\/2018\/10\/Bricio-Ekim-3.jpg?resize=525%2C300&ssl=1 1.5x, https:\/\/i0.wp.com\/sarimelekler.biz\/wp-content\/uploads\/2018\/10\/Bricio-Ekim-3.jpg?resize=700%2C400&ssl=1 2x, https:\/\/i0.wp.com\/sarimelekler.biz\/wp-content\/uploads\/2018\/10\/Bricio-Ekim-3.jpg?resize=1050%2C600&ssl=1 3x, https:\/\/i0.wp.com\/sarimelekler.biz\/wp-content\/uploads\/2018\/10\/Bricio-Ekim-3.jpg?resize=1400%2C800&ssl=1 4x"},"classes":[]},{"id":6596,"url":"https:\/\/sarimelekler.biz\/?p=6596","url_meta":{"origin":5902,"position":2},"title":"Sar\u0131 Melekler Burhan Felek&#8217;e Geri D\u00f6n\u00fcyor","author":"Edit\u00f6r","date":"6 A\u011fustos 2018","format":false,"excerpt":"2015 \u2013 2016, 2016 \u2013 2017 ve 2017 \u2013 2018 sezonlar\u0131 T\u00fcrkiye Ligi ve T\u00fcrkiye Kupas\u0131 ma\u00e7lar\u0131n\u0131 yakla\u015f\u0131k 1000 ki\u015filik koltuk kapasitesi bulunan Metro Enerji Spor Salonu\u2019nda oynayan Fenerbah\u00e7e Bayan Voleybol Tak\u0131m\u0131m\u0131z 2018 \u2013 2019 sezonu ile birlikte Burhan Felek Voleybol Salonuna geri d\u00f6n\u00fcyor. T\u00fcrkiye Voleybol Federasyonu ile yap\u0131lan g\u00f6r\u00fc\u015fmede\u2026","rel":"","context":"&quot;\u00d6zel Haberler&quot; i\u00e7inde","block_context":{"text":"\u00d6zel Haberler","link":"https:\/\/sarimelekler.biz\/?cat=21"},"img":{"alt_text":"","src":"https:\/\/i0.wp.com\/sarimelekler.biz\/wp-content\/uploads\/2018\/08\/9.jpg?resize=350%2C200&ssl=1","width":350,"height":200,"srcset":"https:\/\/i0.wp.com\/sarimelekler.biz\/wp-content\/uploads\/2018\/08\/9.jpg?resize=350%2C200&ssl=1 1x, https:\/\/i0.wp.com\/sarimelekler.biz\/wp-content\/uploads\/2018\/08\/9.jpg?resize=525%2C300&ssl=1 1.5x, https:\/\/i0.wp.com\/sarimelekler.biz\/wp-content\/uploads\/2018\/08\/9.jpg?resize=700%2C400&ssl=1 2x, https:\/\/i0.wp.com\/sarimelekler.biz\/wp-content\/uploads\/2018\/08\/9.jpg?resize=1050%2C600&ssl=1 3x"},"classes":[]},{"id":4041,"url":"https:\/\/sarimelekler.biz\/?p=4041","url_meta":{"origin":5902,"position":3},"title":"HO\u015eGELD\u0130N JAN DE BRANDT","author":"Edit\u00f6r","date":"3 Haziran 2017","format":false,"excerpt":"Beklenildi\u011fi \u00fczere Fenerbah\u00e7e Bayan Voleybol Tak\u0131m\u0131m\u0131z\u0131n antren\u00f6r\u00fc Jan De Brandt oldu. Kul\u00fcb\u00fcm\u00fcze Hay\u0131rl\u0131 Olsun, Antren\u00f6r\u00fcm\u00fcze Ba\u015far\u0131lar Dileriz. Resmi Sitemizden Yap\u0131lan A\u00e7\u0131klama: Yeni sezon yap\u0131lanmas\u0131 kapsam\u0131nda Fenerbah\u00e7e Kad\u0131n Voleybol Tak\u0131m\u0131m\u0131z, 2008-2010 y\u0131llar\u0131nda 1,5 sezon boyunca tak\u0131m\u0131m\u0131z\u0131 da \u00e7al\u0131\u015ft\u0131ran ve 2 kez T\u00fcrkiye Ligi \u015fampiyonlu\u011fu, 1 S\u00fcper Kupa \u015fampiyonlu\u011fu kazanan, CEV Cup\u2026","rel":"","context":"&quot;T\u00fcrkiye Ligi&quot; i\u00e7inde","block_context":{"text":"T\u00fcrkiye Ligi","link":"https:\/\/sarimelekler.biz\/?cat=6"},"img":{"alt_text":"","src":"https:\/\/i0.wp.com\/sarimelekler.biz\/wp-content\/uploads\/2017\/06\/jandebrandtson538_56154_5790807.jpg?resize=350%2C200&ssl=1","width":350,"height":200,"srcset":"https:\/\/i0.wp.com\/sarimelekler.biz\/wp-content\/uploads\/2017\/06\/jandebrandtson538_56154_5790807.jpg?resize=350%2C200&ssl=1 1x, https:\/\/i0.wp.com\/sarimelekler.biz\/wp-content\/uploads\/2017\/06\/jandebrandtson538_56154_5790807.jpg?resize=525%2C300&ssl=1 1.5x"},"classes":[]},{"id":3619,"url":"https:\/\/sarimelekler.biz\/?p=3619","url_meta":{"origin":5902,"position":4},"title":"D\u00f6rtl\u00fc Finallere Son Ad\u0131m","author":"Edit\u00f6r","date":"3 Nisan 2017","format":false,"excerpt":"Fenerbah\u00e7e Bayan Voleybol Tak\u0131m\u0131m\u0131z CEV \u015eampiyonlar Ligi 6'l\u0131 Play-Off Turu 2. ma\u00e7\u0131nda bug\u00fcn\u00a0(04.04.2017) Eczac\u0131ba\u015f\u0131 Vitra ile kar\u015f\u0131la\u015f\u0131yor. \u00a0\u0130lk ma\u00e7\u0131 3-2 kazanan tak\u0131m\u0131m\u0131z k\u00fc\u00e7\u00fck bir avantajla bu ma\u00e7a \u00e7\u0131k\u0131yor. Burhan Felek Voleybol Salonunda oynanacak ma\u00e7 saat:19:00\u2019de ba\u015flayacak ve D-Smart\u2019tan yay\u0131nlanacak. \u00a0Ma\u00e7 ayr\u0131ca www.laola1.tv isimli internet sitesinde de yay\u0131nlanacak olup, \u00fclkemizde mevcut\u2026","rel":"","context":"&quot;Avrupa Kupalar\u0131&quot; i\u00e7inde","block_context":{"text":"Avrupa Kupalar\u0131","link":"https:\/\/sarimelekler.biz\/?cat=1"},"img":{"alt_text":"","src":"https:\/\/i0.wp.com\/sarimelekler.biz\/wp-content\/uploads\/2017\/04\/de6p8758_55164_5976366.jpg?resize=350%2C200&ssl=1","width":350,"height":200,"srcset":"https:\/\/i0.wp.com\/sarimelekler.biz\/wp-content\/uploads\/2017\/04\/de6p8758_55164_5976366.jpg?resize=350%2C200&ssl=1 1x, https:\/\/i0.wp.com\/sarimelekler.biz\/wp-content\/uploads\/2017\/04\/de6p8758_55164_5976366.jpg?resize=525%2C300&ssl=1 1.5x, https:\/\/i0.wp.com\/sarimelekler.biz\/wp-content\/uploads\/2017\/04\/de6p8758_55164_5976366.jpg?resize=700%2C400&ssl=1 2x, https:\/\/i0.wp.com\/sarimelekler.biz\/wp-content\/uploads\/2017\/04\/de6p8758_55164_5976366.jpg?resize=1050%2C600&ssl=1 3x, https:\/\/i0.wp.com\/sarimelekler.biz\/wp-content\/uploads\/2017\/04\/de6p8758_55164_5976366.jpg?resize=1400%2C800&ssl=1 4x"},"classes":[]},{"id":13420,"url":"https:\/\/sarimelekler.biz\/?p=13420","url_meta":{"origin":5902,"position":5},"title":"Voleybol Ligleri Sonland\u0131r\u0131ld\u0131.","author":"Edit\u00f6r","date":"11 May\u0131s 2020","format":false,"excerpt":"T\u00fcrkiye Cumhuriyeti Gen\u00e7lik ve Spor Bakan\u0131 Sn. Mehmet Muharrem Kasapo\u011flu\u2019nun ev sahipli\u011finde 19.03.2020 g\u00fcn\u00fc Ankara\u2019da yap\u0131lan toplant\u0131 sonucunda, COVID-19 salg\u0131n\u0131na kar\u015f\u0131 al\u0131nan tedbirler kapsam\u0131nda t\u00fcm voleybol ma\u00e7lar\u0131n\u0131n s\u00fcresiz olarak ertelendi\u011fi a\u00e7\u0131klanm\u0131\u015ft\u0131. Ge\u00e7en yakla\u015f\u0131k 53 g\u00fcnde tak\u0131mlar antrenmanlar\u0131na evlerinden \u00c7evrimi\u00e7i olarak s\u00fcrd\u00fcrmekteydi. Bug\u00fcn T\u00fcrkiye Voleybol Federasyonu taraf\u0131ndan; erkek ve kad\u0131n liglerinin\u2026","rel":"","context":"&quot;T\u00fcrkiye Ligi&quot; i\u00e7inde","block_context":{"text":"T\u00fcrkiye Ligi","link":"https:\/\/sarimelekler.biz\/?cat=6"},"img":{"alt_text":"","src":"https:\/\/i0.wp.com\/sarimelekler.biz\/wp-content\/uploads\/2020\/03\/FB-Logo.jpeg?resize=350%2C200&ssl=1","width":350,"height":200,"srcset":"https:\/\/i0.wp.com\/sarimelekler.biz\/wp-content\/uploads\/2020\/03\/FB-Logo.jpeg?resize=350%2C200&ssl=1 1x, https:\/\/i0.wp.com\/sarimelekler.biz\/wp-content\/uploads\/2020\/03\/FB-Logo.jpeg?resize=525%2C300&ssl=1 1.5x, https:\/\/i0.wp.com\/sarimelekler.biz\/wp-content\/uploads\/2020\/03\/FB-Logo.jpeg?resize=700%2C400&ssl=1 2x, https:\/\/i0.wp.com\/sarimelekler.biz\/wp-content\/uploads\/2020\/03\/FB-Logo.jpeg?resize=1050%2C600&ssl=1 3x, https:\/\/i0.wp.com\/sarimelekler.biz\/wp-content\/uploads\/2020\/03\/FB-Logo.jpeg?resize=1400%2C800&ssl=1 4x"},"classes":[]}],"_links":{"self":[{"href":"https:\/\/sarimelekler.biz\/index.php?rest_route=\/wp\/v2\/posts\/5902","targetHints":{"allow":["GET"]}}],"collection":[{"href":"https:\/\/sarimelekler.biz\/index.php?rest_route=\/wp\/v2\/posts"}],"about":[{"href":"https:\/\/sarimelekler.biz\/index.php?rest_route=\/wp\/v2\/types\/post"}],"author":[{"embeddable":true,"href":"https:\/\/sarimelekler.biz\/index.php?rest_route=\/wp\/v2\/users\/1"}],"replies":[{"embeddable":true,"href":"https:\/\/sarimelekler.biz\/index.php?rest_route=%2Fwp%2Fv2%2Fcomments&post=5902"}],"version-history":[{"count":4,"href":"https:\/\/sarimelekler.biz\/index.php?rest_route=\/wp\/v2\/posts\/5902\/revisions"}],"predecessor-version":[{"id":5907,"href":"https:\/\/sarimelekler.biz\/index.php?rest_route=\/wp\/v2\/posts\/5902\/revisions\/5907"}],"wp:featuredmedia":[{"embeddable":true,"href":"https:\/\/sarimelekler.biz\/index.php?rest_route=\/wp\/v2\/media\/4170"}],"wp:attachment":[{"href":"https:\/\/sarimelekler.biz\/index.php?rest_route=%2Fwp%2Fv2%2Fmedia&parent=5902"}],"wp:term":[{"taxonomy":"category","embeddable":true,"href":"https:\/\/sarimelekler.biz\/index.php?rest_route=%2Fwp%2Fv2%2Fcategories&post=5902"},{"taxonomy":"post_tag","embeddable":true,"href":"https:\/\/sarimelekler.biz\/index.php?rest_route=%2Fwp%2Fv2%2Ftags&post=5902"}],"curies":[{"name":"wp","href":"https:\/\/api.w.org\/{rel}","templated":true}]}}