{"id":5908,"date":"2018-02-14T13:58:31","date_gmt":"2018-02-14T11:58:31","guid":{"rendered":"http:\/\/sarimelekler.biz\/?p=5908"},"modified":"2018-02-14T14:01:35","modified_gmt":"2018-02-14T12:01:35","slug":"yani-antrenorumuz-salih-erdogan-tavaci-oldu","status":"publish","type":"post","link":"https:\/\/sarimelekler.biz\/?p=5908","title":{"rendered":"Yeni Antren\u00f6r\u00fcm\u00fcz Salih Erdo\u011fan Tavac\u0131 Oldu."},"content":{"rendered":"<p style=\"text-align: justify;\">Bug\u00fcn kul\u00fcb\u00fcm\u00fcz\u00fcn resmi internet sitesinde yap\u0131lan a\u00e7\u0131klamada Tak\u0131m\u0131m\u0131z\u0131n antren\u00f6r\u00fc Jan de Brandt\u2019\u0131n s\u00f6zle\u015fmesinin kar\u015f\u0131l\u0131kl\u0131 olarak feshedildi\u011fi, yerine bug\u00fcnk\u00fc ma\u00e7ta ve sonraki s\u00fcre\u00e7te Yard\u0131mc\u0131 Antren\u00f6r\u00fcm\u00fcz <a href=\"https:\/\/sarimelekler.biz\/?attachment_id=5121\" target=\"_blank\" rel=\"noopener\">Salih Erdo\u011fan Tavac\u0131<\/a>\u2019n\u0131n \u00fcstlendi\u011fi belirtilmi\u015ftir. Tak\u0131m\u0131m\u0131za hay\u0131rl\u0131 olsun.<\/p>\n\n\t\t<style type=\"text\/css\">\n\t\t\t#gallery-1 {\n\t\t\t\tmargin: auto;\n\t\t\t}\n\t\t\t#gallery-1 .gallery-item {\n\t\t\t\tfloat: left;\n\t\t\t\tmargin-top: 10px;\n\t\t\t\ttext-align: center;\n\t\t\t\twidth: 100%;\n\t\t\t}\n\t\t\t#gallery-1 img {\n\t\t\t\tborder: 2px solid #cfcfcf;\n\t\t\t}\n\t\t\t#gallery-1 .gallery-caption {\n\t\t\t\tmargin-left: 0;\n\t\t\t}\n\t\t\t\/* see gallery_shortcode() in wp-includes\/media.php *\/\n\t\t<\/style>\n\t\t<div data-carousel-extra='{&quot;blog_id&quot;:1,&quot;permalink&quot;:&quot;https:\/\/sarimelekler.biz\/?p=5908&quot;}' id='gallery-1' class='gallery galleryid-5908 gallery-columns-1 gallery-size-large'><dl class='gallery-item'>\n\t\t\t<dt class='gallery-icon landscape'>\n\t\t\t\t<a href='https:\/\/sarimelekler.biz\/?attachment_id=5909'><img loading=\"lazy\" decoding=\"async\" width=\"662\" height=\"633\" src=\"https:\/\/sarimelekler.biz\/wp-content\/uploads\/2018\/02\/jan-fesih.jpg\" class=\"attachment-large size-large\" alt=\"\" srcset=\"https:\/\/sarimelekler.biz\/wp-content\/uploads\/2018\/02\/jan-fesih.jpg 662w, https:\/\/sarimelekler.biz\/wp-content\/uploads\/2018\/02\/jan-fesih-300x287.jpg 300w, https:\/\/sarimelekler.biz\/wp-content\/uploads\/2018\/02\/jan-fesih-150x143.jpg 150w\" sizes=\"auto, (max-width: 662px) 100vw, 662px\" data-attachment-id=\"5909\" data-permalink=\"https:\/\/sarimelekler.biz\/?attachment_id=5909\" data-orig-file=\"https:\/\/sarimelekler.biz\/wp-content\/uploads\/2018\/02\/jan-fesih.jpg\" data-orig-size=\"662,633\" data-comments-opened=\"0\" data-image-meta=\"{&quot;aperture&quot;:&quot;0&quot;,&quot;credit&quot;:&quot;&quot;,&quot;camera&quot;:&quot;&quot;,&quot;caption&quot;:&quot;&quot;,&quot;created_timestamp&quot;:&quot;0&quot;,&quot;copyright&quot;:&quot;&quot;,&quot;focal_length&quot;:&quot;0&quot;,&quot;iso&quot;:&quot;0&quot;,&quot;shutter_speed&quot;:&quot;0&quot;,&quot;title&quot;:&quot;&quot;,&quot;orientation&quot;:&quot;0&quot;}\" data-image-title=\"jan fesih\" data-image-description=\"\" data-image-caption=\"\" data-large-file=\"https:\/\/sarimelekler.biz\/wp-content\/uploads\/2018\/02\/jan-fesih.jpg\" \/><\/a>\n\t\t\t<\/dt><\/dl><br style=\"clear: both\" \/>\n\t\t<\/div>\n\n<p>Kaynak: <a href=\"http:\/\/www.fenerbahce.org\/detay.asp?ContentID=59209\" target=\"_blank\" rel=\"noopener\">Fenerbah\u00e7e SK Resmi \u0130nternet Sitesi<\/a><\/p>\n","protected":false},"excerpt":{"rendered":"<p>Bug\u00fcn kul\u00fcb\u00fcm\u00fcz\u00fcn resmi internet sitesinde yap\u0131lan a\u00e7\u0131klamada Tak\u0131m\u0131m\u0131z\u0131n antren\u00f6r\u00fc Jan \u2026 <a class=\"continue-reading-link\" href=\"https:\/\/sarimelekler.biz\/?p=5908\">Okumaya Devam Et.. <span class=\"meta-nav\">&rarr; <\/span><\/a><\/p>\n","protected":false},"author":1,"featured_media":5911,"comment_status":"closed","ping_status":"open","sticky":false,"template":"","format":"standard","meta":{"jetpack_post_was_ever_published":false,"_jetpack_newsletter_access":"","_jetpack_dont_email_post_to_subs":false,"_jetpack_newsletter_tier_id":0,"_jetpack_memberships_contains_paywalled_content":false,"_jetpack_memberships_contains_paid_content":false,"footnotes":"","jetpack_publicize_message":"","jetpack_publicize_feature_enabled":true,"jetpack_social_post_already_shared":true,"jetpack_social_options":{"image_generator_settings":{"template":"highway","default_image_id":0,"font":"","enabled":false},"version":2}},"categories":[6],"tags":[],"class_list":["post-5908","post","type-post","status-publish","format-standard","has-post-thumbnail","hentry","category-turkiye-ligi"],"jetpack_publicize_connections":[],"jetpack_featured_media_url":"https:\/\/sarimelekler.biz\/wp-content\/uploads\/2018\/02\/salih1.jpg","jetpack_sharing_enabled":true,"jetpack_shortlink":"https:\/\/wp.me\/p8npUZ-1xi","jetpack-related-posts":[{"id":6012,"url":"https:\/\/sarimelekler.biz\/?p=6012","url_meta":{"origin":5908,"position":0},"title":"Salih Erdo\u011fan Tavac\u0131 ve Natalia Pereira\u2019n\u0131n Ma\u00e7 \u00d6n\u00fc G\u00f6r\u00fc\u015fleri","author":"Edit\u00f6r","date":"27 \u015eubat 2018","format":false,"excerpt":"Fenerbah\u00e7e Bayan Voleybol Tak\u0131m\u0131m\u0131z, CEV \u015eampiyonlar Ligi B Grubu 6. ve son hafta ma\u00e7\u0131nda \u00c7ekya ekibi Agel Prostejov ile Burhan Felek Spor Salonu'nda kar\u015f\u0131la\u015facak. 27.02.2018 g\u00fcn\u00fc oynanacak ma\u00e7 \u00f6ncesi Ba\u015f antren\u00f6r\u00fcm\u00fcz Salih Erdo\u011fan Tavac\u0131 ile Brezilyal\u0131 sma\u00e7\u00f6r\u00fcm\u00fcz Natalia Zilio Pereira, Kul\u00fcb\u00fcm\u00fcz\u00fcn Resmi \u0130nternet Sitesine a\u00e7\u0131klamalarda bulundular. Galibiyet hedeflediklerini s\u00f6yleyen Salih\u2026","rel":"","context":"&quot;Avrupa Kupalar\u0131&quot; i\u00e7inde","block_context":{"text":"Avrupa Kupalar\u0131","link":"https:\/\/sarimelekler.biz\/?cat=1"},"img":{"alt_text":"","src":"https:\/\/i0.wp.com\/sarimelekler.biz\/wp-content\/uploads\/2018\/02\/Ads%C4%B1z.jpg?resize=350%2C200&ssl=1","width":350,"height":200,"srcset":"https:\/\/i0.wp.com\/sarimelekler.biz\/wp-content\/uploads\/2018\/02\/Ads%C4%B1z.jpg?resize=350%2C200&ssl=1 1x, https:\/\/i0.wp.com\/sarimelekler.biz\/wp-content\/uploads\/2018\/02\/Ads%C4%B1z.jpg?resize=525%2C300&ssl=1 1.5x, https:\/\/i0.wp.com\/sarimelekler.biz\/wp-content\/uploads\/2018\/02\/Ads%C4%B1z.jpg?resize=700%2C400&ssl=1 2x, https:\/\/i0.wp.com\/sarimelekler.biz\/wp-content\/uploads\/2018\/02\/Ads%C4%B1z.jpg?resize=1050%2C600&ssl=1 3x, https:\/\/i0.wp.com\/sarimelekler.biz\/wp-content\/uploads\/2018\/02\/Ads%C4%B1z.jpg?resize=1400%2C800&ssl=1 4x"},"classes":[]},{"id":15899,"url":"https:\/\/sarimelekler.biz\/?p=15899","url_meta":{"origin":5908,"position":1},"title":"Sar\u0131 Melekler Yeni Sezon Haz\u0131rl\u0131klar\u0131n\u0131 S\u00fcrd\u00fcr\u00fcyor","author":"Edit\u00f6r","date":"28 Temmuz 2021","format":false,"excerpt":"Yeni sezon haz\u0131rl\u0131klar\u0131na 27 Temmuz Sal\u0131 g\u00fcn\u00fc Fenerbah\u00e7e Derea\u011fz\u0131 Lefter K\u00fc\u00e7\u00fckandonyadis Tesislerimizde yapt\u0131\u011f\u0131 \u00e7al\u0131\u015fmayla ba\u015flayan Fenerbah\u00e7e Opet Kad\u0131n Voleybol Tak\u0131m\u0131m\u0131z, haz\u0131rl\u0131klar\u0131n\u0131 s\u00fcrd\u00fcr\u00fcyor. S\u0131rbistan milli tak\u0131m\u0131n\u0131 \u00e7al\u0131\u015ft\u0131ran Ba\u015fantren\u00f6r Zoran Terzic'in yoklu\u011funda yard\u0131mc\u0131s\u0131 Salih Tavac\u0131 y\u00f6netimindeki antrenmana milli oyuncular kaptan Eda Erdem D\u00fcndar, Naz Aydemir Akyol, Meliha \u0130smailo\u011flu, Anna Lazareva, Mina Popovic,\u2026","rel":"","context":"&quot;T\u00fcrkiye Ligi&quot; i\u00e7inde","block_context":{"text":"T\u00fcrkiye Ligi","link":"https:\/\/sarimelekler.biz\/?cat=6"},"img":{"alt_text":"","src":"https:\/\/i0.wp.com\/sarimelekler.biz\/wp-content\/uploads\/2021\/07\/21-22-Sezon-Oncesi-12-scaled.jpg?resize=350%2C200&ssl=1","width":350,"height":200,"srcset":"https:\/\/i0.wp.com\/sarimelekler.biz\/wp-content\/uploads\/2021\/07\/21-22-Sezon-Oncesi-12-scaled.jpg?resize=350%2C200&ssl=1 1x, https:\/\/i0.wp.com\/sarimelekler.biz\/wp-content\/uploads\/2021\/07\/21-22-Sezon-Oncesi-12-scaled.jpg?resize=525%2C300&ssl=1 1.5x, https:\/\/i0.wp.com\/sarimelekler.biz\/wp-content\/uploads\/2021\/07\/21-22-Sezon-Oncesi-12-scaled.jpg?resize=700%2C400&ssl=1 2x, https:\/\/i0.wp.com\/sarimelekler.biz\/wp-content\/uploads\/2021\/07\/21-22-Sezon-Oncesi-12-scaled.jpg?resize=1050%2C600&ssl=1 3x, https:\/\/i0.wp.com\/sarimelekler.biz\/wp-content\/uploads\/2021\/07\/21-22-Sezon-Oncesi-12-scaled.jpg?resize=1400%2C800&ssl=1 4x"},"classes":[]},{"id":5914,"url":"https:\/\/sarimelekler.biz\/?p=5914","url_meta":{"origin":5908,"position":2},"title":"Fenerbah\u00e7e:1 &#8211; Vak\u0131fbank:3","author":"Edit\u00f6r","date":"14 \u015eubat 2018","format":false,"excerpt":"Fenerbah\u00e7e Bayan Voleybol Tak\u0131m\u0131m\u0131z Vestel Ven\u00fcs Sultanlar Ligi\u2019nin 20. haftas\u0131nda kar\u015f\u0131la\u015ft\u0131\u011f\u0131 Vak\u0131fbank tak\u0131m\u0131na 27 \u2013 29, 17 \u2013 25, 25 \u2013 21 ve 20 \u2013 25\u2019lik set skorlar\u0131yla 3-1 ma\u011flup oldu. Ma\u00e7a Eda, Dicle, Polen, Mia, Nootsara, Rahimova ve Melis kadrosuyla ba\u015flayan tak\u0131m\u0131m\u0131zda Bahar, \u00c7a\u011fla ve Merve\u2019de s\u00fcre ald\u0131. Ma\u00e7\u0131n\u2026","rel":"","context":"&quot;T\u00fcrkiye Ligi&quot; i\u00e7inde","block_context":{"text":"T\u00fcrkiye Ligi","link":"https:\/\/sarimelekler.biz\/?cat=6"},"img":{"alt_text":"","src":"https:\/\/i0.wp.com\/sarimelekler.biz\/wp-content\/uploads\/2018\/02\/de6p5377_59215_6997096.jpg?resize=350%2C200&ssl=1","width":350,"height":200,"srcset":"https:\/\/i0.wp.com\/sarimelekler.biz\/wp-content\/uploads\/2018\/02\/de6p5377_59215_6997096.jpg?resize=350%2C200&ssl=1 1x, https:\/\/i0.wp.com\/sarimelekler.biz\/wp-content\/uploads\/2018\/02\/de6p5377_59215_6997096.jpg?resize=525%2C300&ssl=1 1.5x, https:\/\/i0.wp.com\/sarimelekler.biz\/wp-content\/uploads\/2018\/02\/de6p5377_59215_6997096.jpg?resize=700%2C400&ssl=1 2x, https:\/\/i0.wp.com\/sarimelekler.biz\/wp-content\/uploads\/2018\/02\/de6p5377_59215_6997096.jpg?resize=1050%2C600&ssl=1 3x, https:\/\/i0.wp.com\/sarimelekler.biz\/wp-content\/uploads\/2018\/02\/de6p5377_59215_6997096.jpg?resize=1400%2C800&ssl=1 4x"},"classes":[]},{"id":14576,"url":"https:\/\/sarimelekler.biz\/?p=14576","url_meta":{"origin":5908,"position":3},"title":"Nil\u00fcfer Belediyespor:0  \u2013  Fenerbah\u00e7e Opet:3","author":"Edit\u00f6r","date":"29 Kas\u0131m 2020","format":false,"excerpt":"Fenerbah\u00e7e Opet Kad\u0131n Voleybol Tak\u0131m\u0131m\u0131z misli.com Sultanlar Ligi 19. hafta ma\u00e7\u0131nda deplasmanda kar\u015f\u0131la\u015ft\u0131\u011f\u0131 Nil\u00fcfer Belediyespor tak\u0131m\u0131n\u0131 20-25, 18-25 ve 19-25\u2019lik set skorlar\u0131yla 3-0 ma\u011flup etti. Ma\u00e7a Eda, Naz, Dicle, Vargas, Mihajlovic, Busa ve libero Melis kadrosuyla ba\u015flayan tak\u0131m\u0131m\u0131zda, yedek oyuncular\u0131m\u0131zd\u0131n sadece Cansu s\u00fcre ald\u0131. Ma\u00e7\u0131 15 say\u0131yla tamamlayan Vargas tak\u0131m\u0131m\u0131z\u0131n\u2026","rel":"","context":"&quot;T\u00fcrkiye Ligi&quot; i\u00e7inde","block_context":{"text":"T\u00fcrkiye Ligi","link":"https:\/\/sarimelekler.biz\/?cat=6"},"img":{"alt_text":"","src":"https:\/\/i0.wp.com\/sarimelekler.biz\/wp-content\/uploads\/2020\/11\/19-20-21-7.jpg?resize=350%2C200&ssl=1","width":350,"height":200,"srcset":"https:\/\/i0.wp.com\/sarimelekler.biz\/wp-content\/uploads\/2020\/11\/19-20-21-7.jpg?resize=350%2C200&ssl=1 1x, https:\/\/i0.wp.com\/sarimelekler.biz\/wp-content\/uploads\/2020\/11\/19-20-21-7.jpg?resize=525%2C300&ssl=1 1.5x, https:\/\/i0.wp.com\/sarimelekler.biz\/wp-content\/uploads\/2020\/11\/19-20-21-7.jpg?resize=700%2C400&ssl=1 2x, https:\/\/i0.wp.com\/sarimelekler.biz\/wp-content\/uploads\/2020\/11\/19-20-21-7.jpg?resize=1050%2C600&ssl=1 3x, https:\/\/i0.wp.com\/sarimelekler.biz\/wp-content\/uploads\/2020\/11\/19-20-21-7.jpg?resize=1400%2C800&ssl=1 4x"},"classes":[]},{"id":14597,"url":"https:\/\/sarimelekler.biz\/?p=14597","url_meta":{"origin":5908,"position":4},"title":"Fenerbah\u00e7e Opet:3 \u2013 PTT:1","author":"Edit\u00f6r","date":"2 Aral\u0131k 2020","format":false,"excerpt":"Fenerbah\u00e7e Opet Kad\u0131n Voleybol Tak\u0131m\u0131m\u0131z misli.com Sultanlar Ligi 20. hafta ma\u00e7\u0131nda kar\u015f\u0131la\u015ft\u0131\u011f\u0131 PTT Spor tak\u0131m\u0131n\u0131 25-19, 22-25, 25-13 ve 25-20'lik set skorlar\u0131yla 3-1 ma\u011flup etti. Ma\u00e7a Eda, Naz, Dicle, Vargas, Mihajlovic, Busa ve libero Melis kadrosuyla ba\u015flayan tak\u0131m\u0131m\u0131zda, yedek oyuncular\u0131m\u0131zd\u0131n sadece Cansu s\u00fcre ald\u0131. Ma\u00e7\u0131 19 say\u0131yla tamamlayan Kaptan\u0131m\u0131z Eda\u2026","rel":"","context":"&quot;T\u00fcrkiye Ligi&quot; i\u00e7inde","block_context":{"text":"T\u00fcrkiye Ligi","link":"https:\/\/sarimelekler.biz\/?cat=6"},"img":{"alt_text":"","src":"https:\/\/i0.wp.com\/sarimelekler.biz\/wp-content\/uploads\/2020\/12\/20-20-21-3.jpg?resize=350%2C200&ssl=1","width":350,"height":200,"srcset":"https:\/\/i0.wp.com\/sarimelekler.biz\/wp-content\/uploads\/2020\/12\/20-20-21-3.jpg?resize=350%2C200&ssl=1 1x, https:\/\/i0.wp.com\/sarimelekler.biz\/wp-content\/uploads\/2020\/12\/20-20-21-3.jpg?resize=525%2C300&ssl=1 1.5x, https:\/\/i0.wp.com\/sarimelekler.biz\/wp-content\/uploads\/2020\/12\/20-20-21-3.jpg?resize=700%2C400&ssl=1 2x, https:\/\/i0.wp.com\/sarimelekler.biz\/wp-content\/uploads\/2020\/12\/20-20-21-3.jpg?resize=1050%2C600&ssl=1 3x, https:\/\/i0.wp.com\/sarimelekler.biz\/wp-content\/uploads\/2020\/12\/20-20-21-3.jpg?resize=1400%2C800&ssl=1 4x"},"classes":[]},{"id":10896,"url":"https:\/\/sarimelekler.biz\/?p=10896","url_meta":{"origin":5908,"position":5},"title":"#Sar\u0131Melekler \u015eampiyonlar Ligine Yar\u0131 Finalde Veda Etti.  Fenerbah\u00e7e Opet:0 &#8211; Imoco Voley Conegliano: 3","author":"Edit\u00f6r","date":"9 Nisan 2019","format":false,"excerpt":"Fenerbah\u00e7e Opet Kad\u0131n Voleybol Tak\u0131m\u0131m\u0131z Cev \u015eampiyonlar Ligi Yar\u0131 Final ikinci ma\u00e7\u0131nda kar\u015f\u0131la\u015ft\u0131\u011f\u0131 \u0130talyan temsilcisi Imoco Volley Conegliano tak\u0131m\u0131na 18 \u2013 25, 22 \u2013 25 ve 26 \u2013 28\u2019lik set skorlar\u0131yla 3-0 ma\u011flup oldu. \u0130lk ma\u00e7\u0131 da 3-0 kaybeden tak\u0131m\u0131m\u0131z bu sonu\u00e7la \u015eampiyonlar Ligine veda etti. Ma\u00e7a Eda, Ana Antonijevic,\u2026","rel":"","context":"&quot;Avrupa Kupalar\u0131&quot; i\u00e7inde","block_context":{"text":"Avrupa Kupalar\u0131","link":"https:\/\/sarimelekler.biz\/?cat=1"},"img":{"alt_text":"","src":"https:\/\/i0.wp.com\/sarimelekler.biz\/wp-content\/uploads\/2019\/04\/10-18-19-CL-17.jpg?resize=350%2C200&ssl=1","width":350,"height":200,"srcset":"https:\/\/i0.wp.com\/sarimelekler.biz\/wp-content\/uploads\/2019\/04\/10-18-19-CL-17.jpg?resize=350%2C200&ssl=1 1x, https:\/\/i0.wp.com\/sarimelekler.biz\/wp-content\/uploads\/2019\/04\/10-18-19-CL-17.jpg?resize=525%2C300&ssl=1 1.5x, https:\/\/i0.wp.com\/sarimelekler.biz\/wp-content\/uploads\/2019\/04\/10-18-19-CL-17.jpg?resize=700%2C400&ssl=1 2x, https:\/\/i0.wp.com\/sarimelekler.biz\/wp-content\/uploads\/2019\/04\/10-18-19-CL-17.jpg?resize=1050%2C600&ssl=1 3x, https:\/\/i0.wp.com\/sarimelekler.biz\/wp-content\/uploads\/2019\/04\/10-18-19-CL-17.jpg?resize=1400%2C800&ssl=1 4x"},"classes":[]}],"_links":{"self":[{"href":"https:\/\/sarimelekler.biz\/index.php?rest_route=\/wp\/v2\/posts\/5908","targetHints":{"allow":["GET"]}}],"collection":[{"href":"https:\/\/sarimelekler.biz\/index.php?rest_route=\/wp\/v2\/posts"}],"about":[{"href":"https:\/\/sarimelekler.biz\/index.php?rest_route=\/wp\/v2\/types\/post"}],"author":[{"embeddable":true,"href":"https:\/\/sarimelekler.biz\/index.php?rest_route=\/wp\/v2\/users\/1"}],"replies":[{"embeddable":true,"href":"https:\/\/sarimelekler.biz\/index.php?rest_route=%2Fwp%2Fv2%2Fcomments&post=5908"}],"version-history":[{"count":2,"href":"https:\/\/sarimelekler.biz\/index.php?rest_route=\/wp\/v2\/posts\/5908\/revisions"}],"predecessor-version":[{"id":5912,"href":"https:\/\/sarimelekler.biz\/index.php?rest_route=\/wp\/v2\/posts\/5908\/revisions\/5912"}],"wp:featuredmedia":[{"embeddable":true,"href":"https:\/\/sarimelekler.biz\/index.php?rest_route=\/wp\/v2\/media\/5911"}],"wp:attachment":[{"href":"https:\/\/sarimelekler.biz\/index.php?rest_route=%2Fwp%2Fv2%2Fmedia&parent=5908"}],"wp:term":[{"taxonomy":"category","embeddable":true,"href":"https:\/\/sarimelekler.biz\/index.php?rest_route=%2Fwp%2Fv2%2Fcategories&post=5908"},{"taxonomy":"post_tag","embeddable":true,"href":"https:\/\/sarimelekler.biz\/index.php?rest_route=%2Fwp%2Fv2%2Ftags&post=5908"}],"curies":[{"name":"wp","href":"https:\/\/api.w.org\/{rel}","templated":true}]}}