{"id":6012,"date":"2018-02-27T00:48:50","date_gmt":"2018-02-26T22:48:50","guid":{"rendered":"http:\/\/sarimelekler.biz\/?p=6012"},"modified":"2018-02-27T00:48:50","modified_gmt":"2018-02-26T22:48:50","slug":"salih-erdogan-tavaci-ve-natalia-pereiranin-mac-onu-gorusleri","status":"publish","type":"post","link":"https:\/\/sarimelekler.biz\/?p=6012","title":{"rendered":"Salih Erdo\u011fan Tavac\u0131 ve Natalia Pereira\u2019n\u0131n Ma\u00e7 \u00d6n\u00fc G\u00f6r\u00fc\u015fleri"},"content":{"rendered":"<p style=\"text-align: justify;\">Fenerbah\u00e7e Bayan Voleybol Tak\u0131m\u0131m\u0131z, CEV \u015eampiyonlar Ligi B Grubu 6. ve son hafta ma\u00e7\u0131nda \u00c7ekya ekibi Agel Prostejov ile Burhan Felek Spor Salonu&#8217;nda kar\u015f\u0131la\u015facak. 27.02.2018 g\u00fcn\u00fc oynanacak ma\u00e7 \u00f6ncesi Ba\u015f antren\u00f6r\u00fcm\u00fcz Salih Erdo\u011fan Tavac\u0131 ile Brezilyal\u0131 sma\u00e7\u00f6r\u00fcm\u00fcz Natalia Zilio Pereira, Kul\u00fcb\u00fcm\u00fcz\u00fcn Resmi \u0130nternet Sitesine a\u00e7\u0131klamalarda bulundular.<\/p>\n<p style=\"text-align: justify;\">Galibiyet hedeflediklerini s\u00f6yleyen Salih Erdo\u011fan Tavac\u0131, &#8220;\u015eampiyonlar Ligi\u2019ndeki son ma\u00e7\u0131m\u0131za kendi evimizde Agel Prostejov kar\u015f\u0131s\u0131nda \u00e7\u0131kaca\u011f\u0131z. CEV \u015eampiyonlar Ligi\u2019ndeki son ma\u00e7\u0131m\u0131zdan galibiyetle ayr\u0131lmak istiyoruz. Bu ma\u00e7\u0131n bir ba\u015fka \u00f6nemi de hafta sonu ligde oynayaca\u011f\u0131m\u0131z play-off ma\u00e7lar\u0131 i\u00e7in moral kazanmak. Kazanmak i\u00e7in oynayaca\u011f\u0131z. Umar\u0131m gelenlere iyi bir oyun izletiriz&#8221; dedi.<\/p>\n<p style=\"text-align: justify;\">Natalia Pereira da, &#8220;\u0130yi bir tak\u0131m oldu\u011fumuzu g\u00f6stermek ve moral kazanmak i\u00e7in g\u00fczel bir ma\u00e7 olacak. Taraftarlar\u0131m\u0131z\u0131n bizi her ma\u00e7 desteklemeleri \u00e7ok \u00f6nemli, onlarla daha g\u00fc\u00e7l\u00fcy\u00fcz. Bizi desteklesinler&#8221; diye konu\u015ftu.<\/p>\n\n\t\t<style type=\"text\/css\">\n\t\t\t#gallery-1 {\n\t\t\t\tmargin: auto;\n\t\t\t}\n\t\t\t#gallery-1 .gallery-item {\n\t\t\t\tfloat: left;\n\t\t\t\tmargin-top: 10px;\n\t\t\t\ttext-align: center;\n\t\t\t\twidth: 50%;\n\t\t\t}\n\t\t\t#gallery-1 img {\n\t\t\t\tborder: 2px solid #cfcfcf;\n\t\t\t}\n\t\t\t#gallery-1 .gallery-caption {\n\t\t\t\tmargin-left: 0;\n\t\t\t}\n\t\t\t\/* see gallery_shortcode() in wp-includes\/media.php *\/\n\t\t<\/style>\n\t\t<div data-carousel-extra='{&quot;blog_id&quot;:1,&quot;permalink&quot;:&quot;https:\/\/sarimelekler.biz\/?p=6012&quot;}' id='gallery-1' class='gallery galleryid-6012 gallery-columns-2 gallery-size-medium'><dl class='gallery-item'>\n\t\t\t<dt class='gallery-icon landscape'>\n\t\t\t\t<a href='https:\/\/sarimelekler.biz\/?attachment_id=6013'><img loading=\"lazy\" decoding=\"async\" width=\"300\" height=\"248\" src=\"https:\/\/sarimelekler.biz\/wp-content\/uploads\/2018\/02\/cl_59359_5307851-300x248.jpg\" class=\"attachment-medium size-medium\" alt=\"\" srcset=\"https:\/\/sarimelekler.biz\/wp-content\/uploads\/2018\/02\/cl_59359_5307851-300x248.jpg 300w, https:\/\/sarimelekler.biz\/wp-content\/uploads\/2018\/02\/cl_59359_5307851-768x634.jpg 768w, https:\/\/sarimelekler.biz\/wp-content\/uploads\/2018\/02\/cl_59359_5307851-1024x846.jpg 1024w, https:\/\/sarimelekler.biz\/wp-content\/uploads\/2018\/02\/cl_59359_5307851-150x124.jpg 150w\" sizes=\"auto, (max-width: 300px) 100vw, 300px\" data-attachment-id=\"6013\" data-permalink=\"https:\/\/sarimelekler.biz\/?attachment_id=6013\" data-orig-file=\"https:\/\/sarimelekler.biz\/wp-content\/uploads\/2018\/02\/cl_59359_5307851.jpg\" data-orig-size=\"3656,3020\" data-comments-opened=\"0\" data-image-meta=\"{&quot;aperture&quot;:&quot;3.2&quot;,&quot;credit&quot;:&quot;&quot;,&quot;camera&quot;:&quot;Canon EOS-1D X&quot;,&quot;caption&quot;:&quot;&quot;,&quot;created_timestamp&quot;:&quot;1519570459&quot;,&quot;copyright&quot;:&quot;&quot;,&quot;focal_length&quot;:&quot;70&quot;,&quot;iso&quot;:&quot;640&quot;,&quot;shutter_speed&quot;:&quot;0.004&quot;,&quot;title&quot;:&quot;&quot;,&quot;orientation&quot;:&quot;1&quot;}\" data-image-title=\"cl_59359_5307851\" data-image-description=\"\" data-image-caption=\"\" data-large-file=\"https:\/\/sarimelekler.biz\/wp-content\/uploads\/2018\/02\/cl_59359_5307851-1024x846.jpg\" \/><\/a>\n\t\t\t<\/dt><\/dl><dl class='gallery-item'>\n\t\t\t<dt class='gallery-icon landscape'>\n\t\t\t\t<a href='https:\/\/sarimelekler.biz\/?attachment_id=6014'><img loading=\"lazy\" decoding=\"async\" width=\"300\" height=\"262\" src=\"https:\/\/sarimelekler.biz\/wp-content\/uploads\/2018\/02\/cl1_59359_530813-300x262.jpg\" class=\"attachment-medium size-medium\" alt=\"\" srcset=\"https:\/\/sarimelekler.biz\/wp-content\/uploads\/2018\/02\/cl1_59359_530813-300x262.jpg 300w, https:\/\/sarimelekler.biz\/wp-content\/uploads\/2018\/02\/cl1_59359_530813-768x670.jpg 768w, https:\/\/sarimelekler.biz\/wp-content\/uploads\/2018\/02\/cl1_59359_530813-1024x893.jpg 1024w, https:\/\/sarimelekler.biz\/wp-content\/uploads\/2018\/02\/cl1_59359_530813-150x131.jpg 150w\" sizes=\"auto, (max-width: 300px) 100vw, 300px\" data-attachment-id=\"6014\" data-permalink=\"https:\/\/sarimelekler.biz\/?attachment_id=6014\" data-orig-file=\"https:\/\/sarimelekler.biz\/wp-content\/uploads\/2018\/02\/cl1_59359_530813.jpg\" data-orig-size=\"3624,3160\" data-comments-opened=\"0\" data-image-meta=\"{&quot;aperture&quot;:&quot;3.2&quot;,&quot;credit&quot;:&quot;&quot;,&quot;camera&quot;:&quot;Canon EOS-1D X&quot;,&quot;caption&quot;:&quot;&quot;,&quot;created_timestamp&quot;:&quot;1519570432&quot;,&quot;copyright&quot;:&quot;&quot;,&quot;focal_length&quot;:&quot;70&quot;,&quot;iso&quot;:&quot;640&quot;,&quot;shutter_speed&quot;:&quot;0.004&quot;,&quot;title&quot;:&quot;&quot;,&quot;orientation&quot;:&quot;1&quot;}\" data-image-title=\"cl1_59359_530813\" data-image-description=\"\" data-image-caption=\"\" data-large-file=\"https:\/\/sarimelekler.biz\/wp-content\/uploads\/2018\/02\/cl1_59359_530813-1024x893.jpg\" \/><\/a>\n\t\t\t<\/dt><\/dl><br style=\"clear: both\" \/>\n\t\t<\/div>\n\n<p style=\"text-align: justify;\">Kaynak: <a href=\"http:\/\/fenerbahce.org\/detay.asp?ContentID=59359\" target=\"_blank\" rel=\"noopener\">Fenerbah\u00e7e SK Resmi \u0130nternet Sitesi<\/a><\/p>\n","protected":false},"excerpt":{"rendered":"<p>Fenerbah\u00e7e Bayan Voleybol Tak\u0131m\u0131m\u0131z, CEV \u015eampiyonlar Ligi B Grubu 6. \u2026 <a class=\"continue-reading-link\" href=\"https:\/\/sarimelekler.biz\/?p=6012\">Okumaya Devam Et.. <span class=\"meta-nav\">&rarr; <\/span><\/a><\/p>\n","protected":false},"author":1,"featured_media":6015,"comment_status":"closed","ping_status":"open","sticky":false,"template":"","format":"standard","meta":{"jetpack_post_was_ever_published":false,"_jetpack_newsletter_access":"","_jetpack_dont_email_post_to_subs":false,"_jetpack_newsletter_tier_id":0,"_jetpack_memberships_contains_paywalled_content":false,"_jetpack_memberships_contains_paid_content":false,"footnotes":"","jetpack_publicize_message":"","jetpack_publicize_feature_enabled":true,"jetpack_social_post_already_shared":true,"jetpack_social_options":{"image_generator_settings":{"template":"highway","default_image_id":0,"font":"","enabled":false},"version":2}},"categories":[1],"tags":[],"class_list":["post-6012","post","type-post","status-publish","format-standard","has-post-thumbnail","hentry","category-avp"],"jetpack_publicize_connections":[],"jetpack_featured_media_url":"https:\/\/sarimelekler.biz\/wp-content\/uploads\/2018\/02\/Ads\u0131z.jpg","jetpack_sharing_enabled":true,"jetpack_shortlink":"https:\/\/wp.me\/p8npUZ-1yY","jetpack-related-posts":[{"id":5720,"url":"https:\/\/sarimelekler.biz\/?p=5720","url_meta":{"origin":6012,"position":0},"title":"Voleybolcular\u0131m\u0131zdan Imoco Volley Conegliano Ma\u00e7\u0131 \u00d6ncesi A\u00e7\u0131klamalar","author":"Edit\u00f6r","date":"24 Ocak 2018","format":false,"excerpt":"Fenerbah\u00e7e Bayan Voleybol Tak\u0131m\u0131m\u0131z, CEV Kad\u0131nlar \u015eampiyonlar Ligi B Grubu 3. hafta m\u00fcsabakas\u0131nda \u0130talyan ekibi Imoco Volley Conegliano ile kar\u015f\u0131la\u015f\u0131yor. Yar\u0131n Burhan Felek Spor Salonu\u2019nda oynanacak ma\u00e7la ilgili kul\u00fcb\u00fcm\u00fcz Fenerbah\u00e7e Spor Kul\u00fcb\u00fc Resmi Sitesine a\u00e7\u0131klamalarda bulunan oyuncular\u0131m\u0131z Polen Uslupehlivan ile Polina Rahimova, galibiyet i\u00e7in ellerinden geleni yapacaklar\u0131n\u0131 belirterek, destek i\u00e7in\u2026","rel":"","context":"&quot;Avrupa Kupalar\u0131&quot; i\u00e7inde","block_context":{"text":"Avrupa Kupalar\u0131","link":"https:\/\/sarimelekler.biz\/?cat=1"},"img":{"alt_text":"","src":"https:\/\/i0.wp.com\/sarimelekler.biz\/wp-content\/uploads\/2018\/01\/Ads%C4%B1z2.jpg?resize=350%2C200&ssl=1","width":350,"height":200,"srcset":"https:\/\/i0.wp.com\/sarimelekler.biz\/wp-content\/uploads\/2018\/01\/Ads%C4%B1z2.jpg?resize=350%2C200&ssl=1 1x, https:\/\/i0.wp.com\/sarimelekler.biz\/wp-content\/uploads\/2018\/01\/Ads%C4%B1z2.jpg?resize=525%2C300&ssl=1 1.5x, https:\/\/i0.wp.com\/sarimelekler.biz\/wp-content\/uploads\/2018\/01\/Ads%C4%B1z2.jpg?resize=700%2C400&ssl=1 2x, https:\/\/i0.wp.com\/sarimelekler.biz\/wp-content\/uploads\/2018\/01\/Ads%C4%B1z2.jpg?resize=1050%2C600&ssl=1 3x, https:\/\/i0.wp.com\/sarimelekler.biz\/wp-content\/uploads\/2018\/01\/Ads%C4%B1z2.jpg?resize=1400%2C800&ssl=1 4x"},"classes":[]},{"id":12467,"url":"https:\/\/sarimelekler.biz\/?p=12467","url_meta":{"origin":6012,"position":1},"title":"Aylin Sar\u0131o\u011flu ve Kelsey Robinson,  Budowlani Lodz Ma\u00e7\u0131 \u00d6ncesi A\u00e7\u0131klamalarda Bulundular","author":"Edit\u00f6r","date":"28 Kas\u0131m 2019","format":false,"excerpt":"Kad\u0131n Voleybol Tak\u0131m\u0131m\u0131z Fenerbah\u00e7e Opet, CEV \u015eampiyonlar Ligi A Grubu ikinci ma\u00e7\u0131nda 28.11.2019 Per\u015fembe g\u00fcn\u00fc saat: 19.00\u2019da Budowlani Lodz ile kar\u015f\u0131la\u015facak. Oyuncular\u0131m\u0131z Aylin Sar\u0131o\u011flu ve Kelsey Robinson bu ma\u00e7 \u00f6ncesinde kul\u00fcb\u00fcm\u00fcz\u00fcn resmi internet sitesine a\u00e7\u0131klamalarda bulundu. Tak\u0131m olarak kazanmaya odakland\u0131klar\u0131n\u0131 vurgulayan Aylin Sar\u0131o\u011flu, \u201c\u015eampiyonlar Ligi\u2019nde ikinci ma\u00e7\u0131m\u0131za \u00e7\u0131k\u0131yoruz, ayn\u0131 zamanda\u2026","rel":"","context":"&quot;Avrupa Kupalar\u0131&quot; i\u00e7inde","block_context":{"text":"Avrupa Kupalar\u0131","link":"https:\/\/sarimelekler.biz\/?cat=1"},"img":{"alt_text":"","src":"https:\/\/i0.wp.com\/sarimelekler.biz\/wp-content\/uploads\/2019\/11\/02-19-20-CL-Aylin-Kelsey-A%C3%A7%C4%B1klama-2.jpg?resize=350%2C200&ssl=1","width":350,"height":200,"srcset":"https:\/\/i0.wp.com\/sarimelekler.biz\/wp-content\/uploads\/2019\/11\/02-19-20-CL-Aylin-Kelsey-A%C3%A7%C4%B1klama-2.jpg?resize=350%2C200&ssl=1 1x, https:\/\/i0.wp.com\/sarimelekler.biz\/wp-content\/uploads\/2019\/11\/02-19-20-CL-Aylin-Kelsey-A%C3%A7%C4%B1klama-2.jpg?resize=525%2C300&ssl=1 1.5x, https:\/\/i0.wp.com\/sarimelekler.biz\/wp-content\/uploads\/2019\/11\/02-19-20-CL-Aylin-Kelsey-A%C3%A7%C4%B1klama-2.jpg?resize=700%2C400&ssl=1 2x, https:\/\/i0.wp.com\/sarimelekler.biz\/wp-content\/uploads\/2019\/11\/02-19-20-CL-Aylin-Kelsey-A%C3%A7%C4%B1klama-2.jpg?resize=1050%2C600&ssl=1 3x, https:\/\/i0.wp.com\/sarimelekler.biz\/wp-content\/uploads\/2019\/11\/02-19-20-CL-Aylin-Kelsey-A%C3%A7%C4%B1klama-2.jpg?resize=1400%2C800&ssl=1 4x"},"classes":[]},{"id":9758,"url":"https:\/\/sarimelekler.biz\/?p=9758","url_meta":{"origin":6012,"position":2},"title":"\u015eampiyonlar Liginde 3&#8217;te 3 Fenerbah\u00e7e Opet:3-CSM Bucuresti:0","author":"Edit\u00f6r","date":"23 Ocak 2019","format":false,"excerpt":"Fenerbah\u00e7e Opet Bayan Voleybol Tak\u0131m\u0131m\u0131z Cev \u015eampiyonlar Ligi E grubu \u00fc\u00e7\u00fcnc\u00fc ma\u00e7\u0131nda kar\u015f\u0131la\u015ft\u0131\u011f\u0131 Romanya temsilcisi C.S.M. Bucuresti tak\u0131m\u0131n\u0131 25 \u2013 18, 25 \u2013 19 ve 25 \u2013 22\u2019lik set skorlar\u0131yla 3-0 ma\u011flup ederek \u015eampiyonlar Liginde puan\u0131n\u0131 9\u2019a \u00e7\u0131kard\u0131 ve nama\u011flup liderli\u011fini devam ettirdi. Ma\u00e7a Eda, Ana Antonijevic, Fatma, Bahar, Bricio,\u2026","rel":"","context":"&quot;Avrupa Kupalar\u0131&quot; i\u00e7inde","block_context":{"text":"Avrupa Kupalar\u0131","link":"https:\/\/sarimelekler.biz\/?cat=1"},"img":{"alt_text":"","src":"https:\/\/i0.wp.com\/sarimelekler.biz\/wp-content\/uploads\/2019\/01\/3-18-19-CL-33.jpg?resize=350%2C200&ssl=1","width":350,"height":200,"srcset":"https:\/\/i0.wp.com\/sarimelekler.biz\/wp-content\/uploads\/2019\/01\/3-18-19-CL-33.jpg?resize=350%2C200&ssl=1 1x, https:\/\/i0.wp.com\/sarimelekler.biz\/wp-content\/uploads\/2019\/01\/3-18-19-CL-33.jpg?resize=525%2C300&ssl=1 1.5x, https:\/\/i0.wp.com\/sarimelekler.biz\/wp-content\/uploads\/2019\/01\/3-18-19-CL-33.jpg?resize=700%2C400&ssl=1 2x, https:\/\/i0.wp.com\/sarimelekler.biz\/wp-content\/uploads\/2019\/01\/3-18-19-CL-33.jpg?resize=1050%2C600&ssl=1 3x, https:\/\/i0.wp.com\/sarimelekler.biz\/wp-content\/uploads\/2019\/01\/3-18-19-CL-33.jpg?resize=1400%2C800&ssl=1 4x"},"classes":[]},{"id":10057,"url":"https:\/\/sarimelekler.biz\/?p=10057","url_meta":{"origin":6012,"position":3},"title":"Polen \u00dcnver ve Dobriana Rabadzhieva\u2019dan Dinamo Moskova ma\u00e7\u0131 \u00f6ncesi a\u00e7\u0131klamalarda Bulundular","author":"Edit\u00f6r","date":"19 \u015eubat 2019","format":false,"excerpt":"Fenerbah\u00e7e Opet Kad\u0131n Voleybol Tak\u0131m\u0131m\u0131z, CEV Kad\u0131nlar \u015eampiyonlar Ligi E Grubu 5. haftas\u0131nda Dinamo Moskova ile yar\u0131n oynayaca\u011f\u0131 ma\u00e7 \u00f6ncesi Polen \u00dcnver ile Dobriana Rabadzhieva, kul\u00fcb\u00fcm\u00fcz\u00fcn resmi sitesine a\u00e7\u0131klamalarda bulundu. Ma\u00e7\u0131n zorlu\u011funa dikkat \u00e7eken ikili, Avrupa'n\u0131n g\u00fc\u00e7l\u00fc ekiplerinden biri olan Dinamo Moskova kar\u015f\u0131s\u0131nda taraftar deste\u011finin \u00f6nemini vurgulad\u0131. Polen, \u201c\u00d6nemli bir\u2026","rel":"","context":"&quot;Avrupa Kupalar\u0131&quot; i\u00e7inde","block_context":{"text":"Avrupa Kupalar\u0131","link":"https:\/\/sarimelekler.biz\/?cat=1"},"img":{"alt_text":"","src":"https:\/\/i0.wp.com\/sarimelekler.biz\/wp-content\/uploads\/2019\/02\/CL-5-Kapak.jpg?resize=350%2C200&ssl=1","width":350,"height":200,"srcset":"https:\/\/i0.wp.com\/sarimelekler.biz\/wp-content\/uploads\/2019\/02\/CL-5-Kapak.jpg?resize=350%2C200&ssl=1 1x, https:\/\/i0.wp.com\/sarimelekler.biz\/wp-content\/uploads\/2019\/02\/CL-5-Kapak.jpg?resize=525%2C300&ssl=1 1.5x, https:\/\/i0.wp.com\/sarimelekler.biz\/wp-content\/uploads\/2019\/02\/CL-5-Kapak.jpg?resize=700%2C400&ssl=1 2x, https:\/\/i0.wp.com\/sarimelekler.biz\/wp-content\/uploads\/2019\/02\/CL-5-Kapak.jpg?resize=1050%2C600&ssl=1 3x, https:\/\/i0.wp.com\/sarimelekler.biz\/wp-content\/uploads\/2019\/02\/CL-5-Kapak.jpg?resize=1400%2C800&ssl=1 4x"},"classes":[]},{"id":5179,"url":"https:\/\/sarimelekler.biz\/?p=5179","url_meta":{"origin":6012,"position":4},"title":"\u015eampiyonlar Ligine Galibiyetle Ba\u015fl\u0131yoruz","author":"Edit\u00f6r","date":"12 Aral\u0131k 2017","format":false,"excerpt":"Agel Prostejov:1 - Fenerbah\u00e7e:3 Fenerbah\u00e7e Bayan Voleybol Tak\u0131m\u0131m\u0131z, 2018 CEV \u015eampiyonlar Ligi B Grubu\u2019ndaki ilk ma\u00e7\u0131nda \u00c7ekya tak\u0131m\u0131 Agel Prostejov\u2019\u0131 deplasmanda 25 \u2013 20, 14 \u2013 25, 18 \u2013 25, 21 \u2013 25\u2019lik set skorlar\u0131yla 3-1 yenerek turnuvaya 3 puanla ba\u015flad\u0131. Ma\u00e7a Eda, Bahar, Rahimova, Natalia, Nootsara, Mia ve Merve\u2026","rel":"","context":"&quot;Avrupa Kupalar\u0131&quot; i\u00e7inde","block_context":{"text":"Avrupa Kupalar\u0131","link":"https:\/\/sarimelekler.biz\/?cat=1"},"img":{"alt_text":"","src":"https:\/\/i0.wp.com\/sarimelekler.biz\/wp-content\/uploads\/2017\/12\/180721_IMG_0691.jpg?resize=350%2C200&ssl=1","width":350,"height":200,"srcset":"https:\/\/i0.wp.com\/sarimelekler.biz\/wp-content\/uploads\/2017\/12\/180721_IMG_0691.jpg?resize=350%2C200&ssl=1 1x, https:\/\/i0.wp.com\/sarimelekler.biz\/wp-content\/uploads\/2017\/12\/180721_IMG_0691.jpg?resize=525%2C300&ssl=1 1.5x, https:\/\/i0.wp.com\/sarimelekler.biz\/wp-content\/uploads\/2017\/12\/180721_IMG_0691.jpg?resize=700%2C400&ssl=1 2x, https:\/\/i0.wp.com\/sarimelekler.biz\/wp-content\/uploads\/2017\/12\/180721_IMG_0691.jpg?resize=1050%2C600&ssl=1 3x, https:\/\/i0.wp.com\/sarimelekler.biz\/wp-content\/uploads\/2017\/12\/180721_IMG_0691.jpg?resize=1400%2C800&ssl=1 4x"},"classes":[]},{"id":10896,"url":"https:\/\/sarimelekler.biz\/?p=10896","url_meta":{"origin":6012,"position":5},"title":"#Sar\u0131Melekler \u015eampiyonlar Ligine Yar\u0131 Finalde Veda Etti.  Fenerbah\u00e7e Opet:0 &#8211; Imoco Voley Conegliano: 3","author":"Edit\u00f6r","date":"9 Nisan 2019","format":false,"excerpt":"Fenerbah\u00e7e Opet Kad\u0131n Voleybol Tak\u0131m\u0131m\u0131z Cev \u015eampiyonlar Ligi Yar\u0131 Final ikinci ma\u00e7\u0131nda kar\u015f\u0131la\u015ft\u0131\u011f\u0131 \u0130talyan temsilcisi Imoco Volley Conegliano tak\u0131m\u0131na 18 \u2013 25, 22 \u2013 25 ve 26 \u2013 28\u2019lik set skorlar\u0131yla 3-0 ma\u011flup oldu. \u0130lk ma\u00e7\u0131 da 3-0 kaybeden tak\u0131m\u0131m\u0131z bu sonu\u00e7la \u015eampiyonlar Ligine veda etti. Ma\u00e7a Eda, Ana Antonijevic,\u2026","rel":"","context":"&quot;Avrupa Kupalar\u0131&quot; i\u00e7inde","block_context":{"text":"Avrupa Kupalar\u0131","link":"https:\/\/sarimelekler.biz\/?cat=1"},"img":{"alt_text":"","src":"https:\/\/i0.wp.com\/sarimelekler.biz\/wp-content\/uploads\/2019\/04\/10-18-19-CL-17.jpg?resize=350%2C200&ssl=1","width":350,"height":200,"srcset":"https:\/\/i0.wp.com\/sarimelekler.biz\/wp-content\/uploads\/2019\/04\/10-18-19-CL-17.jpg?resize=350%2C200&ssl=1 1x, https:\/\/i0.wp.com\/sarimelekler.biz\/wp-content\/uploads\/2019\/04\/10-18-19-CL-17.jpg?resize=525%2C300&ssl=1 1.5x, https:\/\/i0.wp.com\/sarimelekler.biz\/wp-content\/uploads\/2019\/04\/10-18-19-CL-17.jpg?resize=700%2C400&ssl=1 2x, https:\/\/i0.wp.com\/sarimelekler.biz\/wp-content\/uploads\/2019\/04\/10-18-19-CL-17.jpg?resize=1050%2C600&ssl=1 3x, https:\/\/i0.wp.com\/sarimelekler.biz\/wp-content\/uploads\/2019\/04\/10-18-19-CL-17.jpg?resize=1400%2C800&ssl=1 4x"},"classes":[]}],"_links":{"self":[{"href":"https:\/\/sarimelekler.biz\/index.php?rest_route=\/wp\/v2\/posts\/6012","targetHints":{"allow":["GET"]}}],"collection":[{"href":"https:\/\/sarimelekler.biz\/index.php?rest_route=\/wp\/v2\/posts"}],"about":[{"href":"https:\/\/sarimelekler.biz\/index.php?rest_route=\/wp\/v2\/types\/post"}],"author":[{"embeddable":true,"href":"https:\/\/sarimelekler.biz\/index.php?rest_route=\/wp\/v2\/users\/1"}],"replies":[{"embeddable":true,"href":"https:\/\/sarimelekler.biz\/index.php?rest_route=%2Fwp%2Fv2%2Fcomments&post=6012"}],"version-history":[{"count":1,"href":"https:\/\/sarimelekler.biz\/index.php?rest_route=\/wp\/v2\/posts\/6012\/revisions"}],"predecessor-version":[{"id":6016,"href":"https:\/\/sarimelekler.biz\/index.php?rest_route=\/wp\/v2\/posts\/6012\/revisions\/6016"}],"wp:featuredmedia":[{"embeddable":true,"href":"https:\/\/sarimelekler.biz\/index.php?rest_route=\/wp\/v2\/media\/6015"}],"wp:attachment":[{"href":"https:\/\/sarimelekler.biz\/index.php?rest_route=%2Fwp%2Fv2%2Fmedia&parent=6012"}],"wp:term":[{"taxonomy":"category","embeddable":true,"href":"https:\/\/sarimelekler.biz\/index.php?rest_route=%2Fwp%2Fv2%2Fcategories&post=6012"},{"taxonomy":"post_tag","embeddable":true,"href":"https:\/\/sarimelekler.biz\/index.php?rest_route=%2Fwp%2Fv2%2Ftags&post=6012"}],"curies":[{"name":"wp","href":"https:\/\/api.w.org\/{rel}","templated":true}]}}