{"id":6078,"date":"2018-03-07T15:14:45","date_gmt":"2018-03-07T13:14:45","guid":{"rendered":"http:\/\/sarimelekler.biz\/?p=6078"},"modified":"2018-03-07T15:14:45","modified_gmt":"2018-03-07T13:14:45","slug":"kulubumuzden-8-mart-dunya-kadinlar-gunune-ozel-uygulama","status":"publish","type":"post","link":"https:\/\/sarimelekler.biz\/?p=6078","title":{"rendered":"Kul\u00fcb\u00fcm\u00fczden 8 Mart D\u00fcnya Kad\u0131nlar G\u00fcn\u00fcne \u00d6zel Uygulama"},"content":{"rendered":"<p style=\"text-align: justify;\">Kul\u00fcb\u00fcm\u00fcz\u00fcn resmi internet sitesinden yap\u0131lan a\u00e7\u0131klamada 8 Mart D\u00fcnya Kad\u0131nlar g\u00fcn\u00fcnde oynanacak voleybol ma\u00e7lar\u0131na kad\u0131n taraftarlar\u0131m\u0131z\u0131n \u00fccretsiz girebilece\u011fi a\u00e7\u0131kland\u0131.<\/p>\n<p style=\"text-align: justify;\"><a href=\"http:\/\/fenerbahce.org\/detay.asp?ContentID=59477\" target=\"_blank\" rel=\"noopener\">Kul\u00fcb\u00fcm\u00fczden Yap\u0131lan A\u00e7\u0131klama:<\/a><\/p>\n<p style=\"text-align: justify;\">8 Mart D\u00fcnya Kad\u0131nlar G\u00fcn\u00fc\u2019nde Metro Enerji Salonu\u2019nda Sultanlar Ligi \u00c7eyrek Final 2. ma\u00e7\u0131na \u00e7\u0131kacak olan Kad\u0131n Voleybol tak\u0131m\u0131m\u0131z\u0131n Bursa B\u015eB ile 16:00\u2019da oynayaca\u011f\u0131 m\u00fccadele ve Efeler Ligi\u2019nde \u00e7eyrek final 2. ma\u00e7\u0131nda Galatasaray HDI Sigorta ile 19:00\u2019da m\u00fccadele edecek olan Erkek Voleybol tak\u0131m\u0131m\u0131z\u0131n ma\u00e7lar\u0131 b\u00fct\u00fcn kad\u0131n taraftarlar\u0131m\u0131za \u00fccretsiz olacakt\u0131r.<\/p>\n<p style=\"text-align: justify;\">Tak\u0131m\u0131m\u0131z\u0131 hi\u00e7bir kulvarda yaln\u0131z b\u0131rakmayan, sar\u0131 laciverte g\u00f6n\u00fcl vermi\u015f b\u00fcy\u00fck Fenerbah\u00e7e taraftar\u0131n\u0131 bu \u00f6zel g\u00fcnde tak\u0131mlar\u0131m\u0131z\u0131 desteklemek \u00fczere Metro Enerji Salonuna bekliyoruz.<\/p>\n","protected":false},"excerpt":{"rendered":"<p>Kul\u00fcb\u00fcm\u00fcz\u00fcn resmi internet sitesinden yap\u0131lan a\u00e7\u0131klamada 8 Mart D\u00fcnya Kad\u0131nlar \u2026 <a class=\"continue-reading-link\" href=\"https:\/\/sarimelekler.biz\/?p=6078\">Okumaya Devam Et.. <span class=\"meta-nav\">&rarr; <\/span><\/a><\/p>\n","protected":false},"author":1,"featured_media":6079,"comment_status":"closed","ping_status":"open","sticky":false,"template":"","format":"standard","meta":{"jetpack_post_was_ever_published":false,"_jetpack_newsletter_access":"","_jetpack_dont_email_post_to_subs":false,"_jetpack_newsletter_tier_id":0,"_jetpack_memberships_contains_paywalled_content":false,"_jetpack_memberships_contains_paid_content":false,"footnotes":"","jetpack_publicize_message":"","jetpack_publicize_feature_enabled":true,"jetpack_social_post_already_shared":true,"jetpack_social_options":{"image_generator_settings":{"template":"highway","default_image_id":0,"font":"","enabled":false},"version":2}},"categories":[8],"tags":[],"class_list":["post-6078","post","type-post","status-publish","format-standard","has-post-thumbnail","hentry","category-duyurular"],"jetpack_publicize_connections":[],"jetpack_featured_media_url":"https:\/\/sarimelekler.biz\/wp-content\/uploads\/2018\/03\/Ads\u0131z.jpg","jetpack_sharing_enabled":true,"jetpack_shortlink":"https:\/\/wp.me\/p8npUZ-1A2","jetpack-related-posts":[{"id":15389,"url":"https:\/\/sarimelekler.biz\/?p=15389","url_meta":{"origin":6078,"position":0},"title":"\u015eampiyonlar Ligi \u00c7eyrek Final R\u00f6van\u015f Ma\u00e7\u0131 \u00d6ncesi Tak\u0131m\u0131m\u0131zda 1 Sporcuda Covid19 Tespit Edildi.","author":"Edit\u00f6r","date":"2 Mart 2021","format":false,"excerpt":"Kul\u00fcb\u00fcm\u00fcz bug\u00fcn yay\u0131nlad\u0131\u011f\u0131 bilgilendirmede 1 sporcumuzun Covid19 pozitif, 1 sporcumuzun da \u015f\u00fcpheli temas\u0131 oldu\u011funu a\u00e7\u0131klad\u0131. Oyuncular\u0131m\u0131z\u0131n isimleri a\u00e7\u0131klanmazken CEV Kad\u0131nlar \u015eampiyonlar Ligi \u00c7eyrek Finali\u2019nde Igor Gorgonzola Novara ile yapaca\u011f\u0131 r\u00f6van\u015f ma\u00e7\u0131 yolculu\u011fu foto\u011fraf\u0131nda kaptan\u0131m\u0131z Eda Erdem D\u00fcndar ve gen\u00e7 oyuncumuz Beliz Ba\u015fk\u0131r\u2019\u0131n olmamas\u0131 dikkati \u00e7ekti. Oyuncular\u0131m\u0131za ge\u00e7mi\u015f olsun dileklerimizi iletiyoruz.\u2026","rel":"","context":"&quot;Haberler&quot; i\u00e7inde","block_context":{"text":"Haberler","link":"https:\/\/sarimelekler.biz\/?cat=7"},"img":{"alt_text":"","src":"https:\/\/i0.wp.com\/sarimelekler.biz\/wp-content\/uploads\/2020\/03\/Cev-top2.jpeg?resize=350%2C200&ssl=1","width":350,"height":200,"srcset":"https:\/\/i0.wp.com\/sarimelekler.biz\/wp-content\/uploads\/2020\/03\/Cev-top2.jpeg?resize=350%2C200&ssl=1 1x, https:\/\/i0.wp.com\/sarimelekler.biz\/wp-content\/uploads\/2020\/03\/Cev-top2.jpeg?resize=525%2C300&ssl=1 1.5x, https:\/\/i0.wp.com\/sarimelekler.biz\/wp-content\/uploads\/2020\/03\/Cev-top2.jpeg?resize=700%2C400&ssl=1 2x, https:\/\/i0.wp.com\/sarimelekler.biz\/wp-content\/uploads\/2020\/03\/Cev-top2.jpeg?resize=1050%2C600&ssl=1 3x"},"classes":[]},{"id":13232,"url":"https:\/\/sarimelekler.biz\/?p=13232","url_meta":{"origin":6078,"position":1},"title":"Sar\u0131 Meleklerin Ertelenen \u015eampiyonlar Ligi Ma\u00e7lar\u0131 Slovenya&#8217;da Oynanacak.","author":"Edit\u00f6r","date":"7 Mart 2020","format":false,"excerpt":"D\u00fcnya genelini saran ve \u0130talya\u2019da da g\u00f6r\u00fclmeye ba\u015flayan Koronavir\u00fcs salg\u0131n\u0131 nedeniyle kul\u00fcb\u00fcm\u00fcz ve yine \u0130talyan temsilcisi Savino Del Bene Scandicci ile e\u015fle\u015fen Eczac\u0131ba\u015f\u0131 Vitra kul\u00fcb\u00fc ma\u00e7lar\u0131n ertelenmesi i\u00e7in CEV\u2019e ba\u015fvurmu\u015ftu. CEV 01.03.2020 tarihinde yapt\u0131\u011f\u0131 a\u00e7\u0131klamada bu ma\u00e7lar\u0131n ertelendi\u011fini bildirmi\u015fti. Kul\u00fcb\u00fcm\u00fcz\u00fcn resmi internet sitesinden yap\u0131lan a\u00e7\u0131klamada CEV\u2019in ertelenen ma\u00e7lar\u0131 18-19 Mart\u2026","rel":"","context":"&quot;Avrupa Kupalar\u0131&quot; i\u00e7inde","block_context":{"text":"Avrupa Kupalar\u0131","link":"https:\/\/sarimelekler.biz\/?cat=1"},"img":{"alt_text":"","src":"https:\/\/i0.wp.com\/sarimelekler.biz\/wp-content\/uploads\/2019\/12\/03-19-20-CL-6.jpg?resize=350%2C200&ssl=1","width":350,"height":200,"srcset":"https:\/\/i0.wp.com\/sarimelekler.biz\/wp-content\/uploads\/2019\/12\/03-19-20-CL-6.jpg?resize=350%2C200&ssl=1 1x, https:\/\/i0.wp.com\/sarimelekler.biz\/wp-content\/uploads\/2019\/12\/03-19-20-CL-6.jpg?resize=525%2C300&ssl=1 1.5x, https:\/\/i0.wp.com\/sarimelekler.biz\/wp-content\/uploads\/2019\/12\/03-19-20-CL-6.jpg?resize=700%2C400&ssl=1 2x, https:\/\/i0.wp.com\/sarimelekler.biz\/wp-content\/uploads\/2019\/12\/03-19-20-CL-6.jpg?resize=1050%2C600&ssl=1 3x, https:\/\/i0.wp.com\/sarimelekler.biz\/wp-content\/uploads\/2019\/12\/03-19-20-CL-6.jpg?resize=1400%2C800&ssl=1 4x"},"classes":[]},{"id":15762,"url":"https:\/\/sarimelekler.biz\/?p=15762","url_meta":{"origin":6078,"position":2},"title":"Tak\u0131m\u0131m\u0131z\u0131n \u0130lk Transferi Mina Popovic Oldu","author":"Edit\u00f6r","date":"2 May\u0131s 2021","format":false,"excerpt":"Kul\u00fcb\u00fcm\u00fcz resmi sitesinden yapt\u0131\u011f\u0131 a\u00e7\u0131klamada orta oyuncu mevkiinde g\u00f6rev yapan S\u0131rbistan vatanda\u015f\u0131 Mina Popovic ile anla\u015fma sa\u011fland\u0131\u011f\u0131n\u0131 duyurdu. B\u00f6ylelikle tak\u0131m\u0131m\u0131za 2015-2016 sezonundan sonra ilk defa yabanc\u0131 orta oyuncu transfer edildi. Son yabanc\u0131 orta oyuncumuz ise Amerikal\u0131 Christa Harmotto olmu\u015ftu. Oyuncumuza Ba\u015far\u0131lar Dileriz. Kul\u00fcb\u00fcm\u00fczden Yap\u0131lan A\u00e7\u0131klama: S\u0131rbistan Kad\u0131n Voleybol Milli Tak\u0131m\u0131\u2019n\u0131n\u2026","rel":"","context":"&quot;Transfer Haberleri&quot; i\u00e7inde","block_context":{"text":"Transfer Haberleri","link":"https:\/\/sarimelekler.biz\/?cat=23"},"img":{"alt_text":"","src":"https:\/\/i0.wp.com\/sarimelekler.biz\/wp-content\/uploads\/2021\/05\/Mina-Popovic-scaled.jpg?resize=350%2C200&ssl=1","width":350,"height":200,"srcset":"https:\/\/i0.wp.com\/sarimelekler.biz\/wp-content\/uploads\/2021\/05\/Mina-Popovic-scaled.jpg?resize=350%2C200&ssl=1 1x, https:\/\/i0.wp.com\/sarimelekler.biz\/wp-content\/uploads\/2021\/05\/Mina-Popovic-scaled.jpg?resize=525%2C300&ssl=1 1.5x, https:\/\/i0.wp.com\/sarimelekler.biz\/wp-content\/uploads\/2021\/05\/Mina-Popovic-scaled.jpg?resize=700%2C400&ssl=1 2x, https:\/\/i0.wp.com\/sarimelekler.biz\/wp-content\/uploads\/2021\/05\/Mina-Popovic-scaled.jpg?resize=1050%2C600&ssl=1 3x, https:\/\/i0.wp.com\/sarimelekler.biz\/wp-content\/uploads\/2021\/05\/Mina-Popovic-scaled.jpg?resize=1400%2C800&ssl=1 4x"},"classes":[]},{"id":17327,"url":"https:\/\/sarimelekler.biz\/?p=17327","url_meta":{"origin":6078,"position":3},"title":"Sar\u0131 Meleklerin \u015eampiyonlar Ligi \u00c7eyrek Finaldeki Rakibi Rusya Temsilcisi Lokomotiv Kaliningrad Region Oldu","author":"Edit\u00f6r","date":"18 \u015eubat 2022","format":false,"excerpt":"Avrupa Voleybol Konfederasyonu (CEV)\u2019nun kul\u00fcpler d\u00fczeyindeki en prestijli organizasyonu \u015eampiyonlar Ligi\u2019nde m\u00fccadele eden Fenerbah\u00e7e Opet Kad\u0131n Voleybol Tak\u0131m\u0131m\u0131z\u0131n CEV Kad\u0131nlar \u015eampiyonlar Ligi \u00e7eyrek finaldeki rakibi belli oldu. L\u00fcksemburg\u2019ta bulunan CEV Genel Merkezi\u2019nde d\u00fczenlenen kura \u00e7ekimi sonunda rakibimiz A grubunu 4 galibiyet, 2 ma\u011flubiyetle ikinci s\u0131rada tamamlayan Rusya temsilcisi Lokomotiv Kaliningrad\u2026","rel":"","context":"&quot;Avrupa Kupalar\u0131&quot; i\u00e7inde","block_context":{"text":"Avrupa Kupalar\u0131","link":"https:\/\/sarimelekler.biz\/?cat=1"},"img":{"alt_text":"","src":"https:\/\/i0.wp.com\/sarimelekler.biz\/wp-content\/uploads\/2022\/02\/cev-2022-logo.jpg?resize=350%2C200&ssl=1","width":350,"height":200,"srcset":"https:\/\/i0.wp.com\/sarimelekler.biz\/wp-content\/uploads\/2022\/02\/cev-2022-logo.jpg?resize=350%2C200&ssl=1 1x, https:\/\/i0.wp.com\/sarimelekler.biz\/wp-content\/uploads\/2022\/02\/cev-2022-logo.jpg?resize=525%2C300&ssl=1 1.5x, https:\/\/i0.wp.com\/sarimelekler.biz\/wp-content\/uploads\/2022\/02\/cev-2022-logo.jpg?resize=700%2C400&ssl=1 2x, https:\/\/i0.wp.com\/sarimelekler.biz\/wp-content\/uploads\/2022\/02\/cev-2022-logo.jpg?resize=1050%2C600&ssl=1 3x"},"classes":[]},{"id":13181,"url":"https:\/\/sarimelekler.biz\/?p=13181","url_meta":{"origin":6078,"position":4},"title":"Sar\u0131 Meleklerin \u015eampiyonlar Ligi Ma\u00e7\u0131 Koranavir\u00fcs Salg\u0131n\u0131 Nedeniyle \u0130leri Bir Tarihe Ertelendi.","author":"Edit\u00f6r","date":"1 Mart 2020","format":false,"excerpt":"Fenerbah\u00e7e Opet Kad\u0131n Voleybol Tak\u0131m\u0131m\u0131z Cev \u015eampiyonlar Ligi A grubunda oynad\u0131\u011f\u0131 6 ma\u00e7ta ald\u0131\u011f\u0131 4 galibiyetle grubunu 2. s\u0131rada tamamlay\u0131p \u00e7eyrek finale y\u00fckselmi\u015fti. Yakla\u015f\u0131k 10 g\u00fcnce yap\u0131lan kura \u00e7ekiminde ise Fenerbah\u00e7e Opet Kad\u0131n Voleybol Tak\u0131m\u0131m\u0131z\u0131n, CEV \u015eampiyonlar Ligi \u00e7eyrek finalindeki rakibi \u0130talyan ekibi Igor Gorgonzola Novara olmu\u015ftu. Kura \u00e7ekiminde \u00e7eyrek\u2026","rel":"","context":"&quot;Avrupa Kupalar\u0131&quot; i\u00e7inde","block_context":{"text":"Avrupa Kupalar\u0131","link":"https:\/\/sarimelekler.biz\/?cat=1"},"img":{"alt_text":"","src":"https:\/\/i0.wp.com\/sarimelekler.biz\/wp-content\/uploads\/2017\/11\/cev538_58025_6676227.jpg?resize=350%2C200&ssl=1","width":350,"height":200,"srcset":"https:\/\/i0.wp.com\/sarimelekler.biz\/wp-content\/uploads\/2017\/11\/cev538_58025_6676227.jpg?resize=350%2C200&ssl=1 1x, https:\/\/i0.wp.com\/sarimelekler.biz\/wp-content\/uploads\/2017\/11\/cev538_58025_6676227.jpg?resize=525%2C300&ssl=1 1.5x"},"classes":[]},{"id":14008,"url":"https:\/\/sarimelekler.biz\/?p=14008","url_meta":{"origin":6078,"position":5},"title":"Terrazzo, Fenerbah\u00e7e 1.Lig Kad\u0131n Voleybol Tak\u0131m\u0131m\u0131z\u0131n Forma G\u00f6\u011f\u00fcs Sponsoru Oldu.","author":"Edit\u00f6r","date":"9 Ekim 2020","format":false,"excerpt":"Fenerbah\u00e7e Spor Kul\u00fcb\u00fcm\u00fcz\u00fcn Resmi \u0130nternet Sitesinden Yap\u0131lan A\u00e7\u0131klamada \u0130talyan Restorant\u0131 \u201cTerrazzo\u201dnun, 2020-2021 Voleybol sezonunda, Fenerbah\u00e7e 1. Lig Kad\u0131n Voleybol Tak\u0131m\u0131m\u0131z\u0131n forma g\u00f6\u011f\u00fcs sponsoru oldu\u011fu a\u00e7\u0131kland\u0131. Yap\u0131lan A\u00e7\u0131klama: 26 y\u0131ll\u0131k ge\u00e7mi\u015fi ve deneyimli ekibiyle yiyecek\/i\u00e7ecek sekt\u00f6r\u00fcnde uzun y\u0131llard\u0131r hizmet veren \u0130talyan Restorant\u0131 \u201cTerrazzo\u201d, 2020-2021 Voleybol sezonunda, Fenerbah\u00e7e 1. Lig Kad\u0131n Voleybol\u2026","rel":"","context":"&quot;1. Lig Tak\u0131m\u0131&quot; i\u00e7inde","block_context":{"text":"1. Lig Tak\u0131m\u0131","link":"https:\/\/sarimelekler.biz\/?cat=25"},"img":{"alt_text":"","src":"https:\/\/i0.wp.com\/sarimelekler.biz\/wp-content\/uploads\/2020\/10\/Sponsor-Terrrazo.jpeg?resize=350%2C200&ssl=1","width":350,"height":200,"srcset":"https:\/\/i0.wp.com\/sarimelekler.biz\/wp-content\/uploads\/2020\/10\/Sponsor-Terrrazo.jpeg?resize=350%2C200&ssl=1 1x, https:\/\/i0.wp.com\/sarimelekler.biz\/wp-content\/uploads\/2020\/10\/Sponsor-Terrrazo.jpeg?resize=525%2C300&ssl=1 1.5x, https:\/\/i0.wp.com\/sarimelekler.biz\/wp-content\/uploads\/2020\/10\/Sponsor-Terrrazo.jpeg?resize=700%2C400&ssl=1 2x, https:\/\/i0.wp.com\/sarimelekler.biz\/wp-content\/uploads\/2020\/10\/Sponsor-Terrrazo.jpeg?resize=1050%2C600&ssl=1 3x"},"classes":[]}],"_links":{"self":[{"href":"https:\/\/sarimelekler.biz\/index.php?rest_route=\/wp\/v2\/posts\/6078","targetHints":{"allow":["GET"]}}],"collection":[{"href":"https:\/\/sarimelekler.biz\/index.php?rest_route=\/wp\/v2\/posts"}],"about":[{"href":"https:\/\/sarimelekler.biz\/index.php?rest_route=\/wp\/v2\/types\/post"}],"author":[{"embeddable":true,"href":"https:\/\/sarimelekler.biz\/index.php?rest_route=\/wp\/v2\/users\/1"}],"replies":[{"embeddable":true,"href":"https:\/\/sarimelekler.biz\/index.php?rest_route=%2Fwp%2Fv2%2Fcomments&post=6078"}],"version-history":[{"count":1,"href":"https:\/\/sarimelekler.biz\/index.php?rest_route=\/wp\/v2\/posts\/6078\/revisions"}],"predecessor-version":[{"id":6080,"href":"https:\/\/sarimelekler.biz\/index.php?rest_route=\/wp\/v2\/posts\/6078\/revisions\/6080"}],"wp:featuredmedia":[{"embeddable":true,"href":"https:\/\/sarimelekler.biz\/index.php?rest_route=\/wp\/v2\/media\/6079"}],"wp:attachment":[{"href":"https:\/\/sarimelekler.biz\/index.php?rest_route=%2Fwp%2Fv2%2Fmedia&parent=6078"}],"wp:term":[{"taxonomy":"category","embeddable":true,"href":"https:\/\/sarimelekler.biz\/index.php?rest_route=%2Fwp%2Fv2%2Fcategories&post=6078"},{"taxonomy":"post_tag","embeddable":true,"href":"https:\/\/sarimelekler.biz\/index.php?rest_route=%2Fwp%2Fv2%2Ftags&post=6078"}],"curies":[{"name":"wp","href":"https:\/\/api.w.org\/{rel}","templated":true}]}}