{"id":6365,"date":"2018-05-03T20:29:59","date_gmt":"2018-05-03T17:29:59","guid":{"rendered":"http:\/\/sarimelekler.biz\/?p=6365"},"modified":"2018-05-03T20:31:25","modified_gmt":"2018-05-03T17:31:25","slug":"tesekkurlerimizle","status":"publish","type":"post","link":"https:\/\/sarimelekler.biz\/?p=6365","title":{"rendered":"TE\u015eEKK\u00dcRLER\u0130M\u0130ZLE"},"content":{"rendered":"<p style=\"text-align: justify;\">Bug\u00fcn Kul\u00fcb\u00fcm\u00fcz\u00fcn <a href=\"http:\/\/fenerbahce.org\/detay.asp?ContentID=60210\" target=\"_blank\" rel=\"noopener\">Resmi<\/a> <a href=\"http:\/\/fenerbahce.org\/detay.asp?ContentID=60211\" target=\"_blank\" rel=\"noopener\">\u0130nternet<\/a> sitesinden yap\u0131lan a\u00e7\u0131klamada 2 sezondur tak\u0131m\u0131m\u0131zda bulunan Natalia Zilio ve Nootsara Tomkom ile 1 sezondur kadromuzda bulunan Polina Rahimova, Mia Jerkov ve \u00c7a\u011fla Ak\u0131n\u2019\u0131n s\u00f6zle\u015fmelerinin bitti\u011fi ve kul\u00fcb\u00fcm\u00fczden ayr\u0131ld\u0131klar\u0131 a\u00e7\u0131kland\u0131. Oyuncular\u0131m\u0131z\u0131n tak\u0131m\u0131m\u0131za yapm\u0131\u015f olduklar\u0131 katk\u0131lardan dolay\u0131 te\u015fekk\u00fcr eder, bundan sonraki kariyerlerinde ba\u015far\u0131lar dileriz.<\/p>\n\n\t\t<style type=\"text\/css\">\n\t\t\t#gallery-1 {\n\t\t\t\tmargin: auto;\n\t\t\t}\n\t\t\t#gallery-1 .gallery-item {\n\t\t\t\tfloat: left;\n\t\t\t\tmargin-top: 10px;\n\t\t\t\ttext-align: center;\n\t\t\t\twidth: 33%;\n\t\t\t}\n\t\t\t#gallery-1 img {\n\t\t\t\tborder: 2px solid #cfcfcf;\n\t\t\t}\n\t\t\t#gallery-1 .gallery-caption {\n\t\t\t\tmargin-left: 0;\n\t\t\t}\n\t\t\t\/* see gallery_shortcode() in wp-includes\/media.php *\/\n\t\t<\/style>\n\t\t<div data-carousel-extra='{&quot;blog_id&quot;:1,&quot;permalink&quot;:&quot;https:\/\/sarimelekler.biz\/?p=6365&quot;}' id='gallery-1' class='gallery galleryid-6365 gallery-columns-3 gallery-size-thumbnail'><dl class='gallery-item'>\n\t\t\t<dt class='gallery-icon landscape'>\n\t\t\t\t<a href='https:\/\/sarimelekler.biz\/?attachment_id=6366'><img loading=\"lazy\" decoding=\"async\" width=\"150\" height=\"150\" src=\"https:\/\/sarimelekler.biz\/wp-content\/uploads\/2018\/05\/1-150x150.jpg\" class=\"attachment-thumbnail size-thumbnail\" alt=\"\" data-attachment-id=\"6366\" data-permalink=\"https:\/\/sarimelekler.biz\/?attachment_id=6366\" data-orig-file=\"https:\/\/sarimelekler.biz\/wp-content\/uploads\/2018\/05\/1.jpg\" data-orig-size=\"655,536\" data-comments-opened=\"0\" data-image-meta=\"{&quot;aperture&quot;:&quot;0&quot;,&quot;credit&quot;:&quot;&quot;,&quot;camera&quot;:&quot;&quot;,&quot;caption&quot;:&quot;&quot;,&quot;created_timestamp&quot;:&quot;0&quot;,&quot;copyright&quot;:&quot;&quot;,&quot;focal_length&quot;:&quot;0&quot;,&quot;iso&quot;:&quot;0&quot;,&quot;shutter_speed&quot;:&quot;0&quot;,&quot;title&quot;:&quot;&quot;,&quot;orientation&quot;:&quot;0&quot;}\" data-image-title=\"1+\" data-image-description=\"\" data-image-caption=\"\" data-large-file=\"https:\/\/sarimelekler.biz\/wp-content\/uploads\/2018\/05\/1.jpg\" \/><\/a>\n\t\t\t<\/dt><\/dl><dl class='gallery-item'>\n\t\t\t<dt class='gallery-icon landscape'>\n\t\t\t\t<a href='https:\/\/sarimelekler.biz\/?attachment_id=6367'><img loading=\"lazy\" decoding=\"async\" width=\"150\" height=\"150\" src=\"https:\/\/sarimelekler.biz\/wp-content\/uploads\/2018\/05\/2-150x150.jpg\" class=\"attachment-thumbnail size-thumbnail\" alt=\"\" data-attachment-id=\"6367\" data-permalink=\"https:\/\/sarimelekler.biz\/?attachment_id=6367\" data-orig-file=\"https:\/\/sarimelekler.biz\/wp-content\/uploads\/2018\/05\/2.jpg\" data-orig-size=\"644,486\" data-comments-opened=\"0\" data-image-meta=\"{&quot;aperture&quot;:&quot;0&quot;,&quot;credit&quot;:&quot;&quot;,&quot;camera&quot;:&quot;&quot;,&quot;caption&quot;:&quot;&quot;,&quot;created_timestamp&quot;:&quot;0&quot;,&quot;copyright&quot;:&quot;&quot;,&quot;focal_length&quot;:&quot;0&quot;,&quot;iso&quot;:&quot;0&quot;,&quot;shutter_speed&quot;:&quot;0&quot;,&quot;title&quot;:&quot;&quot;,&quot;orientation&quot;:&quot;0&quot;}\" data-image-title=\"2+\" data-image-description=\"\" data-image-caption=\"\" data-large-file=\"https:\/\/sarimelekler.biz\/wp-content\/uploads\/2018\/05\/2.jpg\" \/><\/a>\n\t\t\t<\/dt><\/dl><dl class='gallery-item'>\n\t\t\t<dt class='gallery-icon landscape'>\n\t\t\t\t<a href='https:\/\/sarimelekler.biz\/?attachment_id=6368'><img loading=\"lazy\" decoding=\"async\" width=\"150\" height=\"150\" src=\"https:\/\/sarimelekler.biz\/wp-content\/uploads\/2018\/05\/cats-150x150.jpg\" class=\"attachment-thumbnail size-thumbnail\" alt=\"\" srcset=\"https:\/\/sarimelekler.biz\/wp-content\/uploads\/2018\/05\/cats-150x150.jpg 150w, https:\/\/sarimelekler.biz\/wp-content\/uploads\/2018\/05\/cats-300x300.jpg 300w, https:\/\/sarimelekler.biz\/wp-content\/uploads\/2018\/05\/cats-768x768.jpg 768w, https:\/\/sarimelekler.biz\/wp-content\/uploads\/2018\/05\/cats-1024x1024.jpg 1024w, https:\/\/sarimelekler.biz\/wp-content\/uploads\/2018\/05\/cats.jpg 2000w\" sizes=\"auto, (max-width: 150px) 100vw, 150px\" data-attachment-id=\"6368\" data-permalink=\"https:\/\/sarimelekler.biz\/?attachment_id=6368\" data-orig-file=\"https:\/\/sarimelekler.biz\/wp-content\/uploads\/2018\/05\/cats.jpg\" data-orig-size=\"2000,2000\" data-comments-opened=\"0\" data-image-meta=\"{&quot;aperture&quot;:&quot;0&quot;,&quot;credit&quot;:&quot;&quot;,&quot;camera&quot;:&quot;&quot;,&quot;caption&quot;:&quot;&quot;,&quot;created_timestamp&quot;:&quot;0&quot;,&quot;copyright&quot;:&quot;&quot;,&quot;focal_length&quot;:&quot;0&quot;,&quot;iso&quot;:&quot;0&quot;,&quot;shutter_speed&quot;:&quot;0&quot;,&quot;title&quot;:&quot;&quot;,&quot;orientation&quot;:&quot;0&quot;}\" data-image-title=\"cats\" data-image-description=\"\" data-image-caption=\"\" data-large-file=\"https:\/\/sarimelekler.biz\/wp-content\/uploads\/2018\/05\/cats-1024x1024.jpg\" \/><\/a>\n\t\t\t<\/dt><\/dl><br style=\"clear: both\" \/>\n\t\t<\/div>\n\n","protected":false},"excerpt":{"rendered":"<p>Bug\u00fcn Kul\u00fcb\u00fcm\u00fcz\u00fcn Resmi \u0130nternet sitesinden yap\u0131lan a\u00e7\u0131klamada 2 sezondur tak\u0131m\u0131m\u0131zda \u2026 <a class=\"continue-reading-link\" href=\"https:\/\/sarimelekler.biz\/?p=6365\">Okumaya Devam Et.. <span class=\"meta-nav\">&rarr; <\/span><\/a><\/p>\n","protected":false},"author":1,"featured_media":6312,"comment_status":"closed","ping_status":"open","sticky":false,"template":"","format":"standard","meta":{"jetpack_post_was_ever_published":false,"_jetpack_newsletter_access":"","_jetpack_dont_email_post_to_subs":false,"_jetpack_newsletter_tier_id":0,"_jetpack_memberships_contains_paywalled_content":false,"_jetpack_memberships_contains_paid_content":false,"footnotes":"","jetpack_publicize_message":"","jetpack_publicize_feature_enabled":true,"jetpack_social_post_already_shared":true,"jetpack_social_options":{"image_generator_settings":{"template":"highway","default_image_id":0,"font":"","enabled":false},"version":2}},"categories":[6],"tags":[],"class_list":["post-6365","post","type-post","status-publish","format-standard","has-post-thumbnail","hentry","category-turkiye-ligi"],"jetpack_publicize_connections":[],"jetpack_featured_media_url":"https:\/\/sarimelekler.biz\/wp-content\/uploads\/2018\/04\/de6p8367_59960_6844336.jpg","jetpack_sharing_enabled":true,"jetpack_shortlink":"https:\/\/wp.me\/p8npUZ-1EF","jetpack-related-posts":[{"id":19592,"url":"https:\/\/sarimelekler.biz\/?p=19592","url_meta":{"origin":6365,"position":0},"title":"4 Oyuncuyla Yollar Ayr\u0131ld\u0131","author":"Edit\u00f6r","date":"1 Haziran 2023","format":false,"excerpt":"Fenerbah\u00e7e Spor Kul\u00fcb\u00fcm\u00fcz sosyal medya hesaplar\u0131ndan yapt\u0131\u011f\u0131 payla\u015f\u0131mlarda Fenerbah\u00e7e Opet Kad\u0131n Voleybol tak\u0131m\u0131m\u0131z oyuncular\u0131ndan, 4 sezondur As tak\u0131m kadromuzda bulunan orta oyuncu Beliz Ba\u015fk\u0131r, 2 sezondur kadromuzda bulunan Pas\u00f6r \u00c7apraz\u0131 Anna Lazareva, sezon ba\u015f\u0131 tak\u0131m\u0131m\u0131za kat\u0131lan pas\u00f6r Macris Carneiro ve bu sezon devre aras\u0131nda tak\u0131m\u0131m\u0131za kat\u0131lan orta oyuncu Hristina Vuchkova\u2026","rel":"","context":"&quot;Transfer Haberleri&quot; i\u00e7inde","block_context":{"text":"Transfer Haberleri","link":"https:\/\/sarimelekler.biz\/?cat=23"},"img":{"alt_text":"","src":"https:\/\/i0.wp.com\/sarimelekler.biz\/wp-content\/uploads\/2023\/06\/Giden-Oyuncular-2023-scaled.jpg?resize=350%2C200&ssl=1","width":350,"height":200,"srcset":"https:\/\/i0.wp.com\/sarimelekler.biz\/wp-content\/uploads\/2023\/06\/Giden-Oyuncular-2023-scaled.jpg?resize=350%2C200&ssl=1 1x, https:\/\/i0.wp.com\/sarimelekler.biz\/wp-content\/uploads\/2023\/06\/Giden-Oyuncular-2023-scaled.jpg?resize=525%2C300&ssl=1 1.5x, https:\/\/i0.wp.com\/sarimelekler.biz\/wp-content\/uploads\/2023\/06\/Giden-Oyuncular-2023-scaled.jpg?resize=700%2C400&ssl=1 2x, https:\/\/i0.wp.com\/sarimelekler.biz\/wp-content\/uploads\/2023\/06\/Giden-Oyuncular-2023-scaled.jpg?resize=1050%2C600&ssl=1 3x, https:\/\/i0.wp.com\/sarimelekler.biz\/wp-content\/uploads\/2023\/06\/Giden-Oyuncular-2023-scaled.jpg?resize=1400%2C800&ssl=1 4x"},"classes":[]},{"id":4011,"url":"https:\/\/sarimelekler.biz\/?p=4011","url_meta":{"origin":6365,"position":1},"title":"Transfer G\u00fcndemi (Son G\u00fcncelleme 26.06.2017)","author":"Edit\u00f6r","date":"7 Haziran 2017","format":false,"excerpt":"2016-2017 Sezonu Vestel Ven\u00fcs Sultanlar Ligini \u015eampiyon olarak tak\u0131m\u0131m\u0131zda 2017-2017 sezonu transfer \u00e7al\u0131\u015fmalar\u0131 devam ediyor. \u00d6ncelikle tak\u0131m\u0131m\u0131zdan ayr\u0131lan oyuncular\u0131m\u0131za emekleri i\u00e7in te\u015fekk\u00fcr eder, spor hayatlar\u0131nda ba\u015far\u0131lar dileriz. Tak\u0131m\u0131m\u0131za yeni kat\u0131lan oyuncular\u0131m\u0131za sakatl\u0131ks\u0131z bol kupal\u0131 bir sezon dileriz. Marcello Abbondanza'n\u0131n ayr\u0131lmas\u0131ndan sonra antren\u00f6rl\u00fcge Bel\u00e7ika'l\u0131 Antren\u00f6r Jan De Brandt getirildi. (Resmi) Tak\u0131m\u0131m\u0131za\u2026","rel":"","context":"&quot;T\u00fcrkiye Ligi&quot; i\u00e7inde","block_context":{"text":"T\u00fcrkiye Ligi","link":"https:\/\/sarimelekler.biz\/?cat=6"},"img":{"alt_text":"","src":"https:\/\/i0.wp.com\/sarimelekler.biz\/wp-content\/uploads\/2017\/05\/mb20_55646_4714445.jpg?resize=350%2C200&ssl=1","width":350,"height":200,"srcset":"https:\/\/i0.wp.com\/sarimelekler.biz\/wp-content\/uploads\/2017\/05\/mb20_55646_4714445.jpg?resize=350%2C200&ssl=1 1x, https:\/\/i0.wp.com\/sarimelekler.biz\/wp-content\/uploads\/2017\/05\/mb20_55646_4714445.jpg?resize=525%2C300&ssl=1 1.5x, https:\/\/i0.wp.com\/sarimelekler.biz\/wp-content\/uploads\/2017\/05\/mb20_55646_4714445.jpg?resize=700%2C400&ssl=1 2x, https:\/\/i0.wp.com\/sarimelekler.biz\/wp-content\/uploads\/2017\/05\/mb20_55646_4714445.jpg?resize=1050%2C600&ssl=1 3x, https:\/\/i0.wp.com\/sarimelekler.biz\/wp-content\/uploads\/2017\/05\/mb20_55646_4714445.jpg?resize=1400%2C800&ssl=1 4x"},"classes":[]},{"id":19600,"url":"https:\/\/sarimelekler.biz\/?p=19600","url_meta":{"origin":6365,"position":2},"title":"Ba\u015far\u0131lar \u0130par Kurt","author":"Edit\u00f6r","date":"1 Haziran 2023","format":false,"excerpt":"Fenerbah\u00e7e Spor Kul\u00fcb\u00fcm\u00fcz sosyal medya hesaplar\u0131ndan yapt\u0131\u011f\u0131 payla\u015f\u0131mda Fenerbah\u00e7e Opet Kad\u0131n Voleybol tak\u0131m\u0131m\u0131z oyuncular\u0131ndan 2003 do\u011fumlu 4 sezondur As tak\u0131m kadromuzda bulunan sma\u00e7\u00f6r \u0130par \u00d6zay Kurt\u2019un hem e\u011fitim hem de sportif kariyeri i\u00e7in Amerika'n\u0131n Stanford \u00dcniversitesinin bir par\u00e7as\u0131 oldu\u011fu belirtilerek tak\u0131m\u0131m\u0131zdan e\u011fitim i\u00e7in ayr\u0131ld\u0131\u011f\u0131 a\u00e7\u0131kland\u0131. Gen\u00e7 oyuncumuz \u0130par Kurt\u2019a \u00f6zellikle\u2026","rel":"","context":"&quot;Transfer Haberleri&quot; i\u00e7inde","block_context":{"text":"Transfer Haberleri","link":"https:\/\/sarimelekler.biz\/?cat=23"},"img":{"alt_text":"","src":"https:\/\/i0.wp.com\/sarimelekler.biz\/wp-content\/uploads\/2023\/06\/Ipar-Genc-Milli.jpg?resize=350%2C200&ssl=1","width":350,"height":200,"srcset":"https:\/\/i0.wp.com\/sarimelekler.biz\/wp-content\/uploads\/2023\/06\/Ipar-Genc-Milli.jpg?resize=350%2C200&ssl=1 1x, https:\/\/i0.wp.com\/sarimelekler.biz\/wp-content\/uploads\/2023\/06\/Ipar-Genc-Milli.jpg?resize=525%2C300&ssl=1 1.5x, https:\/\/i0.wp.com\/sarimelekler.biz\/wp-content\/uploads\/2023\/06\/Ipar-Genc-Milli.jpg?resize=700%2C400&ssl=1 2x, https:\/\/i0.wp.com\/sarimelekler.biz\/wp-content\/uploads\/2023\/06\/Ipar-Genc-Milli.jpg?resize=1050%2C600&ssl=1 3x, https:\/\/i0.wp.com\/sarimelekler.biz\/wp-content\/uploads\/2023\/06\/Ipar-Genc-Milli.jpg?resize=1400%2C800&ssl=1 4x"},"classes":[]},{"id":6370,"url":"https:\/\/sarimelekler.biz\/?p=6370","url_meta":{"origin":6365,"position":3},"title":"Transfer G\u00fcndemi (Son G\u00fcncelleme 17.06.2018)","author":"Edit\u00f6r","date":"17 Haziran 2018","format":false,"excerpt":"2017-2018 Sezonu Vestel Ven\u00fcs Sultanlar Ligini 3. olarak tak\u0131m\u0131m\u0131zda 2018-2019 sezonu transfer \u00e7al\u0131\u015fmalar\u0131 devam ediyor. \u00d6ncelikle tak\u0131m\u0131m\u0131zdan ayr\u0131lan oyuncular\u0131m\u0131za emekleri i\u00e7in te\u015fekk\u00fcr eder, spor hayatlar\u0131nda ba\u015far\u0131lar dileriz. Tak\u0131m\u0131m\u0131za yeni kat\u0131lan oyuncular\u0131m\u0131za sakatl\u0131ks\u0131z bol kupal\u0131 bir sezon dileriz. Mevcut Kadromuzda devam eden oyuncular: Melis Y\u0131lmaz, Merve Dalbeler, Ezgi Da\u011fdelenler, Beliz Ba\u015fk\u0131r,\u2026","rel":"","context":"&quot;Haberler&quot; i\u00e7inde","block_context":{"text":"Haberler","link":"https:\/\/sarimelekler.biz\/?cat=7"},"img":{"alt_text":"","src":"https:\/\/i0.wp.com\/sarimelekler.biz\/wp-content\/uploads\/2018\/04\/de6p8367_59960_6844336.jpg?resize=350%2C200&ssl=1","width":350,"height":200,"srcset":"https:\/\/i0.wp.com\/sarimelekler.biz\/wp-content\/uploads\/2018\/04\/de6p8367_59960_6844336.jpg?resize=350%2C200&ssl=1 1x, https:\/\/i0.wp.com\/sarimelekler.biz\/wp-content\/uploads\/2018\/04\/de6p8367_59960_6844336.jpg?resize=525%2C300&ssl=1 1.5x, https:\/\/i0.wp.com\/sarimelekler.biz\/wp-content\/uploads\/2018\/04\/de6p8367_59960_6844336.jpg?resize=700%2C400&ssl=1 2x, https:\/\/i0.wp.com\/sarimelekler.biz\/wp-content\/uploads\/2018\/04\/de6p8367_59960_6844336.jpg?resize=1050%2C600&ssl=1 3x, https:\/\/i0.wp.com\/sarimelekler.biz\/wp-content\/uploads\/2018\/04\/de6p8367_59960_6844336.jpg?resize=1400%2C800&ssl=1 4x"},"classes":[]},{"id":11267,"url":"https:\/\/sarimelekler.biz\/?p=11267","url_meta":{"origin":6365,"position":4},"title":"Dicle Nur Babat Yeni Sezonda Kadromuzda Devam Ediyor","author":"Edit\u00f6r","date":"12 May\u0131s 2019","format":false,"excerpt":"2014-2015 sezonunda tak\u0131m\u0131m\u0131za transfer olan orta oyuncumuz Dicle Nur Babat ile kul\u00fcb\u00fcm\u00fcz s\u00f6zle\u015fme yeniledi. 5 sezondur tak\u0131m\u0131m\u0131zda g\u00f6rev alan Dicle Nur Babat geride b\u0131rakt\u0131\u011f\u0131 5 sezonda toplam 154 kez formam\u0131z\u0131 giydi. Dicle bu ma\u00e7larda 90\u2019\u0131 servis, 267\u2019si blok olmak \u00fczere toplam 810 say\u0131 \u00fcretti. Fenerbah\u00e7e\u2019nin mevcut kadrosunda bulunan oyuncular\u0131n kafas\u0131n\u0131\u2026","rel":"","context":"&quot;Transfer Haberleri&quot; i\u00e7inde","block_context":{"text":"Transfer Haberleri","link":"https:\/\/sarimelekler.biz\/?cat=23"},"img":{"alt_text":"","src":"https:\/\/i0.wp.com\/sarimelekler.biz\/wp-content\/uploads\/2019\/05\/Dicle-Kapak.jpg?resize=350%2C200&ssl=1","width":350,"height":200,"srcset":"https:\/\/i0.wp.com\/sarimelekler.biz\/wp-content\/uploads\/2019\/05\/Dicle-Kapak.jpg?resize=350%2C200&ssl=1 1x, https:\/\/i0.wp.com\/sarimelekler.biz\/wp-content\/uploads\/2019\/05\/Dicle-Kapak.jpg?resize=525%2C300&ssl=1 1.5x, https:\/\/i0.wp.com\/sarimelekler.biz\/wp-content\/uploads\/2019\/05\/Dicle-Kapak.jpg?resize=700%2C400&ssl=1 2x, https:\/\/i0.wp.com\/sarimelekler.biz\/wp-content\/uploads\/2019\/05\/Dicle-Kapak.jpg?resize=1050%2C600&ssl=1 3x, https:\/\/i0.wp.com\/sarimelekler.biz\/wp-content\/uploads\/2019\/05\/Dicle-Kapak.jpg?resize=1400%2C800&ssl=1 4x"},"classes":[]},{"id":6319,"url":"https:\/\/sarimelekler.biz\/?p=6319","url_meta":{"origin":6365,"position":5},"title":"Transfer G\u00fcndemimizdeki Samantha Bricio&#8217;nun Hayat\u0131n\u0131 De\u011fi\u015ftiren \u0130nce Detay (\u00d6zel Haber)","author":"Edit\u00f6r","date":"15 Nisan 2018","format":false,"excerpt":"Ge\u00e7ti\u011fimiz g\u00fcnlerde voleybola dair haber yapan voleybol sitelerinin\/sosyal medya hesaplar\u0131n bir\u00e7o\u011funda son 2 sezondur \u0130talya\u2019n\u0131n Imoco Conegliano tak\u0131m\u0131nda forma giyen Meksikal\u0131 milli oyuncu Samantha Bricio\u2019nun tak\u0131m\u0131m\u0131za transfer edildi\u011fine dair haberler yay\u0131nland\u0131. Ayr\u0131ca bir \u00e7ok voleybol oyuncusunun takibinde olan Penivo Menajerlik resmi instagram hesab\u0131n\u0131n 13.04.2018 g\u00fcn\u00fc payla\u015f\u0131m yapt\u0131\u011f\u0131 Samantha Bricio foto\u011fraf\u0131n\u0131n\u2026","rel":"","context":"&quot;\u00d6zel Haberler&quot; i\u00e7inde","block_context":{"text":"\u00d6zel Haberler","link":"https:\/\/sarimelekler.biz\/?cat=21"},"img":{"alt_text":"","src":"https:\/\/i0.wp.com\/sarimelekler.biz\/wp-content\/uploads\/2018\/04\/samantha-bricio-mvp.jpg?resize=350%2C200&ssl=1","width":350,"height":200,"srcset":"https:\/\/i0.wp.com\/sarimelekler.biz\/wp-content\/uploads\/2018\/04\/samantha-bricio-mvp.jpg?resize=350%2C200&ssl=1 1x, https:\/\/i0.wp.com\/sarimelekler.biz\/wp-content\/uploads\/2018\/04\/samantha-bricio-mvp.jpg?resize=525%2C300&ssl=1 1.5x, https:\/\/i0.wp.com\/sarimelekler.biz\/wp-content\/uploads\/2018\/04\/samantha-bricio-mvp.jpg?resize=700%2C400&ssl=1 2x, https:\/\/i0.wp.com\/sarimelekler.biz\/wp-content\/uploads\/2018\/04\/samantha-bricio-mvp.jpg?resize=1050%2C600&ssl=1 3x, https:\/\/i0.wp.com\/sarimelekler.biz\/wp-content\/uploads\/2018\/04\/samantha-bricio-mvp.jpg?resize=1400%2C800&ssl=1 4x"},"classes":[]}],"_links":{"self":[{"href":"https:\/\/sarimelekler.biz\/index.php?rest_route=\/wp\/v2\/posts\/6365","targetHints":{"allow":["GET"]}}],"collection":[{"href":"https:\/\/sarimelekler.biz\/index.php?rest_route=\/wp\/v2\/posts"}],"about":[{"href":"https:\/\/sarimelekler.biz\/index.php?rest_route=\/wp\/v2\/types\/post"}],"author":[{"embeddable":true,"href":"https:\/\/sarimelekler.biz\/index.php?rest_route=\/wp\/v2\/users\/1"}],"replies":[{"embeddable":true,"href":"https:\/\/sarimelekler.biz\/index.php?rest_route=%2Fwp%2Fv2%2Fcomments&post=6365"}],"version-history":[{"count":1,"href":"https:\/\/sarimelekler.biz\/index.php?rest_route=\/wp\/v2\/posts\/6365\/revisions"}],"predecessor-version":[{"id":6369,"href":"https:\/\/sarimelekler.biz\/index.php?rest_route=\/wp\/v2\/posts\/6365\/revisions\/6369"}],"wp:featuredmedia":[{"embeddable":true,"href":"https:\/\/sarimelekler.biz\/index.php?rest_route=\/wp\/v2\/media\/6312"}],"wp:attachment":[{"href":"https:\/\/sarimelekler.biz\/index.php?rest_route=%2Fwp%2Fv2%2Fmedia&parent=6365"}],"wp:term":[{"taxonomy":"category","embeddable":true,"href":"https:\/\/sarimelekler.biz\/index.php?rest_route=%2Fwp%2Fv2%2Fcategories&post=6365"},{"taxonomy":"post_tag","embeddable":true,"href":"https:\/\/sarimelekler.biz\/index.php?rest_route=%2Fwp%2Fv2%2Ftags&post=6365"}],"curies":[{"name":"wp","href":"https:\/\/api.w.org\/{rel}","templated":true}]}}