{"id":6381,"date":"2018-05-22T22:09:33","date_gmt":"2018-05-22T19:09:33","guid":{"rendered":"http:\/\/sarimelekler.biz\/?p=6381"},"modified":"2025-04-21T00:11:25","modified_gmt":"2025-04-20T21:11:25","slug":"kim-yeon-koungun-transfer-surecine-ait-detaylar","status":"publish","type":"post","link":"https:\/\/sarimelekler.biz\/?p=6381","title":{"rendered":"Kim Yeon Koung&#8217;un Transfer S\u00fcrecine Ait Detaylar"},"content":{"rendered":"\n\t\t<style type=\"text\/css\">\n\t\t\t#gallery-1 {\n\t\t\t\tmargin: auto;\n\t\t\t}\n\t\t\t#gallery-1 .gallery-item {\n\t\t\t\tfloat: left;\n\t\t\t\tmargin-top: 10px;\n\t\t\t\ttext-align: center;\n\t\t\t\twidth: 100%;\n\t\t\t}\n\t\t\t#gallery-1 img {\n\t\t\t\tborder: 2px solid #cfcfcf;\n\t\t\t}\n\t\t\t#gallery-1 .gallery-caption {\n\t\t\t\tmargin-left: 0;\n\t\t\t}\n\t\t\t\/* see gallery_shortcode() in wp-includes\/media.php *\/\n\t\t<\/style>\n\t\t<div data-carousel-extra='{&quot;blog_id&quot;:1,&quot;permalink&quot;:&quot;https:\/\/sarimelekler.biz\/?p=6381&quot;}' id='gallery-1' class='gallery galleryid-6381 gallery-columns-1 gallery-size-large'><dl class='gallery-item'>\n\t\t\t<dt class='gallery-icon landscape'>\n\t\t\t\t<a href='https:\/\/sarimelekler.biz\/?attachment_id=6382'><img loading=\"lazy\" decoding=\"async\" width=\"860\" height=\"306\" src=\"https:\/\/sarimelekler.biz\/wp-content\/uploads\/2018\/05\/Kim-Kapak-1024x364.jpg\" class=\"attachment-large size-large\" alt=\"\" srcset=\"https:\/\/sarimelekler.biz\/wp-content\/uploads\/2018\/05\/Kim-Kapak-1024x364.jpg 1024w, https:\/\/sarimelekler.biz\/wp-content\/uploads\/2018\/05\/Kim-Kapak-300x107.jpg 300w, https:\/\/sarimelekler.biz\/wp-content\/uploads\/2018\/05\/Kim-Kapak-768x273.jpg 768w, https:\/\/sarimelekler.biz\/wp-content\/uploads\/2018\/05\/Kim-Kapak-150x53.jpg 150w\" sizes=\"auto, (max-width: 860px) 100vw, 860px\" data-attachment-id=\"6382\" data-permalink=\"https:\/\/sarimelekler.biz\/?attachment_id=6382\" data-orig-file=\"https:\/\/sarimelekler.biz\/wp-content\/uploads\/2018\/05\/Kim-Kapak.jpg\" data-orig-size=\"3026,1077\" data-comments-opened=\"0\" data-image-meta=\"{&quot;aperture&quot;:&quot;0&quot;,&quot;credit&quot;:&quot;&quot;,&quot;camera&quot;:&quot;&quot;,&quot;caption&quot;:&quot;&quot;,&quot;created_timestamp&quot;:&quot;0&quot;,&quot;copyright&quot;:&quot;&quot;,&quot;focal_length&quot;:&quot;0&quot;,&quot;iso&quot;:&quot;0&quot;,&quot;shutter_speed&quot;:&quot;0&quot;,&quot;title&quot;:&quot;&quot;,&quot;orientation&quot;:&quot;0&quot;}\" data-image-title=\"Kim Kapak\" data-image-description=\"\" data-image-caption=\"\" data-large-file=\"https:\/\/sarimelekler.biz\/wp-content\/uploads\/2018\/05\/Kim-Kapak-1024x364.jpg\" \/><\/a>\n\t\t\t<\/dt><\/dl><br style=\"clear: both\" \/>\n\t\t<\/div>\n\n<p style=\"text-align: justify;\"><span style=\"font-size: 18px;\">Tak\u0131m\u0131m\u0131zda 6 sezon forma giydikten sonra ge\u00e7en sezon tak\u0131m\u0131m\u0131zdan ayr\u0131lan ve ge\u00e7ti\u011fimiz sezonu \u00c7in liginde ge\u00e7iren eski oyuncumuz Kim Yeon Koung \u00fclkemiz tak\u0131mlar\u0131ndan Eczac\u0131ba\u015f\u0131 Vitra tak\u0131m\u0131na transfer oldu. Milyonlarca taraftar\u0131m\u0131z\u0131n sevdi\u011fi ve tekrar tak\u0131m\u0131m\u0131zda g\u00f6rmek istedi\u011fi Kim YK ne oldu da tak\u0131m\u0131m\u0131za transfer olmad\u0131? \u0130\u015fte transfer s\u00fcrecinin ger\u00e7ekleri:<\/span><\/p>\n<p style=\"text-align: justify;\"><span style=\"font-size: 18px;\">S\u00fcre\u00e7 2016 \u2013 2017 sezonunun \u015eampiyonlar ligi 6\u2019l\u0131 play-off turunun 2. ma\u00e7\u0131 hemen \u00f6ncesine dayan\u0131yor. Bu turun ilk ma\u00e7\u0131n\u0131 deplasmanda 3-2 kazanan Fenerbah\u00e7e Final Four\u2019a gitmeye bir ad\u0131m yak\u0131n g\u00f6r\u00fcn\u00fcrken Eczac\u0131ba\u015f\u0131 Kim YK\u2019nin menajeri ile ileti\u015fime ge\u00e7iyor ve gelecek sezon i\u00e7in transfer etmek istediklerini ve belirledikleri \u00f6n b\u00fct\u00e7eyi menajere iletiyorlar. Menajeri de Kim YK\u2019ye durumu iletiyor ve ne oluyorsa bundan sonra oluyor. 6\u2019l\u0131 play-off turunun ikinci ma\u00e7\u0131n\u0131 3-1 kaybeden tak\u0131m\u0131m\u0131z bu turda \u015eampiyonlar Ligine veda etti. Bu ma\u00e7tan sonra Eczac\u0131ba\u015f\u0131 Vitra ile Kim YK aras\u0131nda transfer g\u00f6r\u00fc\u015fmeleri ilerledi. Vestel Ven\u00fcs Sultanlar Ligi Yar\u0131 Final Serisinin deplasman tak\u0131m\u0131 olarak oynad\u0131\u011f\u0131m\u0131z ilk ma\u00e7\u0131nda Kim YK bizim bildi\u011fimiz oyun stilinden olduk\u00e7a uzak bir oyun sergiledi. Ma\u00e7\u0131n 2. setinde olduk\u00e7a k\u00f6t\u00fc bir oyun sergileyen Kim YK ma\u00e7\u0131 sunan spikeri bile \u015fa\u015f\u0131rtt\u0131 ve spiker tak\u0131m\u0131m\u0131z 22-19 gerideyken Kim YK\u2019un bu k\u00f6t\u00fc performans\u0131 ile ilgili ele\u015ftiri y\u00f6netti ve antren\u00f6r\u00fcm\u00fcz Abbondanza skor 23-19 oldu\u011funda Kim YK\u2019u oyundan ald\u0131. Tak\u0131m\u0131m\u0131z bu seti kaybetti ve ma\u00e7\u0131n 3. seti ba\u015flarken ma\u00e7\u0131n spikeri yine Kim YK\u2019un performans\u0131na y\u00f6nelik ele\u015ftirisel yorumlarda bulundu. Kim YK ma\u00e7\u0131n 3. setine 6\u2019da ba\u015flad\u0131. Tak\u0131m\u0131m\u0131z 3. sette 4-3 gerideyken antren\u00f6r\u00fcm\u00fcz Kim YK\u2019un performans\u0131na dayanamayarak oyundan bir kez daha ald\u0131. Ma\u00e7ta 16-11 geride oldu\u011fumuz teknik mola d\u00f6n\u00fc\u015f\u00fc antren\u00f6r\u00fcm\u00fcz Kim YK\u2019u tekrar oyuna almak istedi ama Kim YK oyuna girmek istemedi, bunun \u00fczerine tak\u0131m\u0131m\u0131z ayn\u0131 kadro ile oyuna d\u00f6nd\u00fc, mola d\u00f6n\u00fc\u015f\u00fc oyun ba\u015flarken Abbondanza oyuna almak i\u00e7in Kim YK\u2019u \u00e7a\u011f\u0131rmaya devam etti ve Kim YK s\u00f6ylene s\u00f6ylene gelerek bench\u2019e oturdu, bir servis turu sonunda skor 16-12\u2019ye geldi, Kim YK\u2019un bu tavr\u0131ndan memnun olmayan antren\u00f6r\u00fcm\u00fcz Kim YK yerine ikili de\u011fi\u015fiklik yaparak oyuna devam etti. Kim YK ise 21-18 geride oldu\u011fumuz setin son b\u00f6l\u00fcm\u00fcnde ancak oyuna girebildi. Tak\u0131m\u0131m\u0131z bu ma\u00e7\u0131 3-0 kaybederek seride de 1-0 geri d\u00fc\u015fm\u00fc\u015f oldu. Takip etmeyenler oyundan al\u0131nman\u0131n normal oldu\u011funu, bu yazd\u0131klar\u0131m\u0131z\u0131n bo\u015f oldu\u011funu d\u00fc\u015f\u00fcnebilir ama Kim YK tak\u0131m\u0131m\u0131zda ge\u00e7irdi\u011fi 6 sezonda oynad\u0131\u011f\u0131 218 ma\u00e7ta san\u0131r\u0131z sadece 2 veya 3 ma\u00e7ta oyundan al\u0131nm\u0131\u015ft\u0131r. Yani bu durum hayat\u0131n ola\u011fan ak\u0131\u015f\u0131na uygun olmayan bir durumdur. Bu ma\u00e7tan sonra transfer ili\u015fkisinden haberleri olan tak\u0131m arkada\u015flar\u0131 Kim YK\u2019a olduk\u00e7a tepki g\u00f6stermesine ra\u011fmen Kim YK ikinci ma\u00e7ta da yine bu d\u00fczeyde bir performans sergiledi. Ancak di\u011fer oyuncular\u0131m\u0131z\u0131n \u00fcst\u00fcn performans sergilemesiyle tak\u0131m\u0131m\u0131z Eczac\u0131ba\u015f\u0131 Vitra\u2019y\u0131 eleyerek finale y\u00fckseldi ve final serisi sonunda tak\u0131m\u0131m\u0131z \u015fampiyon olurken her sene finallerde \u00f6d\u00fclleri toplayan Kim YK ilk defa final serisinde \u00f6d\u00fcl alamad\u0131. Biz, Kim YK sever kul\u00fcb\u00fcm\u00fcz taraftarlar\u0131, b\u00fct\u00fcn bu olanlardan habersiz olarak Kim YK\u2019un mental olarak yoruldu\u011funu kabul ettik, hi\u00e7 art niyetli d\u00fc\u015f\u00fcnmedik. Kim YK\u2019un sezon bitiminde ise \u00c7in Kul\u00fcb\u00fcne transfer olmas\u0131 sonucunda kendisine ba\u015far\u0131lar diledik ve ma\u00e7lar\u0131n\u0131 internetten link bulabildik\u00e7e izlemeye, her ortamdan destek vermeye devam ettik. \u00c7\u00fcnk\u00fc Kim YK tak\u0131m\u0131m\u0131zda bulundu\u011fu s\u00fcrelerde kul\u00fcb\u00fcm\u00fcz\u00fc ailesi g\u00f6rd\u00fc\u011f\u00fcn\u00fc ve ailesini b\u0131rakarak ba\u015fka bir yere gitmek istemedi\u011fini belirti\u011finden ve hep sempatik tav\u0131rlar sergiledi\u011fi i\u00e7in bizde onu ailemizden biri g\u00f6r\u00fcyorduk. Gelinen s\u00fcre\u00e7te anlad\u0131k ki di\u011fer bran\u015flar\u0131m\u0131zda oldu\u011fu gibi taraftar olarak yine yanl\u0131\u015f taraf\u0131 tutmu\u015ftuk.<\/span><\/p>\n<p style=\"text-align: justify;\"><span style=\"font-size: 18px;\">Sezon sonunda Eczac\u0131ba\u015f\u0131 Vitra\u2019n\u0131n \u015eampiyonlar Ligine gidememesi ve \u00c7in\u2019den iyi bir teklif gelmesi \u00fczerine Kim YK \u00c7in\u2019e transfer oldu. Sezon devam ederken tak\u0131m\u0131m\u0131z\u0131n da k\u00f6t\u00fc gitmesi sebebiyle kul\u00fcb\u00fcm\u00fcz y\u00f6neticileriyle Kim YK aras\u0131nda s\u0131cak temas hep devam etti. Bu sezon Sultanlar Liginin devre aras\u0131nda ilgimiz \u00fcst d\u00fczey olsa da transfer ger\u00e7ekle\u015fmedi. Ge\u00e7ti\u011fimiz g\u00fcnlere kadar devam eden g\u00f6r\u00fc\u015fmelerde asl\u0131nda anlad\u0131k ki Kim YK sadece Eczac\u0131ba\u015f\u0131 Vitra tak\u0131m\u0131ndan alaca\u011f\u0131 paray\u0131 y\u00fckseltmek i\u00e7in kul\u00fcb\u00fcm\u00fcz\u00fc kullanm\u0131\u015ft\u0131. Karar\u0131n\u0131 a\u00e7\u0131klamadan hemen \u00f6nce \u00fclkesinin bas\u0131n\u0131na param\u0131 alamad\u0131m diye haber yapt\u0131ran Kim YK transferi a\u00e7\u0131kland\u0131ktan hemen sonra ise yine <a href=\"http:\/\/m.sports.naver.com\/volleyball\/news\/read.nhn?oid=025&amp;aid=0002822171\" target=\"_blank\" rel=\"noopener\">\u00fclkesinin bas\u0131na<\/a> orada kavga ettim, Eczac\u0131ba\u015f\u0131 Vitra tak\u0131m\u0131na ge\u00e7en sene gidecektim gibi a\u00e7\u0131klamalar da bulundu. Gelinen son noktada bir y\u0131ld\u0131r temas halinde oldu\u011fumuz Kim YK\u2019a kul\u00fcb\u00fcm\u00fcz y\u0131ll\u0131k 1,5 milyon Euro ve bonuslar i\u00e7eren son teklifi yapm\u0131\u015f, Kim YK\u2019un s\u00fcreci biraz uzatmas\u0131 sonucu son teklifi 2 Milyon Euro ve bonuslar olan Eczac\u0131ba\u015f\u0131 Vitra tak\u0131m\u0131 ise 2 Milyon Euro\u2019nun biraz \u00fczerine \u00e7\u0131karak bu transferi sonland\u0131rd\u0131.<\/span><\/p>\n<p style=\"text-align: justify;\"><span style=\"font-size: 18px;\">Eczac\u0131ba\u015f\u0131 Vitra tak\u0131m\u0131 ge\u00e7en sezon sonunda Kim YK\u2019yi bizim tak\u0131m\u0131m\u0131zdan transfer edemedi ancak yine hen\u00fcz sezon devam ederken d\u00f6nem oyuncular\u0131m\u0131z Ezgi Dilik ve Meliha \u0130smailo\u011flu ile temasa ge\u00e7ti ve tabiri yerindeyse bu oyuncular\u0131 ayartarak hen\u00fcz s\u00f6zle\u015fmesi s\u00fcresi bitmeden skandal bir \u015fekilde bu oyunculara tak\u0131mlar\u0131n\u0131n formas\u0131n\u0131 giydirerek transfer haberini duyurmu\u015ftular. Bu sene ise ayn\u0131 tarz y\u00f6ntemlerle Galatasaray\u2019\u0131n oyuncusu Gamze Alikaya\u2019y\u0131 transfer ettiler. Anlayam\u0131yoruz bu kin niye, bu a\u00e7 g\u00f6zl\u00fcl\u00fck niye? \u00c7ok de\u011fil ge\u00e7en sezon Eczac\u0131ba\u015f\u0131 Vitra 50. y\u0131l\u0131na \u00f6zel kurdu\u011fu astronomik kadroyla Sultanlar Liginde sadece 4. olabildi ve Cev Kupas\u0131na gitme hakk\u0131 kazand\u0131. Yani para ba\u015far\u0131y\u0131 getirmiyor ve piyasan\u0131n bu kadar y\u00fckselmesi \u00fclkemize zarar veriyor. Yapt\u0131\u011f\u0131 transferleri vergiden gider g\u00f6stererek d\u00fc\u015fen m\u00fcessese tak\u0131mlar\u0131yla kul\u00fcp tak\u0131mlar\u0131 nas\u0131l ba\u015fa \u00e7\u0131kacak \u00e7ok merak ediyoruz.<\/span><\/p>\n<p style=\"text-align: justify;\"><span style=\"font-size: 18px;\">Y\u0131llarca eme\u011finin kar\u015f\u0131l\u0131\u011f\u0131n\u0131 ald\u0131\u011f\u0131, \u00fclkesi tak\u0131m\u0131n\u0131n \u00fclke d\u0131\u015f\u0131nda voleybol oynamamas\u0131 i\u00e7in \u00e7al\u0131\u015f\u0131rken fedak\u00e2rl\u0131ktan \u00e7ekinmeyip defalarca ek \u00f6deme yapt\u0131\u011f\u0131, bu s\u00fcre\u00e7te taraftarlar\u0131n imza kampanyalar\u0131 ba\u015flatt\u0131\u011f\u0131, tekrar d\u00f6nmesi halinde belki de heykelinin bile dikilebilece\u011fi bir kul\u00fcp varken paray\u0131 se\u00e7en, son birka\u00e7 g\u00fcnd\u00fcr sosyal medyay\u0131 Fenerbah\u00e7elileri bloklamak i\u00e7in kullanan Kim Yeon Koung ise belki de yapt\u0131\u011f\u0131 hatan\u0131n \u015fimdiden fark\u0131na vard\u0131 ve \u00f6m\u00fcr boyu bu pi\u015fmanl\u0131\u011f\u0131 \u00e7ekecektir.<\/span><\/p>\n<p><span style=\"font-size: 18px;\">Kim Yeon Koung\u2019u elimizde Euro\u2019lar la \u2013 Dolar\u2019lar la Metro Enerji\u2019de bekliyor olaca\u011f\u0131z\u2026<\/span><\/p>\n<p><span style=\"font-size: 18px;\"><strong>2016 \u2013 2017 Kim YK\u2019un \u00a0Eczac\u0131ba\u015f\u0131 Vitra \u00a0Ma\u00e7lar\u0131 \u0130statistikleri<\/strong><\/span><br \/>\n<span style=\"font-size: 18px;\">3.\u00a0 \u00a0Hafta\u00a0 \u00a0 Fenerbah\u00e7e \u2013 Eczac\u0131ba\u015f\u0131 Vitra (1-3): 20 Say\u0131 &#8211; %47 H\u00fccum Y\u00fczdesi<\/span><\/p>\n<p><span style=\"font-size: 18px;\">14.\u00a0 Hafta\u00a0 \u00a0Eczac\u0131ba\u015f\u0131 Vitra \u2013 Fenerbah\u00e7e (2-3): 26 Say\u0131 &#8211; %51 H\u00fccum Y\u00fczdesi<\/span><\/p>\n<p><span style=\"font-size: 18px;\">6\u2019l\u0131 Play-Off 1. Ma\u00e7 Eczac\u0131ba\u015f\u0131 Vitra \u2013 Fenerbah\u00e7e (2-3): 22 Say\u0131 &#8211; %47 H\u00fccum Y\u00fczdesi<\/span><\/p>\n<p><span style=\"font-size: 18px;\"><strong>Transfer Giri\u015fimleri Sonras\u0131nda<\/strong><\/span><br \/>\n<span style=\"font-size: 18px;\">6\u2019l\u0131 Play-Off 2. Ma\u00e7 Fenerbah\u00e7e \u2013 Eczac\u0131ba\u015f\u0131 Vitra (1-3): 20 Say\u0131 &#8211; %37 H\u00fccum Y\u00fczdesi<\/span><\/p>\n<p><span style=\"font-size: 18px;\">Lig Yar\u0131 Final 1. Ma\u00e7 Eczac\u0131ba\u015f\u0131 Vitra \u2013 Fenerbah\u00e7e (3-0): 09 Say\u0131 &#8211; %36 H\u00fccum Y\u00fczdesi<\/span><\/p>\n<p><span style=\"font-size: 18px;\">Lig Yar\u0131 Final 2. Ma\u00e7 Fenerbah\u00e7e \u2013 Eczac\u0131ba\u015f\u0131 Vitra (4-1): 19 Say\u0131 &#8211; %36 H\u00fccum Y\u00fczdesi<\/span><\/p>\n<p><span style=\"font-size: 18px;\"><strong>&#8220;Bak o\u011flum e\u015fyalara fiyat, insanlara de\u011fer bi\u00e7ilir. Fiyat\u0131 olmayan e\u015fyaya \u00e7\u00f6p, de\u011feri olmayan insana giderken kap\u0131y\u0131 \u00f6rt denir!&#8221; Gemide &#8211; 1999<\/strong><\/span><\/p>\n<p><span style=\"font-size: 18px;\">**TVF Youtube hesab\u0131 a\u00e7t\u0131\u011f\u0131 i\u00e7in mevcut ma\u00e7lar telif hakk\u0131ndan dolay\u0131 youtube hesab\u0131ndan silinmi\u015f, o y\u00fczden Kim YK&#8217;n\u0131n oyuna girmek istemeyi\u015fini ancak bu \u015fekilde sizlere g\u00f6sterebiliyoruz.<\/span><\/p>\n\n\t\t<style type=\"text\/css\">\n\t\t\t#gallery-2 {\n\t\t\t\tmargin: auto;\n\t\t\t}\n\t\t\t#gallery-2 .gallery-item {\n\t\t\t\tfloat: left;\n\t\t\t\tmargin-top: 10px;\n\t\t\t\ttext-align: center;\n\t\t\t\twidth: 20%;\n\t\t\t}\n\t\t\t#gallery-2 img {\n\t\t\t\tborder: 2px solid #cfcfcf;\n\t\t\t}\n\t\t\t#gallery-2 .gallery-caption {\n\t\t\t\tmargin-left: 0;\n\t\t\t}\n\t\t\t\/* see gallery_shortcode() in wp-includes\/media.php *\/\n\t\t<\/style>\n\t\t<div data-carousel-extra='{&quot;blog_id&quot;:1,&quot;permalink&quot;:&quot;https:\/\/sarimelekler.biz\/?p=6381&quot;}' id='gallery-2' class='gallery galleryid-6381 gallery-columns-5 gallery-size-thumbnail'><dl class='gallery-item'>\n\t\t\t<dt class='gallery-icon landscape'>\n\t\t\t\t<a href='https:\/\/sarimelekler.biz\/?attachment_id=6388'><img loading=\"lazy\" decoding=\"async\" width=\"150\" height=\"150\" src=\"https:\/\/sarimelekler.biz\/wp-content\/uploads\/2018\/05\/Kim-Oyuna-Girmeme-1-150x150.jpg\" class=\"attachment-thumbnail size-thumbnail\" alt=\"\" data-attachment-id=\"6388\" data-permalink=\"https:\/\/sarimelekler.biz\/?attachment_id=6388\" data-orig-file=\"https:\/\/sarimelekler.biz\/wp-content\/uploads\/2018\/05\/Kim-Oyuna-Girmeme-1.jpg\" data-orig-size=\"1268,591\" data-comments-opened=\"0\" data-image-meta=\"{&quot;aperture&quot;:&quot;0&quot;,&quot;credit&quot;:&quot;&quot;,&quot;camera&quot;:&quot;&quot;,&quot;caption&quot;:&quot;&quot;,&quot;created_timestamp&quot;:&quot;0&quot;,&quot;copyright&quot;:&quot;&quot;,&quot;focal_length&quot;:&quot;0&quot;,&quot;iso&quot;:&quot;0&quot;,&quot;shutter_speed&quot;:&quot;0&quot;,&quot;title&quot;:&quot;&quot;,&quot;orientation&quot;:&quot;0&quot;}\" data-image-title=\"Kim Oyuna Girmeme (1)\" data-image-description=\"\" data-image-caption=\"\" data-large-file=\"https:\/\/sarimelekler.biz\/wp-content\/uploads\/2018\/05\/Kim-Oyuna-Girmeme-1-1024x477.jpg\" \/><\/a>\n\t\t\t<\/dt><\/dl><dl class='gallery-item'>\n\t\t\t<dt class='gallery-icon landscape'>\n\t\t\t\t<a href='https:\/\/sarimelekler.biz\/?attachment_id=6389'><img loading=\"lazy\" decoding=\"async\" width=\"150\" height=\"150\" src=\"https:\/\/sarimelekler.biz\/wp-content\/uploads\/2018\/05\/Kim-Oyuna-Girmeme-2-150x150.jpg\" class=\"attachment-thumbnail size-thumbnail\" alt=\"\" data-attachment-id=\"6389\" data-permalink=\"https:\/\/sarimelekler.biz\/?attachment_id=6389\" data-orig-file=\"https:\/\/sarimelekler.biz\/wp-content\/uploads\/2018\/05\/Kim-Oyuna-Girmeme-2.jpg\" data-orig-size=\"1268,593\" data-comments-opened=\"0\" data-image-meta=\"{&quot;aperture&quot;:&quot;0&quot;,&quot;credit&quot;:&quot;&quot;,&quot;camera&quot;:&quot;&quot;,&quot;caption&quot;:&quot;&quot;,&quot;created_timestamp&quot;:&quot;0&quot;,&quot;copyright&quot;:&quot;&quot;,&quot;focal_length&quot;:&quot;0&quot;,&quot;iso&quot;:&quot;0&quot;,&quot;shutter_speed&quot;:&quot;0&quot;,&quot;title&quot;:&quot;&quot;,&quot;orientation&quot;:&quot;0&quot;}\" data-image-title=\"Kim Oyuna Girmeme (2)\" data-image-description=\"\" data-image-caption=\"\" data-large-file=\"https:\/\/sarimelekler.biz\/wp-content\/uploads\/2018\/05\/Kim-Oyuna-Girmeme-2-1024x479.jpg\" \/><\/a>\n\t\t\t<\/dt><\/dl><dl class='gallery-item'>\n\t\t\t<dt class='gallery-icon landscape'>\n\t\t\t\t<a href='https:\/\/sarimelekler.biz\/?attachment_id=6390'><img loading=\"lazy\" decoding=\"async\" width=\"150\" height=\"150\" src=\"https:\/\/sarimelekler.biz\/wp-content\/uploads\/2018\/05\/Kim-Oyuna-Girmeme-3-150x150.jpg\" class=\"attachment-thumbnail size-thumbnail\" alt=\"\" data-attachment-id=\"6390\" data-permalink=\"https:\/\/sarimelekler.biz\/?attachment_id=6390\" data-orig-file=\"https:\/\/sarimelekler.biz\/wp-content\/uploads\/2018\/05\/Kim-Oyuna-Girmeme-3.jpg\" data-orig-size=\"1272,595\" data-comments-opened=\"0\" data-image-meta=\"{&quot;aperture&quot;:&quot;0&quot;,&quot;credit&quot;:&quot;&quot;,&quot;camera&quot;:&quot;&quot;,&quot;caption&quot;:&quot;&quot;,&quot;created_timestamp&quot;:&quot;0&quot;,&quot;copyright&quot;:&quot;&quot;,&quot;focal_length&quot;:&quot;0&quot;,&quot;iso&quot;:&quot;0&quot;,&quot;shutter_speed&quot;:&quot;0&quot;,&quot;title&quot;:&quot;&quot;,&quot;orientation&quot;:&quot;0&quot;}\" data-image-title=\"Kim Oyuna Girmeme (3)\" data-image-description=\"\" data-image-caption=\"\" data-large-file=\"https:\/\/sarimelekler.biz\/wp-content\/uploads\/2018\/05\/Kim-Oyuna-Girmeme-3-1024x479.jpg\" \/><\/a>\n\t\t\t<\/dt><\/dl><dl class='gallery-item'>\n\t\t\t<dt class='gallery-icon landscape'>\n\t\t\t\t<a href='https:\/\/sarimelekler.biz\/?attachment_id=6391'><img loading=\"lazy\" decoding=\"async\" width=\"150\" height=\"150\" src=\"https:\/\/sarimelekler.biz\/wp-content\/uploads\/2018\/05\/Kim-Oyuna-Girmeme-4-150x150.jpg\" class=\"attachment-thumbnail size-thumbnail\" alt=\"\" data-attachment-id=\"6391\" data-permalink=\"https:\/\/sarimelekler.biz\/?attachment_id=6391\" data-orig-file=\"https:\/\/sarimelekler.biz\/wp-content\/uploads\/2018\/05\/Kim-Oyuna-Girmeme-4.jpg\" data-orig-size=\"1278,577\" data-comments-opened=\"0\" data-image-meta=\"{&quot;aperture&quot;:&quot;0&quot;,&quot;credit&quot;:&quot;&quot;,&quot;camera&quot;:&quot;&quot;,&quot;caption&quot;:&quot;&quot;,&quot;created_timestamp&quot;:&quot;0&quot;,&quot;copyright&quot;:&quot;&quot;,&quot;focal_length&quot;:&quot;0&quot;,&quot;iso&quot;:&quot;0&quot;,&quot;shutter_speed&quot;:&quot;0&quot;,&quot;title&quot;:&quot;&quot;,&quot;orientation&quot;:&quot;0&quot;}\" data-image-title=\"Kim Oyuna Girmeme (4)\" data-image-description=\"\" data-image-caption=\"\" data-large-file=\"https:\/\/sarimelekler.biz\/wp-content\/uploads\/2018\/05\/Kim-Oyuna-Girmeme-4-1024x462.jpg\" \/><\/a>\n\t\t\t<\/dt><\/dl><dl class='gallery-item'>\n\t\t\t<dt class='gallery-icon landscape'>\n\t\t\t\t<a href='https:\/\/sarimelekler.biz\/?attachment_id=6392'><img loading=\"lazy\" decoding=\"async\" width=\"150\" height=\"150\" src=\"https:\/\/sarimelekler.biz\/wp-content\/uploads\/2018\/05\/Kim-Oyuna-Girmeme-5-150x150.jpg\" class=\"attachment-thumbnail size-thumbnail\" alt=\"\" data-attachment-id=\"6392\" data-permalink=\"https:\/\/sarimelekler.biz\/?attachment_id=6392\" data-orig-file=\"https:\/\/sarimelekler.biz\/wp-content\/uploads\/2018\/05\/Kim-Oyuna-Girmeme-5.jpg\" data-orig-size=\"1035,675\" data-comments-opened=\"0\" data-image-meta=\"{&quot;aperture&quot;:&quot;0&quot;,&quot;credit&quot;:&quot;&quot;,&quot;camera&quot;:&quot;&quot;,&quot;caption&quot;:&quot;&quot;,&quot;created_timestamp&quot;:&quot;0&quot;,&quot;copyright&quot;:&quot;&quot;,&quot;focal_length&quot;:&quot;0&quot;,&quot;iso&quot;:&quot;0&quot;,&quot;shutter_speed&quot;:&quot;0&quot;,&quot;title&quot;:&quot;&quot;,&quot;orientation&quot;:&quot;0&quot;}\" data-image-title=\"Kim Oyuna Girmeme (5)\" data-image-description=\"\" data-image-caption=\"\" data-large-file=\"https:\/\/sarimelekler.biz\/wp-content\/uploads\/2018\/05\/Kim-Oyuna-Girmeme-5-1024x668.jpg\" \/><\/a>\n\t\t\t<\/dt><\/dl><br style=\"clear: both\" \/><dl class='gallery-item'>\n\t\t\t<dt class='gallery-icon landscape'>\n\t\t\t\t<a href='https:\/\/sarimelekler.biz\/?attachment_id=6393'><img loading=\"lazy\" decoding=\"async\" width=\"150\" height=\"150\" src=\"https:\/\/sarimelekler.biz\/wp-content\/uploads\/2018\/05\/Kim-Oyuna-Girmeme-6-150x150.jpg\" class=\"attachment-thumbnail size-thumbnail\" alt=\"\" data-attachment-id=\"6393\" data-permalink=\"https:\/\/sarimelekler.biz\/?attachment_id=6393\" data-orig-file=\"https:\/\/sarimelekler.biz\/wp-content\/uploads\/2018\/05\/Kim-Oyuna-Girmeme-6.jpg\" data-orig-size=\"1274,651\" data-comments-opened=\"0\" data-image-meta=\"{&quot;aperture&quot;:&quot;0&quot;,&quot;credit&quot;:&quot;&quot;,&quot;camera&quot;:&quot;&quot;,&quot;caption&quot;:&quot;&quot;,&quot;created_timestamp&quot;:&quot;0&quot;,&quot;copyright&quot;:&quot;&quot;,&quot;focal_length&quot;:&quot;0&quot;,&quot;iso&quot;:&quot;0&quot;,&quot;shutter_speed&quot;:&quot;0&quot;,&quot;title&quot;:&quot;&quot;,&quot;orientation&quot;:&quot;0&quot;}\" data-image-title=\"Kim Oyuna Girmeme (6)\" data-image-description=\"\" data-image-caption=\"\" data-large-file=\"https:\/\/sarimelekler.biz\/wp-content\/uploads\/2018\/05\/Kim-Oyuna-Girmeme-6-1024x523.jpg\" \/><\/a>\n\t\t\t<\/dt><\/dl>\n\t\t\t<br style='clear: both' \/>\n\t\t<\/div>\n\n<p style=\"text-align: right;\">\n22\/05\/2018<\/p>\n","protected":false},"excerpt":{"rendered":"<p>Tak\u0131m\u0131m\u0131zda 6 sezon forma giydikten sonra ge\u00e7en sezon tak\u0131m\u0131m\u0131zdan ayr\u0131lan \u2026 <a class=\"continue-reading-link\" href=\"https:\/\/sarimelekler.biz\/?p=6381\">Okumaya Devam Et.. <span class=\"meta-nav\">&rarr; <\/span><\/a><\/p>\n","protected":false},"author":1,"featured_media":6382,"comment_status":"closed","ping_status":"open","sticky":false,"template":"","format":"standard","meta":{"jetpack_post_was_ever_published":false,"_jetpack_newsletter_access":"","_jetpack_dont_email_post_to_subs":false,"_jetpack_newsletter_tier_id":0,"_jetpack_memberships_contains_paywalled_content":false,"_jetpack_memberships_contains_paid_content":false,"footnotes":"","jetpack_publicize_message":"","jetpack_publicize_feature_enabled":true,"jetpack_social_post_already_shared":true,"jetpack_social_options":{"image_generator_settings":{"template":"highway","default_image_id":0,"font":"","enabled":false},"version":2}},"categories":[21],"tags":[],"class_list":["post-6381","post","type-post","status-publish","format-standard","has-post-thumbnail","hentry","category-ozel-haberler"],"jetpack_publicize_connections":[],"jetpack_featured_media_url":"https:\/\/sarimelekler.biz\/wp-content\/uploads\/2018\/05\/Kim-Kapak.jpg","jetpack_sharing_enabled":true,"jetpack_shortlink":"https:\/\/wp.me\/p8npUZ-1EV","jetpack-related-posts":[{"id":4011,"url":"https:\/\/sarimelekler.biz\/?p=4011","url_meta":{"origin":6381,"position":0},"title":"Transfer G\u00fcndemi (Son G\u00fcncelleme 26.06.2017)","author":"Edit\u00f6r","date":"7 Haziran 2017","format":false,"excerpt":"2016-2017 Sezonu Vestel Ven\u00fcs Sultanlar Ligini \u015eampiyon olarak tak\u0131m\u0131m\u0131zda 2017-2017 sezonu transfer \u00e7al\u0131\u015fmalar\u0131 devam ediyor. \u00d6ncelikle tak\u0131m\u0131m\u0131zdan ayr\u0131lan oyuncular\u0131m\u0131za emekleri i\u00e7in te\u015fekk\u00fcr eder, spor hayatlar\u0131nda ba\u015far\u0131lar dileriz. Tak\u0131m\u0131m\u0131za yeni kat\u0131lan oyuncular\u0131m\u0131za sakatl\u0131ks\u0131z bol kupal\u0131 bir sezon dileriz. Marcello Abbondanza'n\u0131n ayr\u0131lmas\u0131ndan sonra antren\u00f6rl\u00fcge Bel\u00e7ika'l\u0131 Antren\u00f6r Jan De Brandt getirildi. (Resmi) Tak\u0131m\u0131m\u0131za\u2026","rel":"","context":"&quot;T\u00fcrkiye Ligi&quot; i\u00e7inde","block_context":{"text":"T\u00fcrkiye Ligi","link":"https:\/\/sarimelekler.biz\/?cat=6"},"img":{"alt_text":"","src":"https:\/\/i0.wp.com\/sarimelekler.biz\/wp-content\/uploads\/2017\/05\/mb20_55646_4714445.jpg?resize=350%2C200&ssl=1","width":350,"height":200,"srcset":"https:\/\/i0.wp.com\/sarimelekler.biz\/wp-content\/uploads\/2017\/05\/mb20_55646_4714445.jpg?resize=350%2C200&ssl=1 1x, https:\/\/i0.wp.com\/sarimelekler.biz\/wp-content\/uploads\/2017\/05\/mb20_55646_4714445.jpg?resize=525%2C300&ssl=1 1.5x, https:\/\/i0.wp.com\/sarimelekler.biz\/wp-content\/uploads\/2017\/05\/mb20_55646_4714445.jpg?resize=700%2C400&ssl=1 2x, https:\/\/i0.wp.com\/sarimelekler.biz\/wp-content\/uploads\/2017\/05\/mb20_55646_4714445.jpg?resize=1050%2C600&ssl=1 3x, https:\/\/i0.wp.com\/sarimelekler.biz\/wp-content\/uploads\/2017\/05\/mb20_55646_4714445.jpg?resize=1400%2C800&ssl=1 4x"},"classes":[]},{"id":18083,"url":"https:\/\/sarimelekler.biz\/?p=18083","url_meta":{"origin":6381,"position":1},"title":"2. Naz Aydemir Akyol D\u00f6nemi Sona Erdi.","author":"Edit\u00f6r","date":"4 Haziran 2022","format":false,"excerpt":"2009-2012 y\u0131llar\u0131 aras\u0131nda 3 sezon tak\u0131m\u0131m\u0131zda yer ald\u0131ktan sonra y\u0131ll\u0131k \u00fccret konusunda anla\u015fmazl\u0131k dolay\u0131 Vak\u0131fbank tak\u0131m\u0131na transfer olan Naz Aydemir Akyol, 7 Sezon sonra 2019-20 sezonunda tekrar tak\u0131m\u0131m\u0131za transfer olmu\u015ftu. \u00a0\u00a0Tak\u0131m\u0131m\u0131zda 2 sezon oynad\u0131ktan sonra ge\u00e7en sezon ba\u015f\u0131nda kul\u00fcb\u00fcm\u00fczden kontrat\u0131n\u0131n 2 y\u0131l uzat\u0131ld\u0131\u011f\u0131 ve 2021-2022, 2022-2023 sezonlar\u0131nda da tak\u0131m\u0131m\u0131zda oldu\u011fu\u2026","rel":"","context":"&quot;Transfer Haberleri&quot; i\u00e7inde","block_context":{"text":"Transfer Haberleri","link":"https:\/\/sarimelekler.biz\/?cat=23"},"img":{"alt_text":"","src":"https:\/\/i0.wp.com\/sarimelekler.biz\/wp-content\/uploads\/2019\/06\/Naz-R%C3%B6portaj-Kapak-2.jpg?resize=350%2C200&ssl=1","width":350,"height":200,"srcset":"https:\/\/i0.wp.com\/sarimelekler.biz\/wp-content\/uploads\/2019\/06\/Naz-R%C3%B6portaj-Kapak-2.jpg?resize=350%2C200&ssl=1 1x, https:\/\/i0.wp.com\/sarimelekler.biz\/wp-content\/uploads\/2019\/06\/Naz-R%C3%B6portaj-Kapak-2.jpg?resize=525%2C300&ssl=1 1.5x, https:\/\/i0.wp.com\/sarimelekler.biz\/wp-content\/uploads\/2019\/06\/Naz-R%C3%B6portaj-Kapak-2.jpg?resize=700%2C400&ssl=1 2x, https:\/\/i0.wp.com\/sarimelekler.biz\/wp-content\/uploads\/2019\/06\/Naz-R%C3%B6portaj-Kapak-2.jpg?resize=1050%2C600&ssl=1 3x, https:\/\/i0.wp.com\/sarimelekler.biz\/wp-content\/uploads\/2019\/06\/Naz-R%C3%B6portaj-Kapak-2.jpg?resize=1400%2C800&ssl=1 4x"},"classes":[]},{"id":4034,"url":"https:\/\/sarimelekler.biz\/?p=4034","url_meta":{"origin":6381,"position":2},"title":"HO\u015e\u00c7AKAL K\u0130M YEON KOUNG","author":"Edit\u00f6r","date":"1 Haziran 2017","format":false,"excerpt":"Fenerbah\u00e7e Bayan Voleybol tak\u0131m\u0131m\u0131zda Bir D\u00f6nem Kapand\u0131. 11 Haziran 2011 y\u0131l\u0131nda G\u00fcney Kore\u2019nin Heungkuk Life tak\u0131m\u0131ndan tak\u0131m\u0131m\u0131za kat\u0131lan Kim Yeon Koung tak\u0131m\u0131m\u0131zda ge\u00e7irdi\u011fi 6 sezonun ard\u0131ndan 31.05.2017 g\u00fcn\u00fc \u00c7in\u2019in\u00a0 Shanghai Guohua Life tak\u0131m\u0131na transfer oldu.\u00a0 Kim Yeon Koung 6 sezonda toplam 218 defa formam\u0131z\u0131 giyerek tak\u0131m\u0131m\u0131zda en fazla oynayan yabanc\u0131\u2026","rel":"","context":"&quot;Duyurular&quot; i\u00e7inde","block_context":{"text":"Duyurular","link":"https:\/\/sarimelekler.biz\/?cat=8"},"img":{"alt_text":"","src":"https:\/\/i0.wp.com\/sarimelekler.biz\/wp-content\/uploads\/2017\/06\/100-1.jpg?resize=350%2C200&ssl=1","width":350,"height":200,"srcset":"https:\/\/i0.wp.com\/sarimelekler.biz\/wp-content\/uploads\/2017\/06\/100-1.jpg?resize=350%2C200&ssl=1 1x, https:\/\/i0.wp.com\/sarimelekler.biz\/wp-content\/uploads\/2017\/06\/100-1.jpg?resize=525%2C300&ssl=1 1.5x, https:\/\/i0.wp.com\/sarimelekler.biz\/wp-content\/uploads\/2017\/06\/100-1.jpg?resize=700%2C400&ssl=1 2x, https:\/\/i0.wp.com\/sarimelekler.biz\/wp-content\/uploads\/2017\/06\/100-1.jpg?resize=1050%2C600&ssl=1 3x"},"classes":[]},{"id":3862,"url":"https:\/\/sarimelekler.biz\/?p=3862","url_meta":{"origin":6381,"position":3},"title":"Set Vermeden \u015eampiyon Olan Sar\u0131 Meleklerden A\u00e7\u0131klamalar","author":"Edit\u00f6r","date":"2 May\u0131s 2017","format":false,"excerpt":"Ma\u00e7tan Sonra Oyuncular\u0131m\u0131z\u0131n Fenerbah\u00e7e Spor Kul\u00fcb\u00fc Resmi \u0130nternet Sitesinde\u00a0yer alan a\u00e7\u0131klamalar\u0131: Vestel Ven\u00fcs Sultanlar Ligi Play-Off Final serisinde kar\u015f\u0131la\u015ft\u0131\u011f\u0131 Galatasaray\u2019\u0131 3-0 ma\u011flup ederek \u015fampiyonlu\u011fa ula\u015fan Sar\u0131 Melekler, ma\u00e7 sonras\u0131nda yay\u0131nc\u0131 kurulu\u015fa ve FB TV'ye a\u00e7\u0131klamalarda bulundular. Oyuncular\u0131m\u0131z\u0131n konu\u015fmalar\u0131ndan derlediklerimiz; Eda Erdem D\u00fcndar: \u201cTaraftar\u0131m\u0131za arma\u011fan olsun\u201d \u201cDerin bir oh \u00e7ekmek istiyorum.\u2026","rel":"","context":"&quot;T\u00fcrkiye Ligi&quot; i\u00e7inde","block_context":{"text":"T\u00fcrkiye Ligi","link":"https:\/\/sarimelekler.biz\/?cat=6"},"img":{"alt_text":"","src":"https:\/\/i0.wp.com\/sarimelekler.biz\/wp-content\/uploads\/2017\/05\/sarikizlar538_55617_755181.jpg?resize=350%2C200&ssl=1","width":350,"height":200,"srcset":"https:\/\/i0.wp.com\/sarimelekler.biz\/wp-content\/uploads\/2017\/05\/sarikizlar538_55617_755181.jpg?resize=350%2C200&ssl=1 1x, https:\/\/i0.wp.com\/sarimelekler.biz\/wp-content\/uploads\/2017\/05\/sarikizlar538_55617_755181.jpg?resize=525%2C300&ssl=1 1.5x"},"classes":[]},{"id":22015,"url":"https:\/\/sarimelekler.biz\/?p=22015","url_meta":{"origin":6381,"position":4},"title":"2025-26 SEZONU BA\u015eLIYOR","author":"Edit\u00f6r","date":"8 Ekim 2025","format":false,"excerpt":"2024-25 Sezon Bitimiyle beraber tak\u0131m\u0131m\u0131zdan Meliha Diken, Dicle Nur Babat, Magdalena Stysiak, Hristina Vuchkova, Bojana Dr\u010da, Elitsa Atanasijevi\u0107 ve \u00d6zlem G\u00fcven\u2019in ayr\u0131ld\u0131\u011f\u0131 01\/06\/2025 g\u00fcn\u00fc kul\u00fcb\u00fcm\u00fcz\u00fcn resmi sitesinden a\u00e7\u0131kland\u0131. Bizde kendilerine emekleri i\u00e7in te\u015fekk\u00fcr eder, sakatl\u0131ks\u0131z bir spor ya\u015fant\u0131s\u0131 dileriz. Tak\u0131m\u0131m\u0131z 2025-26 sezonu kadro yap\u0131lanmas\u0131 kapsam\u0131nda i\u00e7 transferde Arelya Karasoy ile\u2026","rel":"","context":"&quot;Haberler&quot; i\u00e7inde","block_context":{"text":"Haberler","link":"https:\/\/sarimelekler.biz\/?cat=7"},"img":{"alt_text":"","src":"https:\/\/i0.wp.com\/sarimelekler.biz\/wp-content\/uploads\/2025\/10\/Sardegna-Turnuvasi-4.jpg?resize=350%2C200&ssl=1","width":350,"height":200,"srcset":"https:\/\/i0.wp.com\/sarimelekler.biz\/wp-content\/uploads\/2025\/10\/Sardegna-Turnuvasi-4.jpg?resize=350%2C200&ssl=1 1x, https:\/\/i0.wp.com\/sarimelekler.biz\/wp-content\/uploads\/2025\/10\/Sardegna-Turnuvasi-4.jpg?resize=525%2C300&ssl=1 1.5x, https:\/\/i0.wp.com\/sarimelekler.biz\/wp-content\/uploads\/2025\/10\/Sardegna-Turnuvasi-4.jpg?resize=700%2C400&ssl=1 2x, https:\/\/i0.wp.com\/sarimelekler.biz\/wp-content\/uploads\/2025\/10\/Sardegna-Turnuvasi-4.jpg?resize=1050%2C600&ssl=1 3x"},"classes":[]},{"id":13424,"url":"https:\/\/sarimelekler.biz\/?p=13424","url_meta":{"origin":6381,"position":5},"title":"Tak\u0131m\u0131m\u0131zdan \u0130lk Ayr\u0131lan Oyuncu Fatma Y\u0131ld\u0131r\u0131m oldu.","author":"Edit\u00f6r","date":"12 May\u0131s 2020","format":false,"excerpt":"2018 \u2013 2019 sezonu ba\u015f\u0131nda Bursa B\u00fcy\u00fck\u015fehir Belediyespor\u2019dan transfer edilen ve son iki sezondur Fenerbah\u00e7e Opet Kad\u0131n Voleybol tak\u0131m\u0131m\u0131z\u0131n formas\u0131n\u0131 giyen sma\u00e7\u00f6r Fatma Y\u0131ld\u0131r\u0131m ki\u015fisel instagram hesab\u0131ndan tak\u0131m\u0131m\u0131zdan ayr\u0131ld\u0131\u011f\u0131n\u0131 a\u00e7\u0131klad\u0131. Fatma Y\u0131ld\u0131r\u0131m : \u201cK\u00fc\u00e7\u00fckl\u00fc\u011f\u00fcmden beri taraftar\u0131 oldu\u011fum tak\u0131m\u0131n formas\u0131n\u0131 2 sene boyunca ta\u015f\u0131mak onur ve gurur vericiydi. Her \u015fey i\u00e7in\u2026","rel":"","context":"&quot;Transfer Haberleri&quot; i\u00e7inde","block_context":{"text":"Transfer Haberleri","link":"https:\/\/sarimelekler.biz\/?cat=23"},"img":{"alt_text":"","src":"https:\/\/i0.wp.com\/sarimelekler.biz\/wp-content\/uploads\/2020\/05\/Fatma-Y%C4%B1ld%C4%B1r%C4%B1m-Veda-Kapak.jpg?resize=350%2C200&ssl=1","width":350,"height":200,"srcset":"https:\/\/i0.wp.com\/sarimelekler.biz\/wp-content\/uploads\/2020\/05\/Fatma-Y%C4%B1ld%C4%B1r%C4%B1m-Veda-Kapak.jpg?resize=350%2C200&ssl=1 1x, https:\/\/i0.wp.com\/sarimelekler.biz\/wp-content\/uploads\/2020\/05\/Fatma-Y%C4%B1ld%C4%B1r%C4%B1m-Veda-Kapak.jpg?resize=525%2C300&ssl=1 1.5x, https:\/\/i0.wp.com\/sarimelekler.biz\/wp-content\/uploads\/2020\/05\/Fatma-Y%C4%B1ld%C4%B1r%C4%B1m-Veda-Kapak.jpg?resize=700%2C400&ssl=1 2x"},"classes":[]}],"_links":{"self":[{"href":"https:\/\/sarimelekler.biz\/index.php?rest_route=\/wp\/v2\/posts\/6381","targetHints":{"allow":["GET"]}}],"collection":[{"href":"https:\/\/sarimelekler.biz\/index.php?rest_route=\/wp\/v2\/posts"}],"about":[{"href":"https:\/\/sarimelekler.biz\/index.php?rest_route=\/wp\/v2\/types\/post"}],"author":[{"embeddable":true,"href":"https:\/\/sarimelekler.biz\/index.php?rest_route=\/wp\/v2\/users\/1"}],"replies":[{"embeddable":true,"href":"https:\/\/sarimelekler.biz\/index.php?rest_route=%2Fwp%2Fv2%2Fcomments&post=6381"}],"version-history":[{"count":8,"href":"https:\/\/sarimelekler.biz\/index.php?rest_route=\/wp\/v2\/posts\/6381\/revisions"}],"predecessor-version":[{"id":21980,"href":"https:\/\/sarimelekler.biz\/index.php?rest_route=\/wp\/v2\/posts\/6381\/revisions\/21980"}],"wp:featuredmedia":[{"embeddable":true,"href":"https:\/\/sarimelekler.biz\/index.php?rest_route=\/wp\/v2\/media\/6382"}],"wp:attachment":[{"href":"https:\/\/sarimelekler.biz\/index.php?rest_route=%2Fwp%2Fv2%2Fmedia&parent=6381"}],"wp:term":[{"taxonomy":"category","embeddable":true,"href":"https:\/\/sarimelekler.biz\/index.php?rest_route=%2Fwp%2Fv2%2Fcategories&post=6381"},{"taxonomy":"post_tag","embeddable":true,"href":"https:\/\/sarimelekler.biz\/index.php?rest_route=%2Fwp%2Fv2%2Ftags&post=6381"}],"curies":[{"name":"wp","href":"https:\/\/api.w.org\/{rel}","templated":true}]}}