{"id":6397,"date":"2018-05-23T22:50:22","date_gmt":"2018-05-23T19:50:22","guid":{"rendered":"http:\/\/sarimelekler.biz\/?p=6397"},"modified":"2018-05-23T23:00:12","modified_gmt":"2018-05-23T20:00:12","slug":"tmok-fair-play-odulleri-sahiplerini-buldu","status":"publish","type":"post","link":"https:\/\/sarimelekler.biz\/?p=6397","title":{"rendered":"TMOK Fair Play \u00d6d\u00fclleri Sahiplerini Buldu"},"content":{"rendered":"<p style=\"text-align: right;\">\u00a0 \u00a0 \u00a0 \u00a0 \u00a0 \u00a0 \u00a0 \u00a0 \u00a0 \u00a0 \u00a0 \u00a0 \u00a0 \u00a0 \u00a0 \u00a0 \u00a0 \u00a0 \u00a0 \u00a0 \u00a0 \u00a0 \u00a0 \u00a0 \u00a0 \u00a0 \u00a0 \u00a0 \u00a0 \u00a0 \u00a0 \u00a0 \u00a0 \u00a0 \u00a0 \u00a0 \u00a0 \u00a0 \u00a0 \u00a0 \u00a0 \u00a0 \u00a0 \u00a0 \u00a0 \u00a0 \u00a0 \u00a0 \u00a0 \u00a0 \u00a0 \u00a0 \u00a0 \u00a0 \u00a0 \u00a0 \u00a0 \u00a0 \u00a0 \u00a0 \u00a0 \u00a0 \u00a0 \u00a0 \u00a0 \u00a0 \u00a0 \u00a0 \u00a0 \u00a0 \u00a0 \u00a0 \u00a0 \u00a0 \u00a0 \u00a0 \u00a0 \u00a0 \u00a0 \u00a0 \u00a0 \u00a0 \u00a0 \u00a0 \u00a0 23.05.2018<\/p>\n<p style=\"text-align: justify;\">Fenerbah\u00e7emizin \u015eampiyon oldu\u011fu 2016 \u2013 2017 Vestel Venus Sultanlar Ligi Final Serisi Son Ma\u00e7\u0131 Sonunda Galatasaray Bayan Voleybol tak\u0131m\u0131 oyuncular\u0131yla \u00e7ekilen foto\u011frafla \u00f6l\u00fcms\u00fczle\u015ftirilen bu dostluk anlar\u0131 <a href=\"https:\/\/sarimelekler.biz\/?p=6357\" target=\"_blank\" rel=\"noopener\">ge\u00e7ti\u011fimiz ay<\/a> T\u00fcrkiye Milli Olimpiyat Komitesi (TMOK) Fair Play Komisyonu Taraf\u0131ndan 2017 T\u00fcrkiye Fair Play \u00d6d\u00fclleri\u2019n de \u015eeref Diplomas\u0131 almaya hak kazanm\u0131\u015ft\u0131.<\/p>\n<p style=\"text-align: justify;\">D\u00fcn Olimpiyatevi\u2019nde d\u00fczenlenen t\u00f6renle sahipleri \u00f6d\u00fcllerini ald\u0131. Bu \u00f6d\u00fcl\u00fc tak\u0131m\u0131m\u0131z ad\u0131na oyuncumuz <strong>Bahar Toksoy Guidetti<\/strong> al\u0131rken Galatasaray Bayan Voleybol Tak\u0131m\u0131ndan ise \u00a0Nursevil Ayd\u0131nlar ald\u0131.<\/p>\n<p style=\"text-align: justify;\">Ayr\u0131ca \u00f6d\u00fcl t\u00f6reninde Bayan Basketbol Tak\u0131m\u0131m\u0131z\u0131n Kaptan\u0131 Birsel Vardarl\u0131 Demirmen\u2019de, Sportif Fair Play Kariyer Dal\u0131&#8217;nda &#8220;Kutlama Mektubu\u201d \u00f6d\u00fcl\u00fcne lay\u0131k g\u00f6r\u00fcld\u00fc.<\/p>\n<p style=\"text-align: justify;\">\u00d6d\u00fcl t\u00f6reninin ard\u0131ndan FB TV\u2019ye konu\u015fan oyuncular\u0131m\u0131z, mutluluklar\u0131n\u0131 dile getirdiler.<\/p>\n<p style=\"text-align: justify;\">&#8220;Gurur duydum&#8221; diyen Birsel Vardarl\u0131 Demirmen, &#8220;Benim i\u00e7in \u00e7ok anlaml\u0131 bir \u00f6d\u00fcl. \u00c7ok te\u015fekk\u00fcr ediyorum. Gurur duydum. \u0130n\u015fallah ilerleyen y\u0131llarda da bu t\u00fcr \u00f6d\u00fcllere lay\u0131k g\u00f6r\u00fclmeye \u00e7al\u0131\u015faca\u011f\u0131m&#8221; diye konu\u015ftu.<\/p>\n<p style=\"text-align: justify;\">Bahar Toksoy Guidetti de, &#8220;B\u00f6yle bir kare ile sporun karde\u015flik, dostluk ve fair play i\u00e7erdi\u011fini g\u00f6sterdik. \u00c7ok mutluyum. Bu hareketimizin \u00f6d\u00fcllendirilmesi de ne kadar do\u011fru bir i\u015f yapt\u0131\u011f\u0131m\u0131z\u0131n g\u00f6stergesidir. Umar\u0131m herkese \u00f6rnek olur ve devam\u0131 gelir&#8221; dedi.<\/p>\n\n\t\t<style type=\"text\/css\">\n\t\t\t#gallery-1 {\n\t\t\t\tmargin: auto;\n\t\t\t}\n\t\t\t#gallery-1 .gallery-item {\n\t\t\t\tfloat: left;\n\t\t\t\tmargin-top: 10px;\n\t\t\t\ttext-align: center;\n\t\t\t\twidth: 25%;\n\t\t\t}\n\t\t\t#gallery-1 img {\n\t\t\t\tborder: 2px solid #cfcfcf;\n\t\t\t}\n\t\t\t#gallery-1 .gallery-caption {\n\t\t\t\tmargin-left: 0;\n\t\t\t}\n\t\t\t\/* see gallery_shortcode() in wp-includes\/media.php *\/\n\t\t<\/style>\n\t\t<div data-carousel-extra='{&quot;blog_id&quot;:1,&quot;permalink&quot;:&quot;https:\/\/sarimelekler.biz\/?p=6397&quot;}' id='gallery-1' class='gallery galleryid-6397 gallery-columns-4 gallery-size-thumbnail'><dl class='gallery-item'>\n\t\t\t<dt class='gallery-icon landscape'>\n\t\t\t\t<a href='https:\/\/sarimelekler.biz\/?attachment_id=6398'><img loading=\"lazy\" decoding=\"async\" width=\"150\" height=\"150\" src=\"https:\/\/sarimelekler.biz\/wp-content\/uploads\/2018\/05\/030a3175_60493_6928931-150x150.jpg\" class=\"attachment-thumbnail size-thumbnail\" alt=\"\" data-attachment-id=\"6398\" data-permalink=\"https:\/\/sarimelekler.biz\/?attachment_id=6398\" data-orig-file=\"https:\/\/sarimelekler.biz\/wp-content\/uploads\/2018\/05\/030a3175_60493_6928931.jpg\" data-orig-size=\"3000,2699\" data-comments-opened=\"0\" data-image-meta=\"{&quot;aperture&quot;:&quot;2.8&quot;,&quot;credit&quot;:&quot;&quot;,&quot;camera&quot;:&quot;Canon EOS 5D Mark IV&quot;,&quot;caption&quot;:&quot;&quot;,&quot;created_timestamp&quot;:&quot;1527010554&quot;,&quot;copyright&quot;:&quot;&quot;,&quot;focal_length&quot;:&quot;42&quot;,&quot;iso&quot;:&quot;800&quot;,&quot;shutter_speed&quot;:&quot;0.005&quot;,&quot;title&quot;:&quot;&quot;,&quot;orientation&quot;:&quot;1&quot;}\" data-image-title=\"030a3175_60493_6928931\" data-image-description=\"\" data-image-caption=\"\" data-large-file=\"https:\/\/sarimelekler.biz\/wp-content\/uploads\/2018\/05\/030a3175_60493_6928931-1024x921.jpg\" \/><\/a>\n\t\t\t<\/dt><\/dl><dl class='gallery-item'>\n\t\t\t<dt class='gallery-icon landscape'>\n\t\t\t\t<a href='https:\/\/sarimelekler.biz\/?attachment_id=6399'><img loading=\"lazy\" decoding=\"async\" width=\"150\" height=\"150\" src=\"https:\/\/sarimelekler.biz\/wp-content\/uploads\/2018\/05\/030a3236_60493_6928511-150x150.jpg\" class=\"attachment-thumbnail size-thumbnail\" alt=\"\" data-attachment-id=\"6399\" data-permalink=\"https:\/\/sarimelekler.biz\/?attachment_id=6399\" data-orig-file=\"https:\/\/sarimelekler.biz\/wp-content\/uploads\/2018\/05\/030a3236_60493_6928511.jpg\" data-orig-size=\"3000,2109\" data-comments-opened=\"0\" data-image-meta=\"{&quot;aperture&quot;:&quot;2.8&quot;,&quot;credit&quot;:&quot;&quot;,&quot;camera&quot;:&quot;Canon EOS 5D Mark IV&quot;,&quot;caption&quot;:&quot;&quot;,&quot;created_timestamp&quot;:&quot;1527013818&quot;,&quot;copyright&quot;:&quot;&quot;,&quot;focal_length&quot;:&quot;24&quot;,&quot;iso&quot;:&quot;800&quot;,&quot;shutter_speed&quot;:&quot;0.005&quot;,&quot;title&quot;:&quot;&quot;,&quot;orientation&quot;:&quot;1&quot;}\" data-image-title=\"030a3236_60493_6928511\" data-image-description=\"\" data-image-caption=\"\" data-large-file=\"https:\/\/sarimelekler.biz\/wp-content\/uploads\/2018\/05\/030a3236_60493_6928511-1024x720.jpg\" \/><\/a>\n\t\t\t<\/dt><\/dl><dl class='gallery-item'>\n\t\t\t<dt class='gallery-icon landscape'>\n\t\t\t\t<a href='https:\/\/sarimelekler.biz\/?attachment_id=6406'><img loading=\"lazy\" decoding=\"async\" width=\"150\" height=\"150\" src=\"https:\/\/sarimelekler.biz\/wp-content\/uploads\/2018\/05\/030a3211_60493_6928739-150x150.jpg\" class=\"attachment-thumbnail size-thumbnail\" alt=\"\" data-attachment-id=\"6406\" data-permalink=\"https:\/\/sarimelekler.biz\/?attachment_id=6406\" data-orig-file=\"https:\/\/sarimelekler.biz\/wp-content\/uploads\/2018\/05\/030a3211_60493_6928739.jpg\" data-orig-size=\"3000,1698\" data-comments-opened=\"0\" data-image-meta=\"{&quot;aperture&quot;:&quot;2.8&quot;,&quot;credit&quot;:&quot;&quot;,&quot;camera&quot;:&quot;Canon EOS 5D Mark IV&quot;,&quot;caption&quot;:&quot;&quot;,&quot;created_timestamp&quot;:&quot;1527012627&quot;,&quot;copyright&quot;:&quot;&quot;,&quot;focal_length&quot;:&quot;24&quot;,&quot;iso&quot;:&quot;800&quot;,&quot;shutter_speed&quot;:&quot;0.005&quot;,&quot;title&quot;:&quot;&quot;,&quot;orientation&quot;:&quot;1&quot;}\" data-image-title=\"030a3211_60493_6928739\" data-image-description=\"\" data-image-caption=\"\" data-large-file=\"https:\/\/sarimelekler.biz\/wp-content\/uploads\/2018\/05\/030a3211_60493_6928739-1024x580.jpg\" \/><\/a>\n\t\t\t<\/dt><\/dl><dl class='gallery-item'>\n\t\t\t<dt class='gallery-icon landscape'>\n\t\t\t\t<a href='https:\/\/sarimelekler.biz\/?attachment_id=3929'><img loading=\"lazy\" decoding=\"async\" width=\"150\" height=\"150\" src=\"https:\/\/sarimelekler.biz\/wp-content\/uploads\/2017\/05\/haber_1493752244_14-150x150.jpg\" class=\"attachment-thumbnail size-thumbnail\" alt=\"\" data-attachment-id=\"3929\" data-permalink=\"https:\/\/sarimelekler.biz\/?attachment_id=3929\" data-orig-file=\"https:\/\/sarimelekler.biz\/wp-content\/uploads\/2017\/05\/haber_1493752244_14.jpg\" data-orig-size=\"1100,646\" data-comments-opened=\"0\" data-image-meta=\"{&quot;aperture&quot;:&quot;4&quot;,&quot;credit&quot;:&quot;Mert Bulent Ucma&quot;,&quot;camera&quot;:&quot;Canon EOS 7D Mark II&quot;,&quot;caption&quot;:&quot;&quot;,&quot;created_timestamp&quot;:&quot;1493755718&quot;,&quot;copyright&quot;:&quot;MERT Bulent Ucma Turkiye Voleybol Federasyonu&quot;,&quot;focal_length&quot;:&quot;15&quot;,&quot;iso&quot;:&quot;2500&quot;,&quot;shutter_speed&quot;:&quot;0.004&quot;,&quot;title&quot;:&quot;&quot;,&quot;orientation&quot;:&quot;0&quot;}\" data-image-title=\"haber_1493752244_14\" data-image-description=\"\" data-image-caption=\"\" data-large-file=\"https:\/\/sarimelekler.biz\/wp-content\/uploads\/2017\/05\/haber_1493752244_14-1024x601.jpg\" \/><\/a>\n\t\t\t<\/dt><\/dl><br style=\"clear: both\" \/>\n\t\t<\/div>\n\n<p>&nbsp;<\/p>\n","protected":false},"excerpt":{"rendered":"<p>\u00a0 \u00a0 \u00a0 \u00a0 \u00a0 \u00a0 \u00a0 \u00a0 \u00a0 \u00a0 \u2026 <a class=\"continue-reading-link\" href=\"https:\/\/sarimelekler.biz\/?p=6397\">Okumaya Devam Et.. <span class=\"meta-nav\">&rarr; <\/span><\/a><\/p>\n","protected":false},"author":1,"featured_media":6400,"comment_status":"closed","ping_status":"open","sticky":false,"template":"","format":"standard","meta":{"jetpack_post_was_ever_published":false,"_jetpack_newsletter_access":"","_jetpack_dont_email_post_to_subs":false,"_jetpack_newsletter_tier_id":0,"_jetpack_memberships_contains_paywalled_content":false,"_jetpack_memberships_contains_paid_content":false,"footnotes":"","jetpack_publicize_message":"","jetpack_publicize_feature_enabled":true,"jetpack_social_post_already_shared":true,"jetpack_social_options":{"image_generator_settings":{"template":"highway","default_image_id":0,"font":"","enabled":false},"version":2}},"categories":[7],"tags":[],"class_list":["post-6397","post","type-post","status-publish","format-standard","has-post-thumbnail","hentry","category-haberler"],"jetpack_publicize_connections":[],"jetpack_featured_media_url":"https:\/\/sarimelekler.biz\/wp-content\/uploads\/2018\/05\/tmok-kapak.jpg","jetpack_sharing_enabled":true,"jetpack_shortlink":"https:\/\/wp.me\/p8npUZ-1Fb","jetpack-related-posts":[{"id":6357,"url":"https:\/\/sarimelekler.biz\/?p=6357","url_meta":{"origin":6397,"position":0},"title":"TMOK&#8217;TAN \u015eEREF D\u0130PLOMASI","author":"Edit\u00f6r","date":"30 Nisan 2018","format":false,"excerpt":"\u00a0 \u00a0 \u00a0 \u00a0 \u00a0 \u00a0 \u00a0 \u00a0 \u00a0 \u00a0 \u00a0 \u00a0 \u00a0 \u00a0 \u00a0 30.04.2018 Fenerbah\u00e7emizin \u015eampiyon oldu\u011fu 2016 - 2017 Vestel Venus Sultanlar Ligi Final Serisi Son Ma\u00e7\u0131 Sonunda \u00e7ekilen bu foto\u011frafla \u00f6l\u00fcms\u00fczle\u015ftirilen bu dostluk anlar\u0131 T\u00fcrkiye Milli Olimpiyat Komitesi (TMOK) Fair Play Komisyonu Taraf\u0131ndan 2017 T\u00fcrkiye Fair\u2026","rel":"","context":"&quot;Haberler&quot; i\u00e7inde","block_context":{"text":"Haberler","link":"https:\/\/sarimelekler.biz\/?cat=7"},"img":{"alt_text":"","src":"https:\/\/i0.wp.com\/sarimelekler.biz\/wp-content\/uploads\/2017\/05\/haber_1493752244_14.jpg?resize=350%2C200&ssl=1","width":350,"height":200,"srcset":"https:\/\/i0.wp.com\/sarimelekler.biz\/wp-content\/uploads\/2017\/05\/haber_1493752244_14.jpg?resize=350%2C200&ssl=1 1x, https:\/\/i0.wp.com\/sarimelekler.biz\/wp-content\/uploads\/2017\/05\/haber_1493752244_14.jpg?resize=525%2C300&ssl=1 1.5x, https:\/\/i0.wp.com\/sarimelekler.biz\/wp-content\/uploads\/2017\/05\/haber_1493752244_14.jpg?resize=700%2C400&ssl=1 2x, https:\/\/i0.wp.com\/sarimelekler.biz\/wp-content\/uploads\/2017\/05\/haber_1493752244_14.jpg?resize=1050%2C600&ssl=1 3x"},"classes":[]},{"id":18902,"url":"https:\/\/sarimelekler.biz\/?p=18902","url_meta":{"origin":6397,"position":1},"title":"Kaptan\u0131m\u0131z Eda Erdem D\u00fcndar\u2019a Fair Play \u00d6d\u00fcl\u00fc Takdim Edildi","author":"Edit\u00f6r","date":"28 \u015eubat 2023","format":false,"excerpt":"Kaptan\u0131m\u0131z Eda Erdem D\u00fcndar, Uluslararas\u0131 Voleybol Federasyonu (FIVB) taraf\u0131ndan \u201cTarihin En \u0130yi 100 Oyuncusu\u201d aras\u0131nda g\u00f6sterilmesi ve \u201c2021 y\u0131l\u0131n\u0131n en iyi 12 kad\u0131n voleybolcusu\u201d listesinde yer almas\u0131 dolay\u0131s\u0131yla T\u00fcrkiye Milli Olimpiyat Komitesi (TMOK) Fair Play Komisyonu taraf\u0131ndan verilen 2021 T\u00fcrkiye Fair Play \u00d6d\u00fclleri\u2019nde Sportif Kariyer Dal\u0131nda \u015eeref Diplomas\u0131\u2019na lay\u0131k g\u00f6r\u00fclm\u00fc\u015ft\u00fc.\u2026","rel":"","context":"&quot;Haberler&quot; i\u00e7inde","block_context":{"text":"Haberler","link":"https:\/\/sarimelekler.biz\/?cat=7"},"img":{"alt_text":"","src":"https:\/\/i0.wp.com\/sarimelekler.biz\/wp-content\/uploads\/2023\/03\/Eda-TMOK-2.jpg?resize=350%2C200&ssl=1","width":350,"height":200,"srcset":"https:\/\/i0.wp.com\/sarimelekler.biz\/wp-content\/uploads\/2023\/03\/Eda-TMOK-2.jpg?resize=350%2C200&ssl=1 1x, https:\/\/i0.wp.com\/sarimelekler.biz\/wp-content\/uploads\/2023\/03\/Eda-TMOK-2.jpg?resize=525%2C300&ssl=1 1.5x, https:\/\/i0.wp.com\/sarimelekler.biz\/wp-content\/uploads\/2023\/03\/Eda-TMOK-2.jpg?resize=700%2C400&ssl=1 2x, https:\/\/i0.wp.com\/sarimelekler.biz\/wp-content\/uploads\/2023\/03\/Eda-TMOK-2.jpg?resize=1050%2C600&ssl=1 3x, https:\/\/i0.wp.com\/sarimelekler.biz\/wp-content\/uploads\/2023\/03\/Eda-TMOK-2.jpg?resize=1400%2C800&ssl=1 4x"},"classes":[]},{"id":17058,"url":"https:\/\/sarimelekler.biz\/?p=17058","url_meta":{"origin":6397,"position":2},"title":"Fenerbah\u00e7e Opet:3 \u2013 Bolu Belediyespor:0","author":"Edit\u00f6r","date":"9 Ocak 2022","format":false,"excerpt":"Fenerbah\u00e7e Opet Kad\u0131n Voleybol Tak\u0131m\u0131m\u0131z misli.com Sultanlar Ligi ikinci yar\u0131 a\u00e7\u0131l\u0131\u015f haftas\u0131 olan 14. Hafta ma\u00e7\u0131nda kar\u015f\u0131la\u015ft\u0131\u011f\u0131 Bolu Belediyespor tak\u0131m\u0131n\u0131 25-12, 25-19 ve 25-16\u2019lik set skorlar\u0131yla 3-0 ma\u011flup etti. Ma\u00e7a Eda, Meliha, Buse, Fedorovtseva, Ana Cristina, Popovic ve libero Gizem kadrosuyla ba\u015flayan tak\u0131m\u0131m\u0131zda, Cansu ve \u0130par\u2019da s\u00fcre ald\u0131. \u00a0Lazareva, Tutku\u2026","rel":"","context":"&quot;T\u00fcrkiye Ligi&quot; i\u00e7inde","block_context":{"text":"T\u00fcrkiye Ligi","link":"https:\/\/sarimelekler.biz\/?cat=6"},"img":{"alt_text":"","src":"https:\/\/i0.wp.com\/sarimelekler.biz\/wp-content\/uploads\/2022\/01\/14-21-22-4.jpg?resize=350%2C200&ssl=1","width":350,"height":200,"srcset":"https:\/\/i0.wp.com\/sarimelekler.biz\/wp-content\/uploads\/2022\/01\/14-21-22-4.jpg?resize=350%2C200&ssl=1 1x, https:\/\/i0.wp.com\/sarimelekler.biz\/wp-content\/uploads\/2022\/01\/14-21-22-4.jpg?resize=525%2C300&ssl=1 1.5x, https:\/\/i0.wp.com\/sarimelekler.biz\/wp-content\/uploads\/2022\/01\/14-21-22-4.jpg?resize=700%2C400&ssl=1 2x, https:\/\/i0.wp.com\/sarimelekler.biz\/wp-content\/uploads\/2022\/01\/14-21-22-4.jpg?resize=1050%2C600&ssl=1 3x, https:\/\/i0.wp.com\/sarimelekler.biz\/wp-content\/uploads\/2022\/01\/14-21-22-4.jpg?resize=1400%2C800&ssl=1 4x"},"classes":[]},{"id":17629,"url":"https:\/\/sarimelekler.biz\/?p=17629","url_meta":{"origin":6397,"position":3},"title":"Kaptan\u0131m\u0131z Eda Erdem D\u00fcndar\u2019a B\u00fcy\u00fck Onur","author":"Edit\u00f6r","date":"30 Mart 2022","format":false,"excerpt":"Fenerbah\u00e7e Opet Kad\u0131n Voleybol Tak\u0131m\u0131m\u0131z\u0131n ve A Milli Kad\u0131n Voleybol Tak\u0131m\u0131m\u0131z\u0131n kaptan\u0131 Eda Erdem D\u00fcndar, T\u00fcrkiye Milli Olimpiyat Komitesi (TMOK) taraf\u0131ndan \u00f6nemli bir g\u00f6reve lay\u0131k g\u00f6r\u00fcld\u00fc. Fenerbah\u00e7e ve milli tak\u0131m formas\u0131yla \u00e7ok say\u0131da \u00f6nemli ba\u015far\u0131ya imza atan kaptan Eda Erdem D\u00fcndar TMOK Sporcu Komisyonu Ba\u015fkanl\u0131\u011f\u0131na se\u00e7ildi. Eda Erdem, ayn\u0131 zamanda\u2026","rel":"","context":"&quot;Haberler&quot; i\u00e7inde","block_context":{"text":"Haberler","link":"https:\/\/sarimelekler.biz\/?cat=7"},"img":{"alt_text":"","src":"https:\/\/i0.wp.com\/sarimelekler.biz\/wp-content\/uploads\/2019\/09\/Eda-CLw-14.jpg?resize=350%2C200&ssl=1","width":350,"height":200,"srcset":"https:\/\/i0.wp.com\/sarimelekler.biz\/wp-content\/uploads\/2019\/09\/Eda-CLw-14.jpg?resize=350%2C200&ssl=1 1x, https:\/\/i0.wp.com\/sarimelekler.biz\/wp-content\/uploads\/2019\/09\/Eda-CLw-14.jpg?resize=525%2C300&ssl=1 1.5x, https:\/\/i0.wp.com\/sarimelekler.biz\/wp-content\/uploads\/2019\/09\/Eda-CLw-14.jpg?resize=700%2C400&ssl=1 2x, https:\/\/i0.wp.com\/sarimelekler.biz\/wp-content\/uploads\/2019\/09\/Eda-CLw-14.jpg?resize=1050%2C600&ssl=1 3x, https:\/\/i0.wp.com\/sarimelekler.biz\/wp-content\/uploads\/2019\/09\/Eda-CLw-14.jpg?resize=1400%2C800&ssl=1 4x"},"classes":[]},{"id":6188,"url":"https:\/\/sarimelekler.biz\/?p=6188","url_meta":{"origin":6397,"position":4},"title":"3. l\u00fck Ma\u00e7\u0131nda Rakibimiz Galatasaray oldu","author":"Edit\u00f6r","date":"28 Mart 2018","format":false,"excerpt":"Fenerbah\u00e7e Bayan Voleybol Tak\u0131m\u0131m\u0131z Vestel Ven\u00fcs Sultanlar Liginin \u00e7eyrek finalinde Eczac\u0131ba\u015f\u0131 Vitra tak\u0131m\u0131na 3-1 ve 3-0\u2019l\u0131k ma\u00e7 skorlar\u0131yla 2-0\u2019l\u0131k skorla yenilerek 3. l\u00fck ma\u00e7\u0131 oynamaya hak kazanm\u0131\u015ft\u0131. Bu ak\u015fam ise yar\u0131 finalin di\u011fer ma\u00e7\u0131nda Vak\u0131fbank, Galatasaray\u2019\u0131 hakemlerinde deste\u011fiyle 3-2 ma\u011flup ederek finale y\u00fckselirken Galatasaray ise 3\/4 ma\u00e7\u0131 i\u00e7in rakibimiz oldu.\u2026","rel":"","context":"&quot;T\u00fcrkiye Ligi&quot; i\u00e7inde","block_context":{"text":"T\u00fcrkiye Ligi","link":"https:\/\/sarimelekler.biz\/?cat=6"},"img":{"alt_text":"","src":"https:\/\/i0.wp.com\/sarimelekler.biz\/wp-content\/uploads\/2018\/03\/de6p6677_59499_6470424-1.jpg?resize=350%2C200&ssl=1","width":350,"height":200,"srcset":"https:\/\/i0.wp.com\/sarimelekler.biz\/wp-content\/uploads\/2018\/03\/de6p6677_59499_6470424-1.jpg?resize=350%2C200&ssl=1 1x, https:\/\/i0.wp.com\/sarimelekler.biz\/wp-content\/uploads\/2018\/03\/de6p6677_59499_6470424-1.jpg?resize=525%2C300&ssl=1 1.5x, https:\/\/i0.wp.com\/sarimelekler.biz\/wp-content\/uploads\/2018\/03\/de6p6677_59499_6470424-1.jpg?resize=700%2C400&ssl=1 2x, https:\/\/i0.wp.com\/sarimelekler.biz\/wp-content\/uploads\/2018\/03\/de6p6677_59499_6470424-1.jpg?resize=1050%2C600&ssl=1 3x, https:\/\/i0.wp.com\/sarimelekler.biz\/wp-content\/uploads\/2018\/03\/de6p6677_59499_6470424-1.jpg?resize=1400%2C800&ssl=1 4x"},"classes":[]},{"id":4822,"url":"https:\/\/sarimelekler.biz\/?p=4822","url_meta":{"origin":6397,"position":5},"title":"Derbi Sar\u0131 Melekler&#8217;in Galatasaray:1 &#8211; Fenerbah\u00e7e:3","author":"Edit\u00f6r","date":"1 Kas\u0131m 2017","format":false,"excerpt":"Fenerbah\u00e7e Bayan Voleybol Tak\u0131m\u0131m\u0131z Vestel Ven\u00fcs Sultanlar Ligi'nin 5. Haftas\u0131nda deplasmanda kar\u015f\u0131la\u015ft\u0131\u011f\u0131 Galatasaray tak\u0131m\u0131n\u0131 18 - 25, 25 - 17, 14 \u2013 25 ve 23 \u2013 25\u2019lik set skorlar\u0131yla 3-1 yenerek be\u015finci ma\u00e7\u0131ndan da 3 puanla ayr\u0131lm\u0131\u015f oldu. Ma\u00e7a Eda, Polen, Dicle, Rahimova, Nootsara, Mia ve Merve ile ba\u015flayan tak\u0131m\u0131m\u0131zda\u2026","rel":"","context":"&quot;T\u00fcrkiye Ligi&quot; i\u00e7inde","block_context":{"text":"T\u00fcrkiye Ligi","link":"https:\/\/sarimelekler.biz\/?cat=6"},"img":{"alt_text":"","src":"https:\/\/i0.wp.com\/sarimelekler.biz\/wp-content\/uploads\/2017\/11\/de6p8156_57830_7544994.jpg?resize=350%2C200&ssl=1","width":350,"height":200,"srcset":"https:\/\/i0.wp.com\/sarimelekler.biz\/wp-content\/uploads\/2017\/11\/de6p8156_57830_7544994.jpg?resize=350%2C200&ssl=1 1x, https:\/\/i0.wp.com\/sarimelekler.biz\/wp-content\/uploads\/2017\/11\/de6p8156_57830_7544994.jpg?resize=525%2C300&ssl=1 1.5x, https:\/\/i0.wp.com\/sarimelekler.biz\/wp-content\/uploads\/2017\/11\/de6p8156_57830_7544994.jpg?resize=700%2C400&ssl=1 2x, https:\/\/i0.wp.com\/sarimelekler.biz\/wp-content\/uploads\/2017\/11\/de6p8156_57830_7544994.jpg?resize=1050%2C600&ssl=1 3x, https:\/\/i0.wp.com\/sarimelekler.biz\/wp-content\/uploads\/2017\/11\/de6p8156_57830_7544994.jpg?resize=1400%2C800&ssl=1 4x"},"classes":[]}],"_links":{"self":[{"href":"https:\/\/sarimelekler.biz\/index.php?rest_route=\/wp\/v2\/posts\/6397","targetHints":{"allow":["GET"]}}],"collection":[{"href":"https:\/\/sarimelekler.biz\/index.php?rest_route=\/wp\/v2\/posts"}],"about":[{"href":"https:\/\/sarimelekler.biz\/index.php?rest_route=\/wp\/v2\/types\/post"}],"author":[{"embeddable":true,"href":"https:\/\/sarimelekler.biz\/index.php?rest_route=\/wp\/v2\/users\/1"}],"replies":[{"embeddable":true,"href":"https:\/\/sarimelekler.biz\/index.php?rest_route=%2Fwp%2Fv2%2Fcomments&post=6397"}],"version-history":[{"count":5,"href":"https:\/\/sarimelekler.biz\/index.php?rest_route=\/wp\/v2\/posts\/6397\/revisions"}],"predecessor-version":[{"id":6407,"href":"https:\/\/sarimelekler.biz\/index.php?rest_route=\/wp\/v2\/posts\/6397\/revisions\/6407"}],"wp:featuredmedia":[{"embeddable":true,"href":"https:\/\/sarimelekler.biz\/index.php?rest_route=\/wp\/v2\/media\/6400"}],"wp:attachment":[{"href":"https:\/\/sarimelekler.biz\/index.php?rest_route=%2Fwp%2Fv2%2Fmedia&parent=6397"}],"wp:term":[{"taxonomy":"category","embeddable":true,"href":"https:\/\/sarimelekler.biz\/index.php?rest_route=%2Fwp%2Fv2%2Fcategories&post=6397"},{"taxonomy":"post_tag","embeddable":true,"href":"https:\/\/sarimelekler.biz\/index.php?rest_route=%2Fwp%2Fv2%2Ftags&post=6397"}],"curies":[{"name":"wp","href":"https:\/\/api.w.org\/{rel}","templated":true}]}}