{"id":6475,"date":"2018-07-01T23:52:10","date_gmt":"2018-07-01T20:52:10","guid":{"rendered":"http:\/\/sarimelekler.biz\/?p=6475"},"modified":"2018-08-26T01:56:56","modified_gmt":"2018-08-25T22:56:56","slug":"milli-takimimizdan-buyuk-basari","status":"publish","type":"post","link":"https:\/\/sarimelekler.biz\/?p=6475","title":{"rendered":"Milli Tak\u0131m\u0131m\u0131zdan B\u00fcy\u00fck Ba\u015far\u0131"},"content":{"rendered":"<p style=\"text-align: justify;\">\u00c7in\u2019in Nanjing kentinin ev sahipli\u011finde d\u00fczenlenen FIVB Voleybol Milletler Ligi Finalleri\u2019nde son 4\u2019te Avrupa K\u0131tas\u0131\u2019n\u0131 temsil eden tek \u00fclke olarak D\u00fcnya devleriyle \u015fampiyonluk m\u00fccadelesi veren A Bayan Milli Tak\u0131m\u0131m\u0131z, final ma\u00e7\u0131nda bug\u00fcn (01 Temmuz 2018, Pazar), son D\u00fcnya \u015fampiyonu A.B.D. ile kar\u015f\u0131 kar\u015f\u0131ya geldi.<\/p>\n<p style=\"text-align: justify;\">Millilerimiz, Nanjing Olympic Sports Centre\u2019de oynanan m\u00fccadelede rakibine 25-17, 22-25, 28-26, 15-25 ve 7-15\u2018lik setlerle 3-2 ma\u011flup olmas\u0131na ra\u011fmen b\u00fcy\u00fck bir ba\u015far\u0131ya imza atarak turnuvay\u0131 2. s\u0131rada tamamlad\u0131 ve g\u00fcm\u00fc\u015f madalyan\u0131n sahibi oldu.<\/p>\n<p style=\"text-align: justify;\">Turnuvada A Bayan Milli Tak\u0131m\u0131m\u0131z\u2019dan Eda Erdem D\u00fcndar ve Cansu \u00d6zbay, turnuvan\u0131n R\u00fcya Tak\u0131m\u0131\u2019na se\u00e7ildi.<\/p>\n<p style=\"text-align: justify;\">A Bayan Milli Tak\u0131m\u0131m\u0131z\u0131n kaptan\u0131 Eda Erdem D\u00fcndar, 2018 FIVB Milletler Ligi\u2019nin \u201cEn \u0130yi Orta Oyuncu\u201d, Milli Tak\u0131m\u0131m\u0131z\u0131n ba\u015far\u0131l\u0131 pas\u00f6r\u00fc Cansu \u00d6zbay ise; \u201cEn \u0130yi Pas\u00f6r\u201d \u00f6d\u00fcl\u00fcn\u00fcn sahibi oldu.<\/p>\n<p style=\"text-align: justify;\">FIVB Voleybol Milletler Ligi R\u00fcya Tak\u0131m\u0131:<br \/>\nPas\u00f6r: Cansu \u00d6zbay (T\u00fcrkiye)<br \/>\nPas\u00f6r \u00c7apraz\u0131: Tandara Caixeta (Brezilya)<br \/>\nSma\u00e7\u00f6rler: Michelle Bartsch-Hackley (A.B.D.), Zhu Ting (\u00c7in)<br \/>\nOrta Oyuncular: Eda Erdem D\u00fcndar (T\u00fcrkiye), Tetori Dixon (A.B.D.)<br \/>\nLibero: Suelen Pinto (Brezilya)<br \/>\nMVP: Michelle Bartsch-Hackley (A.B.D.)<\/p>\n<p style=\"text-align: justify;\">FIVB Voleybol Milletler Ligi\u2019nde Genel S\u0131ralaman\u0131n ilk 3 basama\u011f\u0131 \u015fu \u015fekilde olu\u015ftu:<br \/>\n1.A.B.D.<br \/>\n2.T\u00fcrkiye<br \/>\n3.\u00c7in<\/p>\n<p style=\"text-align: justify;\"><strong>F\u0130LEN\u0130N SULTANLARI\u2019NIN M\u0130LLETLER L\u0130G\u0130 SER\u00dcVEN\u0130<\/strong><\/p>\n<p style=\"text-align: justify;\"><strong>1.Hafta<\/strong><br \/>\nUluslararas\u0131 Voleybol Federasyonu (FIVB) taraf\u0131ndan d\u00fczenlenen eski ad\u0131yla Grand Prix olarak bilinen ve bu y\u0131l ilk kez yenilenen format\u0131yla toplam 5 ayaktan olu\u015fan Milletler Ligi\u2019nde m\u00fccadele eden A Bayan Milli Tak\u0131m\u0131m\u0131z; Milletler Ligi\u2019nin ilk haftas\u0131nda A.B.D. etab\u0131nda m\u00fccadele etti. Millilerimiz, A.B.D. etab\u0131nda oynad\u0131\u011f\u0131 3 kar\u015f\u0131la\u015fmada \u0130talya, Polonya ve A.B.D. gibi D\u00fcnya devleri kar\u015f\u0131s\u0131nda 3 galibiyet alarak ilk haftay\u0131 nama\u011flup olarak tamamlad\u0131.<\/p>\n<p style=\"text-align: justify;\">1.Hafta Sonu\u00e7lar\u0131<br \/>\nT\u00fcrkiye \u2013 \u0130talya: 3-0 (25-21, 25-21, 25-20)<br \/>\nA.B.D. \u2013 T\u00fcrkiye: 2-3 (26-28, 19-25, 25-20, 26-24, 14-16)<br \/>\nT\u00fcrkiye \u2013 Polonya: 3-0 (25-17, 25-21, 25-23)<\/p>\n<p style=\"text-align: justify;\"><strong>2.Hafta<\/strong><br \/>\nEv sahipli\u011fi yapt\u0131\u011f\u0131m\u0131z Milletler Ligi\u2019nin 2. haftas\u0131nda Ankara\u2019da seyircisiyle bulu\u015fan Millilerimiz, bu kez Amerika K\u0131tas\u0131\u2019n\u0131n devleriyle kar\u015f\u0131 kar\u015f\u0131ya geldi. Millilerimiz, Ankara seyircisinin de deste\u011fi ile birlikte oynad\u0131\u011f\u0131 kar\u015f\u0131la\u015fmalarda Dominik Cumhuriyeti ve Arjantin\u2019i ma\u011flup ederken; son Grand Prix \u015fampiyonu Brezilya\u2019ya ma\u011flup oldu.<\/p>\n<p style=\"text-align: justify;\">2.Hafta Sonu\u00e7lar\u0131<br \/>\nT\u00fcrkiye \u2013 Brezilya: 1-3 (17-25, 19-25, 25-23, 21-25)<br \/>\nT\u00fcrkiye \u2013 Dominik Cumhuriyeti: 3-1 (25-20, 17-25, 25-20, 25-19)<br \/>\nT\u00fcrkiye \u2013 Arjantin: 3-0 (25-16, 25-16, 25-19)<\/p>\n<p style=\"text-align: justify;\"><strong>3.Hafta<\/strong><br \/>\nFIVB Milletler Ligi\u2019nin 3. haftas\u0131nda; S\u0131rbistan Etab\u0131\u2019nda Avrupa\u2019n\u0131n \u00f6nemli tak\u0131mlar\u0131ndan Almanya ve Rusya ve son Avrupa \u015fampiyonu ve olimpiyat ikincisi S\u0131rbistan ile m\u00fccadele eden Millilerimiz, oynad\u0131\u011f\u0131 kar\u015f\u0131la\u015fmalarda Bel\u00e7ika\u2019y\u0131 ma\u011flup ederken; S\u0131rbistan ve Rusya kar\u015f\u0131s\u0131nda \u015fanss\u0131z bir \u015fekilde 3-2\u2019lik ma\u011flubiyetler ald\u0131.<\/p>\n<p style=\"text-align: justify;\">3.Hafta Sonu\u00e7lar\u0131<br \/>\nBel\u00e7ika \u2013 T\u00fcrkiye: 0-3 (19-25, 18-25, 24-26)<br \/>\nT\u00fcrkiye \u2013 Rusya: 2-3 (23-25, 25-19, 25-23, 20-25, 11-15)<br \/>\nT\u00fcrkiye \u2013 S\u0131rbistan: 2-3 (20-25, 25-22, 25-18, 23-25, 12-15)<\/p>\n<p style=\"text-align: justify;\"><strong>4.Hafta<\/strong><br \/>\nTayland\u2019\u0131n Nakhon Ratchasrima kentinin ev sahipli\u011fi yapt\u0131\u011f\u0131 Milletler Ligi\u2019nin 4. haftas\u0131nda Millilerimiz, Asya voleybolunun devlerine (Japonya, Tayland, G\u00fcney Kore) kar\u015f\u0131 oynad\u0131\u011f\u0131 3 kar\u015f\u0131la\u015fmadan da galibiyet ile ayr\u0131larak; \u00c7in\u2019in Nanjing kentinde d\u00fczenlenecek Milletler Ligi Finalleri\u2019ne kat\u0131lma yolunda dev bir ad\u0131m att\u0131.<\/p>\n<p style=\"text-align: justify;\">4.Hafta Sonu\u00e7lar\u0131<br \/>\nJaponya \u2013 T\u00fcrkiye: 1-3 (17-25, 23-25, 25-23, 11-25)<br \/>\nTayland \u2013 T\u00fcrkiye: 1-3 (20-25, 28-30, 25-18, 19-25)<br \/>\nG\u00fcney Kore \u2013 T\u00fcrkiye: 0-3 (19-25, 21-25, 23-25)<\/p>\n<p style=\"text-align: justify;\"><strong>5.Hafta<\/strong><br \/>\nA Bayan Milli Tak\u0131m\u0131m\u0131z, Milletler Ligi Finalleri \u00f6ncesindeki 5. ve son haftada ise; Stuttgart etab\u0131nda, Avrupa\u2019n\u0131n \u00f6nemli tak\u0131mlar\u0131ndan Almanya ve Hollanda ile son olimpiyat \u015fampiyonu \u00c7in ile m\u00fccadele etti. Millilerimiz, Stuttgart etab\u0131nda oynad\u0131\u011f\u0131 kar\u015f\u0131la\u015fmalarda da son olimpiyat \u015fampiyon \u00c7in\u2019i ve ev sahibi Almanya\u2019y\u0131 ma\u011flup etti, Hollanda\u2019ya ise ma\u011flup oldu.<\/p>\n<p style=\"text-align: justify;\">5.Hafta Sonu\u00e7lar\u0131<br \/>\nT\u00fcrkiye \u2013 Hollanda: 2-3 (11-25, 29-31, 25-16, 25-20, 10-15)<br \/>\nAlmanya \u2013 T\u00fcrkiye: 1-3 (16-25, 15-25, 25-20, 19-25)<br \/>\n\u00c7in \u2013 T\u00fcrkiye: 1-3 (26-28, 21-25, 25-20, 20-25)<\/p>\n<p style=\"text-align: justify;\">Filenin Sultanlar\u0131, FIVB Milletler Ligi\u2019nde 5 hafta boyunca s\u00fcren uzun bir maratonun ard\u0131ndan toplamda 11 galibiyet, 4 ma\u011flubiyet alarak 35 puan toplad\u0131 ve genel s\u0131ralamay\u0131 5. s\u0131rada tamamlayarak ad\u0131n\u0131 finallere yazd\u0131rd\u0131.<\/p>\n<p style=\"text-align: justify;\">\u00c7in\u2019in Nanjing kentinin ev sahipli\u011finde d\u00fczenlenen FIVB Voleybol Milletler Ligi Finalleri\u2019nde B Grubu\u2019nda m\u00fccadele eden Millilerimiz, grubundaki ilk kar\u015f\u0131la\u015fmada 2-0 \u00f6ne ge\u00e7ti\u011fi m\u00fccadelede son D\u00fcnya \u015fampiyonu A.B.D.\u2019ye \u015fanss\u0131z bir \u015fekilde 3-2 ma\u011flup oldu. Millilerimiz, grubundaki ikinci ve son kar\u015f\u0131la\u015fmas\u0131nda ise; son Avrupa \u015fampiyonu S\u0131rbistan\u2019\u0131 3-2\u2019lik skor ile ge\u00e7erek grubunu 2. s\u0131rada tamamlad\u0131 ve ad\u0131n\u0131 yar\u0131 finale yazd\u0131rd\u0131.<\/p>\n<p style=\"text-align: justify;\">B\u00f6ylelikle; FIVB Voleybol Milletler Ligi Finalleri\u2019nde son 4\u2019te Avrupa K\u0131tas\u0131\u2019n\u0131 temsil eden tek \u00fclke olarak D\u00fcnya devleriyle \u015fampiyonluk m\u00fccadelesi veren A Bayan Milli Tak\u0131m\u0131m\u0131z, yar\u0131 final ma\u00e7\u0131nda ise; son Grand Prix \u015fampiyonu Brezilya\u2019y\u0131 set vermeden 3-0 ma\u011flup etti ve tarihi bir ba\u015far\u0131ya imza atarak ad\u0131n\u0131 ilk kez finale yazd\u0131rd\u0131.<\/p>\n<p style=\"text-align: justify;\">Finalde son D\u00fcnya \u015fampiyonu A.B.D. ile kar\u015f\u0131 kar\u015f\u0131ya Milli Tak\u0131m\u0131m\u0131z ma\u00e7\u0131 3-2 kaybeden Filenin Sultanlar\u0131 b\u00fcy\u00fck bir ba\u015far\u0131ya imza atarak turnuvay\u0131 2. s\u0131rada tamamlad\u0131 ve g\u00fcm\u00fc\u015f madalyan\u0131n sahibi oldu.<\/p>\n<p><strong>Milli Tak\u0131m\u0131m\u0131z Oyuncu Kadrosunun \u0130statistikleri:<\/strong><\/p>\n\n\t\t<style type=\"text\/css\">\n\t\t\t#gallery-1 {\n\t\t\t\tmargin: auto;\n\t\t\t}\n\t\t\t#gallery-1 .gallery-item {\n\t\t\t\tfloat: left;\n\t\t\t\tmargin-top: 10px;\n\t\t\t\ttext-align: center;\n\t\t\t\twidth: 25%;\n\t\t\t}\n\t\t\t#gallery-1 img {\n\t\t\t\tborder: 2px solid #cfcfcf;\n\t\t\t}\n\t\t\t#gallery-1 .gallery-caption {\n\t\t\t\tmargin-left: 0;\n\t\t\t}\n\t\t\t\/* see gallery_shortcode() in wp-includes\/media.php *\/\n\t\t<\/style>\n\t\t<div data-carousel-extra='{&quot;blog_id&quot;:1,&quot;permalink&quot;:&quot;https:\/\/sarimelekler.biz\/?p=6475&quot;}' id='gallery-1' class='gallery galleryid-6475 gallery-columns-4 gallery-size-thumbnail'><dl class='gallery-item'>\n\t\t\t<dt class='gallery-icon landscape'>\n\t\t\t\t<a href='https:\/\/sarimelekler.biz\/?attachment_id=6482'><img loading=\"lazy\" decoding=\"async\" width=\"150\" height=\"150\" src=\"https:\/\/sarimelekler.biz\/wp-content\/uploads\/2018\/07\/En-Skorer-150x150.jpg\" class=\"attachment-thumbnail size-thumbnail\" alt=\"\" data-attachment-id=\"6482\" data-permalink=\"https:\/\/sarimelekler.biz\/?attachment_id=6482\" data-orig-file=\"https:\/\/sarimelekler.biz\/wp-content\/uploads\/2018\/07\/En-Skorer.jpg\" data-orig-size=\"1202,645\" data-comments-opened=\"0\" data-image-meta=\"{&quot;aperture&quot;:&quot;0&quot;,&quot;credit&quot;:&quot;&quot;,&quot;camera&quot;:&quot;&quot;,&quot;caption&quot;:&quot;&quot;,&quot;created_timestamp&quot;:&quot;0&quot;,&quot;copyright&quot;:&quot;&quot;,&quot;focal_length&quot;:&quot;0&quot;,&quot;iso&quot;:&quot;0&quot;,&quot;shutter_speed&quot;:&quot;0&quot;,&quot;title&quot;:&quot;&quot;,&quot;orientation&quot;:&quot;0&quot;}\" data-image-title=\"En Skorer\" data-image-description=\"\" data-image-caption=\"\" data-large-file=\"https:\/\/sarimelekler.biz\/wp-content\/uploads\/2018\/07\/En-Skorer-1024x549.jpg\" \/><\/a>\n\t\t\t<\/dt><\/dl><dl class='gallery-item'>\n\t\t\t<dt class='gallery-icon landscape'>\n\t\t\t\t<a href='https:\/\/sarimelekler.biz\/?attachment_id=6481'><img loading=\"lazy\" decoding=\"async\" width=\"150\" height=\"150\" src=\"https:\/\/sarimelekler.biz\/wp-content\/uploads\/2018\/07\/En-iyi-Sma\u00e7\u00f6r-150x150.jpg\" class=\"attachment-thumbnail size-thumbnail\" alt=\"\" data-attachment-id=\"6481\" data-permalink=\"https:\/\/sarimelekler.biz\/?attachment_id=6481\" data-orig-file=\"https:\/\/sarimelekler.biz\/wp-content\/uploads\/2018\/07\/En-iyi-Sma\u00e7\u00f6r.jpg\" data-orig-size=\"1209,674\" data-comments-opened=\"0\" data-image-meta=\"{&quot;aperture&quot;:&quot;0&quot;,&quot;credit&quot;:&quot;&quot;,&quot;camera&quot;:&quot;&quot;,&quot;caption&quot;:&quot;&quot;,&quot;created_timestamp&quot;:&quot;0&quot;,&quot;copyright&quot;:&quot;&quot;,&quot;focal_length&quot;:&quot;0&quot;,&quot;iso&quot;:&quot;0&quot;,&quot;shutter_speed&quot;:&quot;0&quot;,&quot;title&quot;:&quot;&quot;,&quot;orientation&quot;:&quot;0&quot;}\" data-image-title=\"En iyi Sma\u00e7\u00f6r\" data-image-description=\"\" data-image-caption=\"\" data-large-file=\"https:\/\/sarimelekler.biz\/wp-content\/uploads\/2018\/07\/En-iyi-Sma\u00e7\u00f6r-1024x571.jpg\" \/><\/a>\n\t\t\t<\/dt><\/dl><dl class='gallery-item'>\n\t\t\t<dt class='gallery-icon landscape'>\n\t\t\t\t<a href='https:\/\/sarimelekler.biz\/?attachment_id=6476'><img loading=\"lazy\" decoding=\"async\" width=\"150\" height=\"150\" src=\"https:\/\/sarimelekler.biz\/wp-content\/uploads\/2018\/07\/En-\u0130yi-Blok\u00f6r-150x150.jpg\" class=\"attachment-thumbnail size-thumbnail\" alt=\"\" data-attachment-id=\"6476\" data-permalink=\"https:\/\/sarimelekler.biz\/?attachment_id=6476\" data-orig-file=\"https:\/\/sarimelekler.biz\/wp-content\/uploads\/2018\/07\/En-\u0130yi-Blok\u00f6r.jpg\" data-orig-size=\"1210,658\" data-comments-opened=\"0\" data-image-meta=\"{&quot;aperture&quot;:&quot;0&quot;,&quot;credit&quot;:&quot;&quot;,&quot;camera&quot;:&quot;&quot;,&quot;caption&quot;:&quot;&quot;,&quot;created_timestamp&quot;:&quot;0&quot;,&quot;copyright&quot;:&quot;&quot;,&quot;focal_length&quot;:&quot;0&quot;,&quot;iso&quot;:&quot;0&quot;,&quot;shutter_speed&quot;:&quot;0&quot;,&quot;title&quot;:&quot;&quot;,&quot;orientation&quot;:&quot;0&quot;}\" data-image-title=\"En \u0130yi Blok\u00f6r\" data-image-description=\"\" data-image-caption=\"\" data-large-file=\"https:\/\/sarimelekler.biz\/wp-content\/uploads\/2018\/07\/En-\u0130yi-Blok\u00f6r-1024x557.jpg\" \/><\/a>\n\t\t\t<\/dt><\/dl><dl class='gallery-item'>\n\t\t\t<dt class='gallery-icon landscape'>\n\t\t\t\t<a href='https:\/\/sarimelekler.biz\/?attachment_id=6480'><img loading=\"lazy\" decoding=\"async\" width=\"150\" height=\"150\" src=\"https:\/\/sarimelekler.biz\/wp-content\/uploads\/2018\/07\/En-\u0130yi-Servisci-150x150.jpg\" class=\"attachment-thumbnail size-thumbnail\" alt=\"\" data-attachment-id=\"6480\" data-permalink=\"https:\/\/sarimelekler.biz\/?attachment_id=6480\" data-orig-file=\"https:\/\/sarimelekler.biz\/wp-content\/uploads\/2018\/07\/En-\u0130yi-Servisci.jpg\" data-orig-size=\"1207,669\" data-comments-opened=\"0\" data-image-meta=\"{&quot;aperture&quot;:&quot;0&quot;,&quot;credit&quot;:&quot;&quot;,&quot;camera&quot;:&quot;&quot;,&quot;caption&quot;:&quot;&quot;,&quot;created_timestamp&quot;:&quot;0&quot;,&quot;copyright&quot;:&quot;&quot;,&quot;focal_length&quot;:&quot;0&quot;,&quot;iso&quot;:&quot;0&quot;,&quot;shutter_speed&quot;:&quot;0&quot;,&quot;title&quot;:&quot;&quot;,&quot;orientation&quot;:&quot;0&quot;}\" data-image-title=\"En \u0130yi Servisci\" data-image-description=\"\" data-image-caption=\"\" data-large-file=\"https:\/\/sarimelekler.biz\/wp-content\/uploads\/2018\/07\/En-\u0130yi-Servisci-1024x568.jpg\" \/><\/a>\n\t\t\t<\/dt><\/dl><br style=\"clear: both\" \/><dl class='gallery-item'>\n\t\t\t<dt class='gallery-icon landscape'>\n\t\t\t\t<a href='https:\/\/sarimelekler.biz\/?attachment_id=6479'><img loading=\"lazy\" decoding=\"async\" width=\"150\" height=\"150\" src=\"https:\/\/sarimelekler.biz\/wp-content\/uploads\/2018\/07\/En-\u0130yi-Pas\u00f6r-150x150.jpg\" class=\"attachment-thumbnail size-thumbnail\" alt=\"\" data-attachment-id=\"6479\" data-permalink=\"https:\/\/sarimelekler.biz\/?attachment_id=6479\" data-orig-file=\"https:\/\/sarimelekler.biz\/wp-content\/uploads\/2018\/07\/En-\u0130yi-Pas\u00f6r.jpg\" data-orig-size=\"1211,661\" data-comments-opened=\"0\" data-image-meta=\"{&quot;aperture&quot;:&quot;0&quot;,&quot;credit&quot;:&quot;&quot;,&quot;camera&quot;:&quot;&quot;,&quot;caption&quot;:&quot;&quot;,&quot;created_timestamp&quot;:&quot;0&quot;,&quot;copyright&quot;:&quot;&quot;,&quot;focal_length&quot;:&quot;0&quot;,&quot;iso&quot;:&quot;0&quot;,&quot;shutter_speed&quot;:&quot;0&quot;,&quot;title&quot;:&quot;&quot;,&quot;orientation&quot;:&quot;0&quot;}\" data-image-title=\"En \u0130yi Pas\u00f6r\" data-image-description=\"\" data-image-caption=\"\" data-large-file=\"https:\/\/sarimelekler.biz\/wp-content\/uploads\/2018\/07\/En-\u0130yi-Pas\u00f6r-1024x559.jpg\" \/><\/a>\n\t\t\t<\/dt><\/dl><dl class='gallery-item'>\n\t\t\t<dt class='gallery-icon landscape'>\n\t\t\t\t<a href='https:\/\/sarimelekler.biz\/?attachment_id=6477'><img loading=\"lazy\" decoding=\"async\" width=\"150\" height=\"150\" src=\"https:\/\/sarimelekler.biz\/wp-content\/uploads\/2018\/07\/En-\u0130yi-Defans-Yapanlar-150x150.jpg\" class=\"attachment-thumbnail size-thumbnail\" alt=\"\" data-attachment-id=\"6477\" data-permalink=\"https:\/\/sarimelekler.biz\/?attachment_id=6477\" data-orig-file=\"https:\/\/sarimelekler.biz\/wp-content\/uploads\/2018\/07\/En-\u0130yi-Defans-Yapanlar.jpg\" data-orig-size=\"1099,654\" data-comments-opened=\"0\" data-image-meta=\"{&quot;aperture&quot;:&quot;0&quot;,&quot;credit&quot;:&quot;&quot;,&quot;camera&quot;:&quot;&quot;,&quot;caption&quot;:&quot;&quot;,&quot;created_timestamp&quot;:&quot;0&quot;,&quot;copyright&quot;:&quot;&quot;,&quot;focal_length&quot;:&quot;0&quot;,&quot;iso&quot;:&quot;0&quot;,&quot;shutter_speed&quot;:&quot;0&quot;,&quot;title&quot;:&quot;&quot;,&quot;orientation&quot;:&quot;0&quot;}\" data-image-title=\"En \u0130yi Defans Yapanlar\" data-image-description=\"\" data-image-caption=\"\" data-large-file=\"https:\/\/sarimelekler.biz\/wp-content\/uploads\/2018\/07\/En-\u0130yi-Defans-Yapanlar-1024x609.jpg\" \/><\/a>\n\t\t\t<\/dt><\/dl><dl class='gallery-item'>\n\t\t\t<dt class='gallery-icon landscape'>\n\t\t\t\t<a href='https:\/\/sarimelekler.biz\/?attachment_id=6478'><img loading=\"lazy\" decoding=\"async\" width=\"150\" height=\"150\" src=\"https:\/\/sarimelekler.biz\/wp-content\/uploads\/2018\/07\/En-\u0130yi-Manyet-Alan-150x150.jpg\" class=\"attachment-thumbnail size-thumbnail\" alt=\"\" data-attachment-id=\"6478\" data-permalink=\"https:\/\/sarimelekler.biz\/?attachment_id=6478\" data-orig-file=\"https:\/\/sarimelekler.biz\/wp-content\/uploads\/2018\/07\/En-\u0130yi-Manyet-Alan.jpg\" data-orig-size=\"1211,592\" data-comments-opened=\"0\" data-image-meta=\"{&quot;aperture&quot;:&quot;0&quot;,&quot;credit&quot;:&quot;&quot;,&quot;camera&quot;:&quot;&quot;,&quot;caption&quot;:&quot;&quot;,&quot;created_timestamp&quot;:&quot;0&quot;,&quot;copyright&quot;:&quot;&quot;,&quot;focal_length&quot;:&quot;0&quot;,&quot;iso&quot;:&quot;0&quot;,&quot;shutter_speed&quot;:&quot;0&quot;,&quot;title&quot;:&quot;&quot;,&quot;orientation&quot;:&quot;0&quot;}\" data-image-title=\"En \u0130yi Manyet Alan\" data-image-description=\"\" data-image-caption=\"\" data-large-file=\"https:\/\/sarimelekler.biz\/wp-content\/uploads\/2018\/07\/En-\u0130yi-Manyet-Alan-1024x501.jpg\" \/><\/a>\n\t\t\t<\/dt><\/dl><dl class='gallery-item'>\n\t\t\t<dt class='gallery-icon landscape'>\n\t\t\t\t<a href='https:\/\/sarimelekler.biz\/?attachment_id=6483'><img loading=\"lazy\" decoding=\"async\" width=\"150\" height=\"150\" src=\"https:\/\/sarimelekler.biz\/wp-content\/uploads\/2018\/07\/En-Ya\u015fl\u0131-En-Gen\u00e7-150x150.jpg\" class=\"attachment-thumbnail size-thumbnail\" alt=\"\" data-attachment-id=\"6483\" data-permalink=\"https:\/\/sarimelekler.biz\/?attachment_id=6483\" data-orig-file=\"https:\/\/sarimelekler.biz\/wp-content\/uploads\/2018\/07\/En-Ya\u015fl\u0131-En-Gen\u00e7.jpg\" data-orig-size=\"1204,370\" data-comments-opened=\"0\" data-image-meta=\"{&quot;aperture&quot;:&quot;0&quot;,&quot;credit&quot;:&quot;&quot;,&quot;camera&quot;:&quot;&quot;,&quot;caption&quot;:&quot;&quot;,&quot;created_timestamp&quot;:&quot;0&quot;,&quot;copyright&quot;:&quot;&quot;,&quot;focal_length&quot;:&quot;0&quot;,&quot;iso&quot;:&quot;0&quot;,&quot;shutter_speed&quot;:&quot;0&quot;,&quot;title&quot;:&quot;&quot;,&quot;orientation&quot;:&quot;0&quot;}\" data-image-title=\"En Ya\u015fl\u0131 &amp;#8211; En Gen\u00e7\" data-image-description=\"\" data-image-caption=\"\" data-large-file=\"https:\/\/sarimelekler.biz\/wp-content\/uploads\/2018\/07\/En-Ya\u015fl\u0131-En-Gen\u00e7-1024x315.jpg\" \/><\/a>\n\t\t\t<\/dt><\/dl><br style=\"clear: both\" \/>\n\t\t<\/div>\n\n<p><strong>Turnuva Genel \u0130statistikleri: (1-20 Aras\u0131)<\/strong><\/p>\n\n\t\t<style type=\"text\/css\">\n\t\t\t#gallery-2 {\n\t\t\t\tmargin: auto;\n\t\t\t}\n\t\t\t#gallery-2 .gallery-item {\n\t\t\t\tfloat: left;\n\t\t\t\tmargin-top: 10px;\n\t\t\t\ttext-align: center;\n\t\t\t\twidth: 25%;\n\t\t\t}\n\t\t\t#gallery-2 img {\n\t\t\t\tborder: 2px solid #cfcfcf;\n\t\t\t}\n\t\t\t#gallery-2 .gallery-caption {\n\t\t\t\tmargin-left: 0;\n\t\t\t}\n\t\t\t\/* see gallery_shortcode() in wp-includes\/media.php *\/\n\t\t<\/style>\n\t\t<div data-carousel-extra='{&quot;blog_id&quot;:1,&quot;permalink&quot;:&quot;https:\/\/sarimelekler.biz\/?p=6475&quot;}' id='gallery-2' class='gallery galleryid-6475 gallery-columns-4 gallery-size-thumbnail'><dl class='gallery-item'>\n\t\t\t<dt class='gallery-icon landscape'>\n\t\t\t\t<a href='https:\/\/sarimelekler.biz\/?attachment_id=6490'><img loading=\"lazy\" decoding=\"async\" width=\"150\" height=\"150\" src=\"https:\/\/sarimelekler.biz\/wp-content\/uploads\/2018\/07\/En-Skorer-1-150x150.jpg\" class=\"attachment-thumbnail size-thumbnail\" alt=\"\" data-attachment-id=\"6490\" data-permalink=\"https:\/\/sarimelekler.biz\/?attachment_id=6490\" data-orig-file=\"https:\/\/sarimelekler.biz\/wp-content\/uploads\/2018\/07\/En-Skorer-1.jpg\" data-orig-size=\"1116,933\" data-comments-opened=\"0\" data-image-meta=\"{&quot;aperture&quot;:&quot;0&quot;,&quot;credit&quot;:&quot;&quot;,&quot;camera&quot;:&quot;&quot;,&quot;caption&quot;:&quot;&quot;,&quot;created_timestamp&quot;:&quot;0&quot;,&quot;copyright&quot;:&quot;&quot;,&quot;focal_length&quot;:&quot;0&quot;,&quot;iso&quot;:&quot;0&quot;,&quot;shutter_speed&quot;:&quot;0&quot;,&quot;title&quot;:&quot;&quot;,&quot;orientation&quot;:&quot;0&quot;}\" data-image-title=\"En Skorer\" data-image-description=\"\" data-image-caption=\"\" data-large-file=\"https:\/\/sarimelekler.biz\/wp-content\/uploads\/2018\/07\/En-Skorer-1-1024x856.jpg\" \/><\/a>\n\t\t\t<\/dt><\/dl><dl class='gallery-item'>\n\t\t\t<dt class='gallery-icon landscape'>\n\t\t\t\t<a href='https:\/\/sarimelekler.biz\/?attachment_id=6489'><img loading=\"lazy\" decoding=\"async\" width=\"150\" height=\"150\" src=\"https:\/\/sarimelekler.biz\/wp-content\/uploads\/2018\/07\/En-iyi-Sma\u00e7\u00f6r-1-150x150.jpg\" class=\"attachment-thumbnail size-thumbnail\" alt=\"\" data-attachment-id=\"6489\" data-permalink=\"https:\/\/sarimelekler.biz\/?attachment_id=6489\" data-orig-file=\"https:\/\/sarimelekler.biz\/wp-content\/uploads\/2018\/07\/En-iyi-Sma\u00e7\u00f6r-1.jpg\" data-orig-size=\"1114,938\" data-comments-opened=\"0\" data-image-meta=\"{&quot;aperture&quot;:&quot;0&quot;,&quot;credit&quot;:&quot;&quot;,&quot;camera&quot;:&quot;&quot;,&quot;caption&quot;:&quot;&quot;,&quot;created_timestamp&quot;:&quot;0&quot;,&quot;copyright&quot;:&quot;&quot;,&quot;focal_length&quot;:&quot;0&quot;,&quot;iso&quot;:&quot;0&quot;,&quot;shutter_speed&quot;:&quot;0&quot;,&quot;title&quot;:&quot;&quot;,&quot;orientation&quot;:&quot;0&quot;}\" data-image-title=\"En iyi Sma\u00e7\u00f6r\" data-image-description=\"\" data-image-caption=\"\" data-large-file=\"https:\/\/sarimelekler.biz\/wp-content\/uploads\/2018\/07\/En-iyi-Sma\u00e7\u00f6r-1-1024x862.jpg\" \/><\/a>\n\t\t\t<\/dt><\/dl><dl class='gallery-item'>\n\t\t\t<dt class='gallery-icon landscape'>\n\t\t\t\t<a href='https:\/\/sarimelekler.biz\/?attachment_id=6484'><img loading=\"lazy\" decoding=\"async\" width=\"150\" height=\"150\" src=\"https:\/\/sarimelekler.biz\/wp-content\/uploads\/2018\/07\/En-\u0130yi-Blok\u00f6r-1-150x150.jpg\" class=\"attachment-thumbnail size-thumbnail\" alt=\"\" data-attachment-id=\"6484\" data-permalink=\"https:\/\/sarimelekler.biz\/?attachment_id=6484\" data-orig-file=\"https:\/\/sarimelekler.biz\/wp-content\/uploads\/2018\/07\/En-\u0130yi-Blok\u00f6r-1.jpg\" data-orig-size=\"1108,947\" data-comments-opened=\"0\" data-image-meta=\"{&quot;aperture&quot;:&quot;0&quot;,&quot;credit&quot;:&quot;&quot;,&quot;camera&quot;:&quot;&quot;,&quot;caption&quot;:&quot;&quot;,&quot;created_timestamp&quot;:&quot;0&quot;,&quot;copyright&quot;:&quot;&quot;,&quot;focal_length&quot;:&quot;0&quot;,&quot;iso&quot;:&quot;0&quot;,&quot;shutter_speed&quot;:&quot;0&quot;,&quot;title&quot;:&quot;&quot;,&quot;orientation&quot;:&quot;0&quot;}\" data-image-title=\"En \u0130yi Blok\u00f6r\" data-image-description=\"\" data-image-caption=\"\" data-large-file=\"https:\/\/sarimelekler.biz\/wp-content\/uploads\/2018\/07\/En-\u0130yi-Blok\u00f6r-1-1024x875.jpg\" \/><\/a>\n\t\t\t<\/dt><\/dl><dl class='gallery-item'>\n\t\t\t<dt class='gallery-icon landscape'>\n\t\t\t\t<a href='https:\/\/sarimelekler.biz\/?attachment_id=6488'><img loading=\"lazy\" decoding=\"async\" width=\"150\" height=\"150\" src=\"https:\/\/sarimelekler.biz\/wp-content\/uploads\/2018\/07\/En-\u0130yi-Servisci-1-150x150.jpg\" class=\"attachment-thumbnail size-thumbnail\" alt=\"\" data-attachment-id=\"6488\" data-permalink=\"https:\/\/sarimelekler.biz\/?attachment_id=6488\" data-orig-file=\"https:\/\/sarimelekler.biz\/wp-content\/uploads\/2018\/07\/En-\u0130yi-Servisci-1.jpg\" data-orig-size=\"1105,944\" data-comments-opened=\"0\" data-image-meta=\"{&quot;aperture&quot;:&quot;0&quot;,&quot;credit&quot;:&quot;&quot;,&quot;camera&quot;:&quot;&quot;,&quot;caption&quot;:&quot;&quot;,&quot;created_timestamp&quot;:&quot;0&quot;,&quot;copyright&quot;:&quot;&quot;,&quot;focal_length&quot;:&quot;0&quot;,&quot;iso&quot;:&quot;0&quot;,&quot;shutter_speed&quot;:&quot;0&quot;,&quot;title&quot;:&quot;&quot;,&quot;orientation&quot;:&quot;0&quot;}\" data-image-title=\"En \u0130yi Servisci\" data-image-description=\"\" data-image-caption=\"\" data-large-file=\"https:\/\/sarimelekler.biz\/wp-content\/uploads\/2018\/07\/En-\u0130yi-Servisci-1-1024x875.jpg\" \/><\/a>\n\t\t\t<\/dt><\/dl><br style=\"clear: both\" \/><dl class='gallery-item'>\n\t\t\t<dt class='gallery-icon landscape'>\n\t\t\t\t<a href='https:\/\/sarimelekler.biz\/?attachment_id=6486'><img loading=\"lazy\" decoding=\"async\" width=\"150\" height=\"150\" src=\"https:\/\/sarimelekler.biz\/wp-content\/uploads\/2018\/07\/En-iyi-Pas\u00f6r-150x150.jpg\" class=\"attachment-thumbnail size-thumbnail\" alt=\"\" data-attachment-id=\"6486\" data-permalink=\"https:\/\/sarimelekler.biz\/?attachment_id=6486\" data-orig-file=\"https:\/\/sarimelekler.biz\/wp-content\/uploads\/2018\/07\/En-iyi-Pas\u00f6r.jpg\" data-orig-size=\"1111,958\" data-comments-opened=\"0\" data-image-meta=\"{&quot;aperture&quot;:&quot;0&quot;,&quot;credit&quot;:&quot;&quot;,&quot;camera&quot;:&quot;&quot;,&quot;caption&quot;:&quot;&quot;,&quot;created_timestamp&quot;:&quot;0&quot;,&quot;copyright&quot;:&quot;&quot;,&quot;focal_length&quot;:&quot;0&quot;,&quot;iso&quot;:&quot;0&quot;,&quot;shutter_speed&quot;:&quot;0&quot;,&quot;title&quot;:&quot;&quot;,&quot;orientation&quot;:&quot;0&quot;}\" data-image-title=\"En iyi Pas\u00f6r\" data-image-description=\"\" data-image-caption=\"\" data-large-file=\"https:\/\/sarimelekler.biz\/wp-content\/uploads\/2018\/07\/En-iyi-Pas\u00f6r-1024x883.jpg\" \/><\/a>\n\t\t\t<\/dt><\/dl><dl class='gallery-item'>\n\t\t\t<dt class='gallery-icon landscape'>\n\t\t\t\t<a href='https:\/\/sarimelekler.biz\/?attachment_id=6487'><img loading=\"lazy\" decoding=\"async\" width=\"150\" height=\"150\" src=\"https:\/\/sarimelekler.biz\/wp-content\/uploads\/2018\/07\/En-\u0130yi-Savunma-Yapan-150x150.jpg\" class=\"attachment-thumbnail size-thumbnail\" alt=\"\" data-attachment-id=\"6487\" data-permalink=\"https:\/\/sarimelekler.biz\/?attachment_id=6487\" data-orig-file=\"https:\/\/sarimelekler.biz\/wp-content\/uploads\/2018\/07\/En-\u0130yi-Savunma-Yapan.jpg\" data-orig-size=\"1104,953\" data-comments-opened=\"0\" data-image-meta=\"{&quot;aperture&quot;:&quot;0&quot;,&quot;credit&quot;:&quot;&quot;,&quot;camera&quot;:&quot;&quot;,&quot;caption&quot;:&quot;&quot;,&quot;created_timestamp&quot;:&quot;0&quot;,&quot;copyright&quot;:&quot;&quot;,&quot;focal_length&quot;:&quot;0&quot;,&quot;iso&quot;:&quot;0&quot;,&quot;shutter_speed&quot;:&quot;0&quot;,&quot;title&quot;:&quot;&quot;,&quot;orientation&quot;:&quot;0&quot;}\" data-image-title=\"En \u0130yi Savunma Yapan\" data-image-description=\"\" data-image-caption=\"\" data-large-file=\"https:\/\/sarimelekler.biz\/wp-content\/uploads\/2018\/07\/En-\u0130yi-Savunma-Yapan-1024x884.jpg\" \/><\/a>\n\t\t\t<\/dt><\/dl><dl class='gallery-item'>\n\t\t\t<dt class='gallery-icon landscape'>\n\t\t\t\t<a href='https:\/\/sarimelekler.biz\/?attachment_id=6485'><img loading=\"lazy\" decoding=\"async\" width=\"150\" height=\"150\" src=\"https:\/\/sarimelekler.biz\/wp-content\/uploads\/2018\/07\/En-\u0130yi-Man\u015fet-Alan-150x150.jpg\" class=\"attachment-thumbnail size-thumbnail\" alt=\"\" data-attachment-id=\"6485\" data-permalink=\"https:\/\/sarimelekler.biz\/?attachment_id=6485\" data-orig-file=\"https:\/\/sarimelekler.biz\/wp-content\/uploads\/2018\/07\/En-\u0130yi-Man\u015fet-Alan.jpg\" data-orig-size=\"1108,958\" data-comments-opened=\"0\" data-image-meta=\"{&quot;aperture&quot;:&quot;0&quot;,&quot;credit&quot;:&quot;&quot;,&quot;camera&quot;:&quot;&quot;,&quot;caption&quot;:&quot;&quot;,&quot;created_timestamp&quot;:&quot;0&quot;,&quot;copyright&quot;:&quot;&quot;,&quot;focal_length&quot;:&quot;0&quot;,&quot;iso&quot;:&quot;0&quot;,&quot;shutter_speed&quot;:&quot;0&quot;,&quot;title&quot;:&quot;&quot;,&quot;orientation&quot;:&quot;0&quot;}\" data-image-title=\"En \u0130yi Man\u015fet Alan\" data-image-description=\"\" data-image-caption=\"\" data-large-file=\"https:\/\/sarimelekler.biz\/wp-content\/uploads\/2018\/07\/En-\u0130yi-Man\u015fet-Alan-1024x885.jpg\" \/><\/a>\n\t\t\t<\/dt><\/dl>\n\t\t\t<br style='clear: both' \/>\n\t\t<\/div>\n\n<p><strong>Foto\u011fraflar:<\/strong><\/p>\n\n\t\t<style type=\"text\/css\">\n\t\t\t#gallery-3 {\n\t\t\t\tmargin: auto;\n\t\t\t}\n\t\t\t#gallery-3 .gallery-item {\n\t\t\t\tfloat: left;\n\t\t\t\tmargin-top: 10px;\n\t\t\t\ttext-align: center;\n\t\t\t\twidth: 25%;\n\t\t\t}\n\t\t\t#gallery-3 img {\n\t\t\t\tborder: 2px solid #cfcfcf;\n\t\t\t}\n\t\t\t#gallery-3 .gallery-caption {\n\t\t\t\tmargin-left: 0;\n\t\t\t}\n\t\t\t\/* see gallery_shortcode() in wp-includes\/media.php *\/\n\t\t<\/style>\n\t\t<div data-carousel-extra='{&quot;blog_id&quot;:1,&quot;permalink&quot;:&quot;https:\/\/sarimelekler.biz\/?p=6475&quot;}' id='gallery-3' class='gallery galleryid-6475 gallery-columns-4 gallery-size-thumbnail'><dl class='gallery-item'>\n\t\t\t<dt class='gallery-icon landscape'>\n\t\t\t\t<a href='https:\/\/sarimelekler.biz\/?attachment_id=6491'><img loading=\"lazy\" decoding=\"async\" width=\"150\" height=\"150\" src=\"https:\/\/sarimelekler.biz\/wp-content\/uploads\/2018\/07\/A-Milli-1-150x150.jpg\" class=\"attachment-thumbnail size-thumbnail\" alt=\"\" data-attachment-id=\"6491\" data-permalink=\"https:\/\/sarimelekler.biz\/?attachment_id=6491\" data-orig-file=\"https:\/\/sarimelekler.biz\/wp-content\/uploads\/2018\/07\/A-Milli-1.jpg\" data-orig-size=\"1431,865\" data-comments-opened=\"0\" data-image-meta=\"{&quot;aperture&quot;:&quot;0&quot;,&quot;credit&quot;:&quot;&quot;,&quot;camera&quot;:&quot;&quot;,&quot;caption&quot;:&quot;&quot;,&quot;created_timestamp&quot;:&quot;0&quot;,&quot;copyright&quot;:&quot;&quot;,&quot;focal_length&quot;:&quot;0&quot;,&quot;iso&quot;:&quot;0&quot;,&quot;shutter_speed&quot;:&quot;0&quot;,&quot;title&quot;:&quot;&quot;,&quot;orientation&quot;:&quot;0&quot;}\" data-image-title=\"A Milli (1)\" data-image-description=\"\" data-image-caption=\"\" data-large-file=\"https:\/\/sarimelekler.biz\/wp-content\/uploads\/2018\/07\/A-Milli-1-1024x619.jpg\" \/><\/a>\n\t\t\t<\/dt><\/dl><dl class='gallery-item'>\n\t\t\t<dt class='gallery-icon landscape'>\n\t\t\t\t<a href='https:\/\/sarimelekler.biz\/?attachment_id=6492'><img loading=\"lazy\" decoding=\"async\" width=\"150\" height=\"150\" src=\"https:\/\/sarimelekler.biz\/wp-content\/uploads\/2018\/07\/A-Milli-2-150x150.jpg\" class=\"attachment-thumbnail size-thumbnail\" alt=\"\" aria-describedby=\"gallery-3-6492\" data-attachment-id=\"6492\" data-permalink=\"https:\/\/sarimelekler.biz\/?attachment_id=6492\" data-orig-file=\"https:\/\/sarimelekler.biz\/wp-content\/uploads\/2018\/07\/A-Milli-2.jpg\" data-orig-size=\"3500,2184\" data-comments-opened=\"0\" data-image-meta=\"{&quot;aperture&quot;:&quot;5.6&quot;,&quot;credit&quot;:&quot;VIVEK PRAKASH&quot;,&quot;camera&quot;:&quot;Canon EOS-1D X&quot;,&quot;caption&quot;:&quot;during the Turkey vs USA final in Nanjing, China, on July 1, 2018.&quot;,&quot;created_timestamp&quot;:&quot;1530482323&quot;,&quot;copyright&quot;:&quot;2018 FIVB&quot;,&quot;focal_length&quot;:&quot;70&quot;,&quot;iso&quot;:&quot;2500&quot;,&quot;shutter_speed&quot;:&quot;0.004&quot;,&quot;title&quot;:&quot;during the Turkey vs USA final in Nanjing, China, on July 1, 2018.&quot;,&quot;orientation&quot;:&quot;1&quot;}\" data-image-title=\"during the Turkey vs USA final in Nanjing, China, on July 1, 2018.\" data-image-description=\"\" data-image-caption=\"&lt;p&gt;during the Turkey vs USA final in Nanjing, China, on July 1, 2018.&lt;\/p&gt;\n\" data-large-file=\"https:\/\/sarimelekler.biz\/wp-content\/uploads\/2018\/07\/A-Milli-2-1024x639.jpg\" \/><\/a>\n\t\t\t<\/dt>\n\t\t\t\t<dd class='wp-caption-text gallery-caption' id='gallery-3-6492'>\n\t\t\t\tduring the Turkey vs USA final in Nanjing, China, on July 1, 2018.\n\t\t\t\t<\/dd><\/dl><dl class='gallery-item'>\n\t\t\t<dt class='gallery-icon landscape'>\n\t\t\t\t<a href='https:\/\/sarimelekler.biz\/?attachment_id=6500'><img loading=\"lazy\" decoding=\"async\" width=\"150\" height=\"150\" src=\"https:\/\/sarimelekler.biz\/wp-content\/uploads\/2018\/07\/A-Milli-10-150x150.jpg\" class=\"attachment-thumbnail size-thumbnail\" alt=\"\" aria-describedby=\"gallery-3-6500\" data-attachment-id=\"6500\" data-permalink=\"https:\/\/sarimelekler.biz\/?attachment_id=6500\" data-orig-file=\"https:\/\/sarimelekler.biz\/wp-content\/uploads\/2018\/07\/A-Milli-10.jpg\" data-orig-size=\"3500,2333\" data-comments-opened=\"0\" data-image-meta=\"{&quot;aperture&quot;:&quot;4&quot;,&quot;credit&quot;:&quot;VIVEK PRAKASH&quot;,&quot;camera&quot;:&quot;Canon EOS 5D Mark III&quot;,&quot;caption&quot;:&quot;during the Brazil vs Turkey semi-final in Nanjing, China, on June 30, 2018.&quot;,&quot;created_timestamp&quot;:&quot;1530368977&quot;,&quot;copyright&quot;:&quot;2018 FIVB&quot;,&quot;focal_length&quot;:&quot;24&quot;,&quot;iso&quot;:&quot;2000&quot;,&quot;shutter_speed&quot;:&quot;0.002&quot;,&quot;title&quot;:&quot;during the Brazil vs Turkey semi-final in Nanjing, China, on June 30, 2018.&quot;,&quot;orientation&quot;:&quot;1&quot;}\" data-image-title=\"during the Brazil vs Turkey semi-final in Nanjing, China, on June 30, 2018.\" data-image-description=\"\" data-image-caption=\"&lt;p&gt;during the Brazil vs Turkey semi-final in Nanjing, China, on June 30, 2018.&lt;\/p&gt;\n\" data-large-file=\"https:\/\/sarimelekler.biz\/wp-content\/uploads\/2018\/07\/A-Milli-10-1024x683.jpg\" \/><\/a>\n\t\t\t<\/dt>\n\t\t\t\t<dd class='wp-caption-text gallery-caption' id='gallery-3-6500'>\n\t\t\t\tduring the Brazil vs Turkey semi-final in Nanjing, China, on June 30, 2018.\n\t\t\t\t<\/dd><\/dl><dl class='gallery-item'>\n\t\t\t<dt class='gallery-icon landscape'>\n\t\t\t\t<a href='https:\/\/sarimelekler.biz\/?attachment_id=6495'><img loading=\"lazy\" decoding=\"async\" width=\"150\" height=\"150\" src=\"https:\/\/sarimelekler.biz\/wp-content\/uploads\/2018\/07\/A-Milli-5-150x150.jpg\" class=\"attachment-thumbnail size-thumbnail\" alt=\"\" aria-describedby=\"gallery-3-6495\" data-attachment-id=\"6495\" data-permalink=\"https:\/\/sarimelekler.biz\/?attachment_id=6495\" data-orig-file=\"https:\/\/sarimelekler.biz\/wp-content\/uploads\/2018\/07\/A-Milli-5.jpg\" data-orig-size=\"3500,2333\" data-comments-opened=\"0\" data-image-meta=\"{&quot;aperture&quot;:&quot;5.6&quot;,&quot;credit&quot;:&quot;VIVEK PRAKASH&quot;,&quot;camera&quot;:&quot;Canon EOS 5D Mark III&quot;,&quot;caption&quot;:&quot;during the Turkey vs USA final in Nanjing, China, on July 1, 2018.&quot;,&quot;created_timestamp&quot;:&quot;1530469602&quot;,&quot;copyright&quot;:&quot;2018 FIVB&quot;,&quot;focal_length&quot;:&quot;35&quot;,&quot;iso&quot;:&quot;2500&quot;,&quot;shutter_speed&quot;:&quot;0.002&quot;,&quot;title&quot;:&quot;during the Turkey vs USA final in Nanjing, China, on July 1, 2018.&quot;,&quot;orientation&quot;:&quot;1&quot;}\" data-image-title=\"during the Turkey vs USA final in Nanjing, China, on July 1, 2018.\" data-image-description=\"\" data-image-caption=\"&lt;p&gt;during the Turkey vs USA final in Nanjing, China, on July 1, 2018.&lt;\/p&gt;\n\" data-large-file=\"https:\/\/sarimelekler.biz\/wp-content\/uploads\/2018\/07\/A-Milli-5-1024x683.jpg\" \/><\/a>\n\t\t\t<\/dt>\n\t\t\t\t<dd class='wp-caption-text gallery-caption' id='gallery-3-6495'>\n\t\t\t\tduring the Turkey vs USA final in Nanjing, China, on July 1, 2018.\n\t\t\t\t<\/dd><\/dl><br style=\"clear: both\" \/><dl class='gallery-item'>\n\t\t\t<dt class='gallery-icon landscape'>\n\t\t\t\t<a href='https:\/\/sarimelekler.biz\/?attachment_id=6513'><img loading=\"lazy\" decoding=\"async\" width=\"150\" height=\"150\" src=\"https:\/\/sarimelekler.biz\/wp-content\/uploads\/2018\/07\/A-Milli-23-150x150.jpg\" class=\"attachment-thumbnail size-thumbnail\" alt=\"\" aria-describedby=\"gallery-3-6513\" data-attachment-id=\"6513\" data-permalink=\"https:\/\/sarimelekler.biz\/?attachment_id=6513\" data-orig-file=\"https:\/\/sarimelekler.biz\/wp-content\/uploads\/2018\/07\/A-Milli-23.jpg\" data-orig-size=\"3500,2333\" data-comments-opened=\"0\" data-image-meta=\"{&quot;aperture&quot;:&quot;5.6&quot;,&quot;credit&quot;:&quot;VIVEK PRAKASH&quot;,&quot;camera&quot;:&quot;Canon EOS 5D Mark III&quot;,&quot;caption&quot;:&quot;during the Turkey vs USA final in Nanjing, China, on July 1, 2018.&quot;,&quot;created_timestamp&quot;:&quot;1530482890&quot;,&quot;copyright&quot;:&quot;2018 FIVB&quot;,&quot;focal_length&quot;:&quot;28&quot;,&quot;iso&quot;:&quot;2500&quot;,&quot;shutter_speed&quot;:&quot;0.004&quot;,&quot;title&quot;:&quot;during the Turkey vs USA final in Nanjing, China, on July 1, 2018.&quot;,&quot;orientation&quot;:&quot;1&quot;}\" data-image-title=\"during the Turkey vs USA final in Nanjing, China, on July 1, 2018.\" data-image-description=\"\" data-image-caption=\"&lt;p&gt;during the Turkey vs USA final in Nanjing, China, on July 1, 2018.&lt;\/p&gt;\n\" data-large-file=\"https:\/\/sarimelekler.biz\/wp-content\/uploads\/2018\/07\/A-Milli-23-1024x683.jpg\" \/><\/a>\n\t\t\t<\/dt>\n\t\t\t\t<dd class='wp-caption-text gallery-caption' id='gallery-3-6513'>\n\t\t\t\tduring the Turkey vs USA final in Nanjing, China, on July 1, 2018.\n\t\t\t\t<\/dd><\/dl><dl class='gallery-item'>\n\t\t\t<dt class='gallery-icon landscape'>\n\t\t\t\t<a href='https:\/\/sarimelekler.biz\/?attachment_id=6508'><img loading=\"lazy\" decoding=\"async\" width=\"150\" height=\"150\" src=\"https:\/\/sarimelekler.biz\/wp-content\/uploads\/2018\/07\/A-Milli-18-150x150.jpg\" class=\"attachment-thumbnail size-thumbnail\" alt=\"\" aria-describedby=\"gallery-3-6508\" data-attachment-id=\"6508\" data-permalink=\"https:\/\/sarimelekler.biz\/?attachment_id=6508\" data-orig-file=\"https:\/\/sarimelekler.biz\/wp-content\/uploads\/2018\/07\/A-Milli-18.jpg\" data-orig-size=\"3500,2333\" data-comments-opened=\"0\" data-image-meta=\"{&quot;aperture&quot;:&quot;5.6&quot;,&quot;credit&quot;:&quot;VIVEK PRAKASH&quot;,&quot;camera&quot;:&quot;Canon EOS 5D Mark III&quot;,&quot;caption&quot;:&quot;during the Turkey vs USA final in Nanjing, China, on July 1, 2018.&quot;,&quot;created_timestamp&quot;:&quot;1530483023&quot;,&quot;copyright&quot;:&quot;2018 FIVB&quot;,&quot;focal_length&quot;:&quot;24&quot;,&quot;iso&quot;:&quot;2500&quot;,&quot;shutter_speed&quot;:&quot;0.004&quot;,&quot;title&quot;:&quot;during the Turkey vs USA final in Nanjing, China, on July 1, 2018.&quot;,&quot;orientation&quot;:&quot;1&quot;}\" data-image-title=\"during the Turkey vs USA final in Nanjing, China, on July 1, 2018.\" data-image-description=\"\" data-image-caption=\"&lt;p&gt;during the Turkey vs USA final in Nanjing, China, on July 1, 2018.&lt;\/p&gt;\n\" data-large-file=\"https:\/\/sarimelekler.biz\/wp-content\/uploads\/2018\/07\/A-Milli-18-1024x683.jpg\" \/><\/a>\n\t\t\t<\/dt>\n\t\t\t\t<dd class='wp-caption-text gallery-caption' id='gallery-3-6508'>\n\t\t\t\tduring the Turkey vs USA final in Nanjing, China, on July 1, 2018.\n\t\t\t\t<\/dd><\/dl><dl class='gallery-item'>\n\t\t\t<dt class='gallery-icon landscape'>\n\t\t\t\t<a href='https:\/\/sarimelekler.biz\/?attachment_id=6511'><img loading=\"lazy\" decoding=\"async\" width=\"150\" height=\"150\" src=\"https:\/\/sarimelekler.biz\/wp-content\/uploads\/2018\/07\/A-Milli-21-150x150.jpg\" class=\"attachment-thumbnail size-thumbnail\" alt=\"\" aria-describedby=\"gallery-3-6511\" data-attachment-id=\"6511\" data-permalink=\"https:\/\/sarimelekler.biz\/?attachment_id=6511\" data-orig-file=\"https:\/\/sarimelekler.biz\/wp-content\/uploads\/2018\/07\/A-Milli-21.jpg\" data-orig-size=\"3500,2333\" data-comments-opened=\"0\" data-image-meta=\"{&quot;aperture&quot;:&quot;5.6&quot;,&quot;credit&quot;:&quot;VIVEK PRAKASH&quot;,&quot;camera&quot;:&quot;Canon EOS 5D Mark III&quot;,&quot;caption&quot;:&quot;during the Turkey vs USA final in Nanjing, China, on July 1, 2018.&quot;,&quot;created_timestamp&quot;:&quot;1530469739&quot;,&quot;copyright&quot;:&quot;2018 FIVB&quot;,&quot;focal_length&quot;:&quot;24&quot;,&quot;iso&quot;:&quot;2500&quot;,&quot;shutter_speed&quot;:&quot;0.002&quot;,&quot;title&quot;:&quot;during the Turkey vs USA final in Nanjing, China, on July 1, 2018.&quot;,&quot;orientation&quot;:&quot;1&quot;}\" data-image-title=\"during the Turkey vs USA final in Nanjing, China, on July 1, 2018.\" data-image-description=\"\" data-image-caption=\"&lt;p&gt;during the Turkey vs USA final in Nanjing, China, on July 1, 2018.&lt;\/p&gt;\n\" data-large-file=\"https:\/\/sarimelekler.biz\/wp-content\/uploads\/2018\/07\/A-Milli-21-1024x683.jpg\" \/><\/a>\n\t\t\t<\/dt>\n\t\t\t\t<dd class='wp-caption-text gallery-caption' id='gallery-3-6511'>\n\t\t\t\tduring the Turkey vs USA final in Nanjing, China, on July 1, 2018.\n\t\t\t\t<\/dd><\/dl><dl class='gallery-item'>\n\t\t\t<dt class='gallery-icon portrait'>\n\t\t\t\t<a href='https:\/\/sarimelekler.biz\/?attachment_id=6497'><img loading=\"lazy\" decoding=\"async\" width=\"150\" height=\"150\" src=\"https:\/\/sarimelekler.biz\/wp-content\/uploads\/2018\/07\/A-Milli-7-150x150.jpg\" class=\"attachment-thumbnail size-thumbnail\" alt=\"\" aria-describedby=\"gallery-3-6497\" data-attachment-id=\"6497\" data-permalink=\"https:\/\/sarimelekler.biz\/?attachment_id=6497\" data-orig-file=\"https:\/\/sarimelekler.biz\/wp-content\/uploads\/2018\/07\/A-Milli-7.jpg\" data-orig-size=\"2704,3500\" data-comments-opened=\"0\" data-image-meta=\"{&quot;aperture&quot;:&quot;5&quot;,&quot;credit&quot;:&quot;VIVEK PRAKASH&quot;,&quot;camera&quot;:&quot;Canon EOS-1D X&quot;,&quot;caption&quot;:&quot;during the Turkey vs USA final in Nanjing, China, on July 1, 2018.&quot;,&quot;created_timestamp&quot;:&quot;1530473347&quot;,&quot;copyright&quot;:&quot;2018 FIVB&quot;,&quot;focal_length&quot;:&quot;400&quot;,&quot;iso&quot;:&quot;3200&quot;,&quot;shutter_speed&quot;:&quot;0.00125&quot;,&quot;title&quot;:&quot;during the Turkey vs USA final in Nanjing, China, on July 1, 2018.&quot;,&quot;orientation&quot;:&quot;1&quot;}\" data-image-title=\"during the Turkey vs USA final in Nanjing, China, on July 1, 2018.\" data-image-description=\"\" data-image-caption=\"&lt;p&gt;during the Turkey vs USA final in Nanjing, China, on July 1, 2018.&lt;\/p&gt;\n\" data-large-file=\"https:\/\/sarimelekler.biz\/wp-content\/uploads\/2018\/07\/A-Milli-7-791x1024.jpg\" \/><\/a>\n\t\t\t<\/dt>\n\t\t\t\t<dd class='wp-caption-text gallery-caption' id='gallery-3-6497'>\n\t\t\t\tduring the Turkey vs USA final in Nanjing, China, on July 1, 2018.\n\t\t\t\t<\/dd><\/dl><br style=\"clear: both\" \/><dl class='gallery-item'>\n\t\t\t<dt class='gallery-icon landscape'>\n\t\t\t\t<a href='https:\/\/sarimelekler.biz\/?attachment_id=6499'><img loading=\"lazy\" decoding=\"async\" width=\"150\" height=\"150\" src=\"https:\/\/sarimelekler.biz\/wp-content\/uploads\/2018\/07\/A-Milli-9-150x150.jpg\" class=\"attachment-thumbnail size-thumbnail\" alt=\"\" aria-describedby=\"gallery-3-6499\" data-attachment-id=\"6499\" data-permalink=\"https:\/\/sarimelekler.biz\/?attachment_id=6499\" data-orig-file=\"https:\/\/sarimelekler.biz\/wp-content\/uploads\/2018\/07\/A-Milli-9.jpg\" data-orig-size=\"3500,2280\" data-comments-opened=\"0\" data-image-meta=\"{&quot;aperture&quot;:&quot;4&quot;,&quot;credit&quot;:&quot;VIVEK PRAKASH&quot;,&quot;camera&quot;:&quot;Canon EOS 5D Mark III&quot;,&quot;caption&quot;:&quot;during the Brazil vs Turkey semi-final in Nanjing, China, on June 30, 2018.&quot;,&quot;created_timestamp&quot;:&quot;1530377380&quot;,&quot;copyright&quot;:&quot;2018 FIVB&quot;,&quot;focal_length&quot;:&quot;131&quot;,&quot;iso&quot;:&quot;3200&quot;,&quot;shutter_speed&quot;:&quot;0.005&quot;,&quot;title&quot;:&quot;during the Brazil vs Turkey semi-final in Nanjing, China, on June 30, 2018.&quot;,&quot;orientation&quot;:&quot;1&quot;}\" data-image-title=\"during the Brazil vs Turkey semi-final in Nanjing, China, on June 30, 2018.\" data-image-description=\"\" data-image-caption=\"&lt;p&gt;during the Brazil vs Turkey semi-final in Nanjing, China, on June 30, 2018.&lt;\/p&gt;\n\" data-large-file=\"https:\/\/sarimelekler.biz\/wp-content\/uploads\/2018\/07\/A-Milli-9-1024x667.jpg\" \/><\/a>\n\t\t\t<\/dt>\n\t\t\t\t<dd class='wp-caption-text gallery-caption' id='gallery-3-6499'>\n\t\t\t\tduring the Brazil vs Turkey semi-final in Nanjing, China, on June 30, 2018.\n\t\t\t\t<\/dd><\/dl><dl class='gallery-item'>\n\t\t\t<dt class='gallery-icon landscape'>\n\t\t\t\t<a href='https:\/\/sarimelekler.biz\/?attachment_id=6493'><img loading=\"lazy\" decoding=\"async\" width=\"150\" height=\"150\" src=\"https:\/\/sarimelekler.biz\/wp-content\/uploads\/2018\/07\/A-Milli-3-150x150.jpg\" class=\"attachment-thumbnail size-thumbnail\" alt=\"\" aria-describedby=\"gallery-3-6493\" data-attachment-id=\"6493\" data-permalink=\"https:\/\/sarimelekler.biz\/?attachment_id=6493\" data-orig-file=\"https:\/\/sarimelekler.biz\/wp-content\/uploads\/2018\/07\/A-Milli-3.jpg\" data-orig-size=\"3500,2474\" data-comments-opened=\"0\" data-image-meta=\"{&quot;aperture&quot;:&quot;5&quot;,&quot;credit&quot;:&quot;VIVEK PRAKASH&quot;,&quot;camera&quot;:&quot;Canon EOS-1D X&quot;,&quot;caption&quot;:&quot;during the Turkey vs USA final in Nanjing, China, on July 1, 2018.&quot;,&quot;created_timestamp&quot;:&quot;1530472491&quot;,&quot;copyright&quot;:&quot;2018 FIVB&quot;,&quot;focal_length&quot;:&quot;400&quot;,&quot;iso&quot;:&quot;3200&quot;,&quot;shutter_speed&quot;:&quot;0.00125&quot;,&quot;title&quot;:&quot;during the Turkey vs USA final in Nanjing, China, on July 1, 2018.&quot;,&quot;orientation&quot;:&quot;1&quot;}\" data-image-title=\"during the Turkey vs USA final in Nanjing, China, on July 1, 2018.\" data-image-description=\"\" data-image-caption=\"&lt;p&gt;during the Turkey vs USA final in Nanjing, China, on July 1, 2018.&lt;\/p&gt;\n\" data-large-file=\"https:\/\/sarimelekler.biz\/wp-content\/uploads\/2018\/07\/A-Milli-3-1024x724.jpg\" \/><\/a>\n\t\t\t<\/dt>\n\t\t\t\t<dd class='wp-caption-text gallery-caption' id='gallery-3-6493'>\n\t\t\t\tduring the Turkey vs USA final in Nanjing, China, on July 1, 2018.\n\t\t\t\t<\/dd><\/dl><dl class='gallery-item'>\n\t\t\t<dt class='gallery-icon landscape'>\n\t\t\t\t<a href='https:\/\/sarimelekler.biz\/?attachment_id=6494'><img loading=\"lazy\" decoding=\"async\" width=\"150\" height=\"150\" src=\"https:\/\/sarimelekler.biz\/wp-content\/uploads\/2018\/07\/A-Milli-4-150x150.jpg\" class=\"attachment-thumbnail size-thumbnail\" alt=\"\" aria-describedby=\"gallery-3-6494\" data-attachment-id=\"6494\" data-permalink=\"https:\/\/sarimelekler.biz\/?attachment_id=6494\" data-orig-file=\"https:\/\/sarimelekler.biz\/wp-content\/uploads\/2018\/07\/A-Milli-4.jpg\" data-orig-size=\"3500,2333\" data-comments-opened=\"0\" data-image-meta=\"{&quot;aperture&quot;:&quot;5.6&quot;,&quot;credit&quot;:&quot;VIVEK PRAKASH&quot;,&quot;camera&quot;:&quot;Canon EOS 5D Mark III&quot;,&quot;caption&quot;:&quot;during the Turkey vs USA final in Nanjing, China, on July 1, 2018.&quot;,&quot;created_timestamp&quot;:&quot;1530468753&quot;,&quot;copyright&quot;:&quot;2018 FIVB&quot;,&quot;focal_length&quot;:&quot;24&quot;,&quot;iso&quot;:&quot;2000&quot;,&quot;shutter_speed&quot;:&quot;0.002&quot;,&quot;title&quot;:&quot;during the Turkey vs USA final in Nanjing, China, on July 1, 2018.&quot;,&quot;orientation&quot;:&quot;1&quot;}\" data-image-title=\"during the Turkey vs USA final in Nanjing, China, on July 1, 2018.\" data-image-description=\"\" data-image-caption=\"&lt;p&gt;during the Turkey vs USA final in Nanjing, China, on July 1, 2018.&lt;\/p&gt;\n\" data-large-file=\"https:\/\/sarimelekler.biz\/wp-content\/uploads\/2018\/07\/A-Milli-4-1024x683.jpg\" \/><\/a>\n\t\t\t<\/dt>\n\t\t\t\t<dd class='wp-caption-text gallery-caption' id='gallery-3-6494'>\n\t\t\t\tduring the Turkey vs USA final in Nanjing, China, on July 1, 2018.\n\t\t\t\t<\/dd><\/dl><dl class='gallery-item'>\n\t\t\t<dt class='gallery-icon landscape'>\n\t\t\t\t<a href='https:\/\/sarimelekler.biz\/?attachment_id=6496'><img loading=\"lazy\" decoding=\"async\" width=\"150\" height=\"150\" src=\"https:\/\/sarimelekler.biz\/wp-content\/uploads\/2018\/07\/A-Milli-6-150x150.jpg\" class=\"attachment-thumbnail size-thumbnail\" alt=\"\" aria-describedby=\"gallery-3-6496\" data-attachment-id=\"6496\" data-permalink=\"https:\/\/sarimelekler.biz\/?attachment_id=6496\" data-orig-file=\"https:\/\/sarimelekler.biz\/wp-content\/uploads\/2018\/07\/A-Milli-6.jpg\" data-orig-size=\"3500,2420\" data-comments-opened=\"0\" data-image-meta=\"{&quot;aperture&quot;:&quot;5.6&quot;,&quot;credit&quot;:&quot;VIVEK PRAKASH&quot;,&quot;camera&quot;:&quot;Canon EOS 5D Mark III&quot;,&quot;caption&quot;:&quot;during the Turkey vs USA final in Nanjing, China, on July 1, 2018.&quot;,&quot;created_timestamp&quot;:&quot;1530469691&quot;,&quot;copyright&quot;:&quot;2018 FIVB&quot;,&quot;focal_length&quot;:&quot;24&quot;,&quot;iso&quot;:&quot;2500&quot;,&quot;shutter_speed&quot;:&quot;0.002&quot;,&quot;title&quot;:&quot;during the Turkey vs USA final in Nanjing, China, on July 1, 2018.&quot;,&quot;orientation&quot;:&quot;1&quot;}\" data-image-title=\"during the Turkey vs USA final in Nanjing, China, on July 1, 2018.\" data-image-description=\"\" data-image-caption=\"&lt;p&gt;during the Turkey vs USA final in Nanjing, China, on July 1, 2018.&lt;\/p&gt;\n\" data-large-file=\"https:\/\/sarimelekler.biz\/wp-content\/uploads\/2018\/07\/A-Milli-6-1024x708.jpg\" \/><\/a>\n\t\t\t<\/dt>\n\t\t\t\t<dd class='wp-caption-text gallery-caption' id='gallery-3-6496'>\n\t\t\t\tduring the Turkey vs USA final in Nanjing, China, on July 1, 2018.\n\t\t\t\t<\/dd><\/dl><br style=\"clear: both\" \/><dl class='gallery-item'>\n\t\t\t<dt class='gallery-icon landscape'>\n\t\t\t\t<a href='https:\/\/sarimelekler.biz\/?attachment_id=6498'><img loading=\"lazy\" decoding=\"async\" width=\"150\" height=\"150\" src=\"https:\/\/sarimelekler.biz\/wp-content\/uploads\/2018\/07\/A-Milli-8-150x150.jpg\" class=\"attachment-thumbnail size-thumbnail\" alt=\"\" aria-describedby=\"gallery-3-6498\" data-attachment-id=\"6498\" data-permalink=\"https:\/\/sarimelekler.biz\/?attachment_id=6498\" data-orig-file=\"https:\/\/sarimelekler.biz\/wp-content\/uploads\/2018\/07\/A-Milli-8.jpg\" data-orig-size=\"3500,2451\" data-comments-opened=\"0\" data-image-meta=\"{&quot;aperture&quot;:&quot;4&quot;,&quot;credit&quot;:&quot;VIVEK PRAKASH&quot;,&quot;camera&quot;:&quot;Canon EOS-1D X&quot;,&quot;caption&quot;:&quot;during the Turkey vs USA final in Nanjing, China, on July 1, 2018.&quot;,&quot;created_timestamp&quot;:&quot;1530473884&quot;,&quot;copyright&quot;:&quot;2018 FIVB&quot;,&quot;focal_length&quot;:&quot;400&quot;,&quot;iso&quot;:&quot;3200&quot;,&quot;shutter_speed&quot;:&quot;0.00125&quot;,&quot;title&quot;:&quot;during the Turkey vs USA final in Nanjing, China, on July 1, 2018.&quot;,&quot;orientation&quot;:&quot;1&quot;}\" data-image-title=\"during the Turkey vs USA final in Nanjing, China, on July 1, 2018.\" data-image-description=\"\" data-image-caption=\"&lt;p&gt;during the Turkey vs USA final in Nanjing, China, on July 1, 2018.&lt;\/p&gt;\n\" data-large-file=\"https:\/\/sarimelekler.biz\/wp-content\/uploads\/2018\/07\/A-Milli-8-1024x717.jpg\" \/><\/a>\n\t\t\t<\/dt>\n\t\t\t\t<dd class='wp-caption-text gallery-caption' id='gallery-3-6498'>\n\t\t\t\tduring the Turkey vs USA final in Nanjing, China, on July 1, 2018.\n\t\t\t\t<\/dd><\/dl><dl class='gallery-item'>\n\t\t\t<dt class='gallery-icon landscape'>\n\t\t\t\t<a href='https:\/\/sarimelekler.biz\/?attachment_id=6501'><img loading=\"lazy\" decoding=\"async\" width=\"150\" height=\"150\" src=\"https:\/\/sarimelekler.biz\/wp-content\/uploads\/2018\/07\/A-Milli-11-150x150.jpg\" class=\"attachment-thumbnail size-thumbnail\" alt=\"\" aria-describedby=\"gallery-3-6501\" data-attachment-id=\"6501\" data-permalink=\"https:\/\/sarimelekler.biz\/?attachment_id=6501\" data-orig-file=\"https:\/\/sarimelekler.biz\/wp-content\/uploads\/2018\/07\/A-Milli-11.jpg\" data-orig-size=\"3500,2293\" data-comments-opened=\"0\" data-image-meta=\"{&quot;aperture&quot;:&quot;5&quot;,&quot;credit&quot;:&quot;VIVEK PRAKASH&quot;,&quot;camera&quot;:&quot;Canon EOS-1D X&quot;,&quot;caption&quot;:&quot;during the Turkey vs USA final in Nanjing, China, on July 1, 2018.&quot;,&quot;created_timestamp&quot;:&quot;1530473202&quot;,&quot;copyright&quot;:&quot;2018 FIVB&quot;,&quot;focal_length&quot;:&quot;400&quot;,&quot;iso&quot;:&quot;3200&quot;,&quot;shutter_speed&quot;:&quot;0.00125&quot;,&quot;title&quot;:&quot;during the Turkey vs USA final in Nanjing, China, on July 1, 2018.&quot;,&quot;orientation&quot;:&quot;1&quot;}\" data-image-title=\"during the Turkey vs USA final in Nanjing, China, on July 1, 2018.\" data-image-description=\"\" data-image-caption=\"&lt;p&gt;during the Turkey vs USA final in Nanjing, China, on July 1, 2018.&lt;\/p&gt;\n\" data-large-file=\"https:\/\/sarimelekler.biz\/wp-content\/uploads\/2018\/07\/A-Milli-11-1024x671.jpg\" \/><\/a>\n\t\t\t<\/dt>\n\t\t\t\t<dd class='wp-caption-text gallery-caption' id='gallery-3-6501'>\n\t\t\t\tduring the Turkey vs USA final in Nanjing, China, on July 1, 2018.\n\t\t\t\t<\/dd><\/dl><dl class='gallery-item'>\n\t\t\t<dt class='gallery-icon portrait'>\n\t\t\t\t<a href='https:\/\/sarimelekler.biz\/?attachment_id=6502'><img loading=\"lazy\" decoding=\"async\" width=\"150\" height=\"150\" src=\"https:\/\/sarimelekler.biz\/wp-content\/uploads\/2018\/07\/A-Milli-12-150x150.jpg\" class=\"attachment-thumbnail size-thumbnail\" alt=\"\" aria-describedby=\"gallery-3-6502\" data-attachment-id=\"6502\" data-permalink=\"https:\/\/sarimelekler.biz\/?attachment_id=6502\" data-orig-file=\"https:\/\/sarimelekler.biz\/wp-content\/uploads\/2018\/07\/A-Milli-12.jpg\" data-orig-size=\"2475,3500\" data-comments-opened=\"0\" data-image-meta=\"{&quot;aperture&quot;:&quot;5&quot;,&quot;credit&quot;:&quot;VIVEK PRAKASH&quot;,&quot;camera&quot;:&quot;Canon EOS-1D X&quot;,&quot;caption&quot;:&quot;during the Turkey vs USA final in Nanjing, China, on July 1, 2018.&quot;,&quot;created_timestamp&quot;:&quot;1530473201&quot;,&quot;copyright&quot;:&quot;2018 FIVB&quot;,&quot;focal_length&quot;:&quot;400&quot;,&quot;iso&quot;:&quot;3200&quot;,&quot;shutter_speed&quot;:&quot;0.00125&quot;,&quot;title&quot;:&quot;during the Turkey vs USA final in Nanjing, China, on July 1, 2018.&quot;,&quot;orientation&quot;:&quot;1&quot;}\" data-image-title=\"during the Turkey vs USA final in Nanjing, China, on July 1, 2018.\" data-image-description=\"\" data-image-caption=\"&lt;p&gt;during the Turkey vs USA final in Nanjing, China, on July 1, 2018.&lt;\/p&gt;\n\" data-large-file=\"https:\/\/sarimelekler.biz\/wp-content\/uploads\/2018\/07\/A-Milli-12-724x1024.jpg\" \/><\/a>\n\t\t\t<\/dt>\n\t\t\t\t<dd class='wp-caption-text gallery-caption' id='gallery-3-6502'>\n\t\t\t\tduring the Turkey vs USA final in Nanjing, China, on July 1, 2018.\n\t\t\t\t<\/dd><\/dl><dl class='gallery-item'>\n\t\t\t<dt class='gallery-icon portrait'>\n\t\t\t\t<a href='https:\/\/sarimelekler.biz\/?attachment_id=6503'><img loading=\"lazy\" decoding=\"async\" width=\"150\" height=\"150\" src=\"https:\/\/sarimelekler.biz\/wp-content\/uploads\/2018\/07\/A-Milli-13-150x150.jpg\" class=\"attachment-thumbnail size-thumbnail\" alt=\"\" aria-describedby=\"gallery-3-6503\" data-attachment-id=\"6503\" data-permalink=\"https:\/\/sarimelekler.biz\/?attachment_id=6503\" data-orig-file=\"https:\/\/sarimelekler.biz\/wp-content\/uploads\/2018\/07\/A-Milli-13.jpg\" data-orig-size=\"2546,3500\" data-comments-opened=\"0\" data-image-meta=\"{&quot;aperture&quot;:&quot;5&quot;,&quot;credit&quot;:&quot;VIVEK PRAKASH&quot;,&quot;camera&quot;:&quot;Canon EOS-1D X&quot;,&quot;caption&quot;:&quot;during the Turkey vs USA final in Nanjing, China, on July 1, 2018.&quot;,&quot;created_timestamp&quot;:&quot;1530473275&quot;,&quot;copyright&quot;:&quot;2018 FIVB&quot;,&quot;focal_length&quot;:&quot;400&quot;,&quot;iso&quot;:&quot;3200&quot;,&quot;shutter_speed&quot;:&quot;0.00125&quot;,&quot;title&quot;:&quot;during the Turkey vs USA final in Nanjing, China, on July 1, 2018.&quot;,&quot;orientation&quot;:&quot;1&quot;}\" data-image-title=\"during the Turkey vs USA final in Nanjing, China, on July 1, 2018.\" data-image-description=\"\" data-image-caption=\"&lt;p&gt;during the Turkey vs USA final in Nanjing, China, on July 1, 2018.&lt;\/p&gt;\n\" data-large-file=\"https:\/\/sarimelekler.biz\/wp-content\/uploads\/2018\/07\/A-Milli-13-745x1024.jpg\" \/><\/a>\n\t\t\t<\/dt>\n\t\t\t\t<dd class='wp-caption-text gallery-caption' id='gallery-3-6503'>\n\t\t\t\tduring the Turkey vs USA final in Nanjing, China, on July 1, 2018.\n\t\t\t\t<\/dd><\/dl><br style=\"clear: both\" \/><dl class='gallery-item'>\n\t\t\t<dt class='gallery-icon landscape'>\n\t\t\t\t<a href='https:\/\/sarimelekler.biz\/?attachment_id=6504'><img loading=\"lazy\" decoding=\"async\" width=\"150\" height=\"150\" src=\"https:\/\/sarimelekler.biz\/wp-content\/uploads\/2018\/07\/A-Milli-14-150x150.jpg\" class=\"attachment-thumbnail size-thumbnail\" alt=\"\" aria-describedby=\"gallery-3-6504\" data-attachment-id=\"6504\" data-permalink=\"https:\/\/sarimelekler.biz\/?attachment_id=6504\" data-orig-file=\"https:\/\/sarimelekler.biz\/wp-content\/uploads\/2018\/07\/A-Milli-14.jpg\" data-orig-size=\"3500,2814\" data-comments-opened=\"0\" data-image-meta=\"{&quot;aperture&quot;:&quot;5&quot;,&quot;credit&quot;:&quot;VIVEK PRAKASH&quot;,&quot;camera&quot;:&quot;Canon EOS-1D X&quot;,&quot;caption&quot;:&quot;during the Turkey vs USA final in Nanjing, China, on July 1, 2018.&quot;,&quot;created_timestamp&quot;:&quot;1530472417&quot;,&quot;copyright&quot;:&quot;2018 FIVB&quot;,&quot;focal_length&quot;:&quot;400&quot;,&quot;iso&quot;:&quot;3200&quot;,&quot;shutter_speed&quot;:&quot;0.00125&quot;,&quot;title&quot;:&quot;during the Turkey vs USA final in Nanjing, China, on July 1, 2018.&quot;,&quot;orientation&quot;:&quot;1&quot;}\" data-image-title=\"during the Turkey vs USA final in Nanjing, China, on July 1, 2018.\" data-image-description=\"\" data-image-caption=\"&lt;p&gt;during the Turkey vs USA final in Nanjing, China, on July 1, 2018.&lt;\/p&gt;\n\" data-large-file=\"https:\/\/sarimelekler.biz\/wp-content\/uploads\/2018\/07\/A-Milli-14-1024x823.jpg\" \/><\/a>\n\t\t\t<\/dt>\n\t\t\t\t<dd class='wp-caption-text gallery-caption' id='gallery-3-6504'>\n\t\t\t\tduring the Turkey vs USA final in Nanjing, China, on July 1, 2018.\n\t\t\t\t<\/dd><\/dl><dl class='gallery-item'>\n\t\t\t<dt class='gallery-icon portrait'>\n\t\t\t\t<a href='https:\/\/sarimelekler.biz\/?attachment_id=6505'><img loading=\"lazy\" decoding=\"async\" width=\"150\" height=\"150\" src=\"https:\/\/sarimelekler.biz\/wp-content\/uploads\/2018\/07\/A-Milli-15-150x150.jpg\" class=\"attachment-thumbnail size-thumbnail\" alt=\"\" aria-describedby=\"gallery-3-6505\" data-attachment-id=\"6505\" data-permalink=\"https:\/\/sarimelekler.biz\/?attachment_id=6505\" data-orig-file=\"https:\/\/sarimelekler.biz\/wp-content\/uploads\/2018\/07\/A-Milli-15.jpg\" data-orig-size=\"2862,3500\" data-comments-opened=\"0\" data-image-meta=\"{&quot;aperture&quot;:&quot;4&quot;,&quot;credit&quot;:&quot;VIVEK PRAKASH&quot;,&quot;camera&quot;:&quot;Canon EOS-1D X&quot;,&quot;caption&quot;:&quot;during the Turkey vs USA final in Nanjing, China, on July 1, 2018.&quot;,&quot;created_timestamp&quot;:&quot;1530473962&quot;,&quot;copyright&quot;:&quot;2018 FIVB&quot;,&quot;focal_length&quot;:&quot;400&quot;,&quot;iso&quot;:&quot;3200&quot;,&quot;shutter_speed&quot;:&quot;0.00125&quot;,&quot;title&quot;:&quot;during the Turkey vs USA final in Nanjing, China, on July 1, 2018.&quot;,&quot;orientation&quot;:&quot;1&quot;}\" data-image-title=\"during the Turkey vs USA final in Nanjing, China, on July 1, 2018.\" data-image-description=\"\" data-image-caption=\"&lt;p&gt;during the Turkey vs USA final in Nanjing, China, on July 1, 2018.&lt;\/p&gt;\n\" data-large-file=\"https:\/\/sarimelekler.biz\/wp-content\/uploads\/2018\/07\/A-Milli-15-837x1024.jpg\" \/><\/a>\n\t\t\t<\/dt>\n\t\t\t\t<dd class='wp-caption-text gallery-caption' id='gallery-3-6505'>\n\t\t\t\tduring the Turkey vs USA final in Nanjing, China, on July 1, 2018.\n\t\t\t\t<\/dd><\/dl><dl class='gallery-item'>\n\t\t\t<dt class='gallery-icon landscape'>\n\t\t\t\t<a href='https:\/\/sarimelekler.biz\/?attachment_id=6506'><img loading=\"lazy\" decoding=\"async\" width=\"150\" height=\"150\" src=\"https:\/\/sarimelekler.biz\/wp-content\/uploads\/2018\/07\/A-Milli-16-150x150.jpg\" class=\"attachment-thumbnail size-thumbnail\" alt=\"\" aria-describedby=\"gallery-3-6506\" data-attachment-id=\"6506\" data-permalink=\"https:\/\/sarimelekler.biz\/?attachment_id=6506\" data-orig-file=\"https:\/\/sarimelekler.biz\/wp-content\/uploads\/2018\/07\/A-Milli-16.jpg\" data-orig-size=\"3500,2618\" data-comments-opened=\"0\" data-image-meta=\"{&quot;aperture&quot;:&quot;5&quot;,&quot;credit&quot;:&quot;VIVEK PRAKASH&quot;,&quot;camera&quot;:&quot;Canon EOS-1D X&quot;,&quot;caption&quot;:&quot;during the Turkey vs USA final in Nanjing, China, on July 1, 2018.&quot;,&quot;created_timestamp&quot;:&quot;1530472845&quot;,&quot;copyright&quot;:&quot;2018 FIVB&quot;,&quot;focal_length&quot;:&quot;371&quot;,&quot;iso&quot;:&quot;3200&quot;,&quot;shutter_speed&quot;:&quot;0.00125&quot;,&quot;title&quot;:&quot;during the Turkey vs USA final in Nanjing, China, on July 1, 2018.&quot;,&quot;orientation&quot;:&quot;1&quot;}\" data-image-title=\"during the Turkey vs USA final in Nanjing, China, on July 1, 2018.\" data-image-description=\"\" data-image-caption=\"&lt;p&gt;during the Turkey vs USA final in Nanjing, China, on July 1, 2018.&lt;\/p&gt;\n\" data-large-file=\"https:\/\/sarimelekler.biz\/wp-content\/uploads\/2018\/07\/A-Milli-16-1024x766.jpg\" \/><\/a>\n\t\t\t<\/dt>\n\t\t\t\t<dd class='wp-caption-text gallery-caption' id='gallery-3-6506'>\n\t\t\t\tduring the Turkey vs USA final in Nanjing, China, on July 1, 2018.\n\t\t\t\t<\/dd><\/dl><dl class='gallery-item'>\n\t\t\t<dt class='gallery-icon landscape'>\n\t\t\t\t<a href='https:\/\/sarimelekler.biz\/?attachment_id=6507'><img loading=\"lazy\" decoding=\"async\" width=\"150\" height=\"150\" src=\"https:\/\/sarimelekler.biz\/wp-content\/uploads\/2018\/07\/A-Milli-17-150x150.jpg\" class=\"attachment-thumbnail size-thumbnail\" alt=\"\" aria-describedby=\"gallery-3-6507\" data-attachment-id=\"6507\" data-permalink=\"https:\/\/sarimelekler.biz\/?attachment_id=6507\" data-orig-file=\"https:\/\/sarimelekler.biz\/wp-content\/uploads\/2018\/07\/A-Milli-17.jpg\" data-orig-size=\"3500,2386\" data-comments-opened=\"0\" data-image-meta=\"{&quot;aperture&quot;:&quot;5&quot;,&quot;credit&quot;:&quot;VIVEK PRAKASH&quot;,&quot;camera&quot;:&quot;Canon EOS-1D X&quot;,&quot;caption&quot;:&quot;during the Turkey vs USA final in Nanjing, China, on July 1, 2018.&quot;,&quot;created_timestamp&quot;:&quot;1530472753&quot;,&quot;copyright&quot;:&quot;2018 FIVB&quot;,&quot;focal_length&quot;:&quot;400&quot;,&quot;iso&quot;:&quot;3200&quot;,&quot;shutter_speed&quot;:&quot;0.00125&quot;,&quot;title&quot;:&quot;during the Turkey vs USA final in Nanjing, China, on July 1, 2018.&quot;,&quot;orientation&quot;:&quot;1&quot;}\" data-image-title=\"during the Turkey vs USA final in Nanjing, China, on July 1, 2018.\" data-image-description=\"\" data-image-caption=\"&lt;p&gt;during the Turkey vs USA final in Nanjing, China, on July 1, 2018.&lt;\/p&gt;\n\" data-large-file=\"https:\/\/sarimelekler.biz\/wp-content\/uploads\/2018\/07\/A-Milli-17-1024x698.jpg\" \/><\/a>\n\t\t\t<\/dt>\n\t\t\t\t<dd class='wp-caption-text gallery-caption' id='gallery-3-6507'>\n\t\t\t\tduring the Turkey vs USA final in Nanjing, China, on July 1, 2018.\n\t\t\t\t<\/dd><\/dl><br style=\"clear: both\" \/><dl class='gallery-item'>\n\t\t\t<dt class='gallery-icon landscape'>\n\t\t\t\t<a href='https:\/\/sarimelekler.biz\/?attachment_id=6509'><img loading=\"lazy\" decoding=\"async\" width=\"150\" height=\"150\" src=\"https:\/\/sarimelekler.biz\/wp-content\/uploads\/2018\/07\/A-Milli-19-150x150.jpg\" class=\"attachment-thumbnail size-thumbnail\" alt=\"\" aria-describedby=\"gallery-3-6509\" data-attachment-id=\"6509\" data-permalink=\"https:\/\/sarimelekler.biz\/?attachment_id=6509\" data-orig-file=\"https:\/\/sarimelekler.biz\/wp-content\/uploads\/2018\/07\/A-Milli-19.jpg\" data-orig-size=\"3500,2467\" data-comments-opened=\"0\" data-image-meta=\"{&quot;aperture&quot;:&quot;5.6&quot;,&quot;credit&quot;:&quot;VIVEK PRAKASH&quot;,&quot;camera&quot;:&quot;Canon EOS 5D Mark III&quot;,&quot;caption&quot;:&quot;during the Brazil vs Turkey semi-final in Nanjing, China, on June 30, 2018.&quot;,&quot;created_timestamp&quot;:&quot;1530369360&quot;,&quot;copyright&quot;:&quot;2018 FIVB&quot;,&quot;focal_length&quot;:&quot;75&quot;,&quot;iso&quot;:&quot;2000&quot;,&quot;shutter_speed&quot;:&quot;0.002&quot;,&quot;title&quot;:&quot;during the Brazil vs Turkey semi-final in Nanjing, China, on June 30, 2018.&quot;,&quot;orientation&quot;:&quot;1&quot;}\" data-image-title=\"during the Brazil vs Turkey semi-final in Nanjing, China, on June 30, 2018.\" data-image-description=\"\" data-image-caption=\"&lt;p&gt;during the Brazil vs Turkey semi-final in Nanjing, China, on June 30, 2018.&lt;\/p&gt;\n\" data-large-file=\"https:\/\/sarimelekler.biz\/wp-content\/uploads\/2018\/07\/A-Milli-19-1024x722.jpg\" \/><\/a>\n\t\t\t<\/dt>\n\t\t\t\t<dd class='wp-caption-text gallery-caption' id='gallery-3-6509'>\n\t\t\t\tduring the Brazil vs Turkey semi-final in Nanjing, China, on June 30, 2018.\n\t\t\t\t<\/dd><\/dl><dl class='gallery-item'>\n\t\t\t<dt class='gallery-icon landscape'>\n\t\t\t\t<a href='https:\/\/sarimelekler.biz\/?attachment_id=6510'><img loading=\"lazy\" decoding=\"async\" width=\"150\" height=\"150\" src=\"https:\/\/sarimelekler.biz\/wp-content\/uploads\/2018\/07\/A-Milli-20-150x150.jpg\" class=\"attachment-thumbnail size-thumbnail\" alt=\"\" aria-describedby=\"gallery-3-6510\" data-attachment-id=\"6510\" data-permalink=\"https:\/\/sarimelekler.biz\/?attachment_id=6510\" data-orig-file=\"https:\/\/sarimelekler.biz\/wp-content\/uploads\/2018\/07\/A-Milli-20.jpg\" data-orig-size=\"3500,2192\" data-comments-opened=\"0\" data-image-meta=\"{&quot;aperture&quot;:&quot;4&quot;,&quot;credit&quot;:&quot;VIVEK PRAKASH&quot;,&quot;camera&quot;:&quot;Canon EOS-1D X&quot;,&quot;caption&quot;:&quot;during the Turkey vs USA final in Nanjing, China, on July 1, 2018.&quot;,&quot;created_timestamp&quot;:&quot;1530473687&quot;,&quot;copyright&quot;:&quot;2018 FIVB&quot;,&quot;focal_length&quot;:&quot;300&quot;,&quot;iso&quot;:&quot;3200&quot;,&quot;shutter_speed&quot;:&quot;0.00125&quot;,&quot;title&quot;:&quot;during the Turkey vs USA final in Nanjing, China, on July 1, 2018.&quot;,&quot;orientation&quot;:&quot;1&quot;}\" data-image-title=\"during the Turkey vs USA final in Nanjing, China, on July 1, 2018.\" data-image-description=\"\" data-image-caption=\"&lt;p&gt;during the Turkey vs USA final in Nanjing, China, on July 1, 2018.&lt;\/p&gt;\n\" data-large-file=\"https:\/\/sarimelekler.biz\/wp-content\/uploads\/2018\/07\/A-Milli-20-1024x641.jpg\" \/><\/a>\n\t\t\t<\/dt>\n\t\t\t\t<dd class='wp-caption-text gallery-caption' id='gallery-3-6510'>\n\t\t\t\tduring the Turkey vs USA final in Nanjing, China, on July 1, 2018.\n\t\t\t\t<\/dd><\/dl><dl class='gallery-item'>\n\t\t\t<dt class='gallery-icon landscape'>\n\t\t\t\t<a href='https:\/\/sarimelekler.biz\/?attachment_id=6512'><img loading=\"lazy\" decoding=\"async\" width=\"150\" height=\"150\" src=\"https:\/\/sarimelekler.biz\/wp-content\/uploads\/2018\/07\/A-Milli-22-150x150.jpg\" class=\"attachment-thumbnail size-thumbnail\" alt=\"\" data-attachment-id=\"6512\" data-permalink=\"https:\/\/sarimelekler.biz\/?attachment_id=6512\" data-orig-file=\"https:\/\/sarimelekler.biz\/wp-content\/uploads\/2018\/07\/A-Milli-22.jpg\" data-orig-size=\"3500,2330\" data-comments-opened=\"0\" data-image-meta=\"{&quot;aperture&quot;:&quot;3.5&quot;,&quot;credit&quot;:&quot;YASIN AKGUL&quot;,&quot;camera&quot;:&quot;NIKON D4S&quot;,&quot;caption&quot;:&quot;&quot;,&quot;created_timestamp&quot;:&quot;1527186235&quot;,&quot;copyright&quot;:&quot;2018 FIVB&quot;,&quot;focal_length&quot;:&quot;400&quot;,&quot;iso&quot;:&quot;3200&quot;,&quot;shutter_speed&quot;:&quot;0.00625&quot;,&quot;title&quot;:&quot;&quot;,&quot;orientation&quot;:&quot;0&quot;}\" data-image-title=\"A Milli (22)\" data-image-description=\"\" data-image-caption=\"\" data-large-file=\"https:\/\/sarimelekler.biz\/wp-content\/uploads\/2018\/07\/A-Milli-22-1024x682.jpg\" \/><\/a>\n\t\t\t<\/dt><\/dl>\n\t\t\t<br style='clear: both' \/>\n\t\t<\/div>\n\n<p><strong>Kaynaklar:<\/strong><br \/>\n<a href=\"http:\/\/www.tvf.org.tr\/kategoriler\/milli-takimlar\/bayan-milli-takimlar\/\" target=\"_blank\" rel=\"noopener\">T\u00fcrkiye Voleybol Federasyonu Resmi Sitesi<\/a><br \/>\n<a href=\"https:\/\/www.volleyball.world\/en\/womensfinals\" target=\"_blank\" rel=\"noopener\">FIVB Milletler Ligi Resmi Sitesi<\/a><\/p>\n","protected":false},"excerpt":{"rendered":"<p>\u00c7in\u2019in Nanjing kentinin ev sahipli\u011finde d\u00fczenlenen FIVB Voleybol Milletler Ligi \u2026 <a class=\"continue-reading-link\" href=\"https:\/\/sarimelekler.biz\/?p=6475\">Okumaya Devam Et.. <span class=\"meta-nav\">&rarr; <\/span><\/a><\/p>\n","protected":false},"author":1,"featured_media":6513,"comment_status":"closed","ping_status":"open","sticky":false,"template":"","format":"standard","meta":{"jetpack_post_was_ever_published":false,"_jetpack_newsletter_access":"","_jetpack_dont_email_post_to_subs":false,"_jetpack_newsletter_tier_id":0,"_jetpack_memberships_contains_paywalled_content":false,"_jetpack_memberships_contains_paid_content":false,"footnotes":"","jetpack_publicize_message":"","jetpack_publicize_feature_enabled":true,"jetpack_social_post_already_shared":true,"jetpack_social_options":{"image_generator_settings":{"template":"highway","default_image_id":0,"font":"","enabled":false},"version":2}},"categories":[19],"tags":[],"class_list":["post-6475","post","type-post","status-publish","format-standard","has-post-thumbnail","hentry","category-milli-takim"],"jetpack_publicize_connections":[],"jetpack_featured_media_url":"https:\/\/sarimelekler.biz\/wp-content\/uploads\/2018\/07\/A-Milli-23.jpg","jetpack_sharing_enabled":true,"jetpack_shortlink":"https:\/\/wp.me\/p8npUZ-1Gr","jetpack-related-posts":[{"id":17112,"url":"https:\/\/sarimelekler.biz\/?p=17112","url_meta":{"origin":6475,"position":0},"title":"Kaptan\u0131m\u0131z Eda Erdem D\u00fcndar &#8220;2021 Y\u0131l\u0131n\u0131n En \u0130yi 12 Kad\u0131n Voleybolcusu&#8221; Listesinde Yer Ald\u0131","author":"Edit\u00f6r","date":"12 Ocak 2022","format":false,"excerpt":"Fenerbah\u00e7e Opet ve A Milli Kad\u0131n Voleybol Tak\u0131m\u0131m\u0131z\u0131n kaptan\u0131 Eda Erdem D\u00fcndar, FIVB'nin \"2021 y\u0131l\u0131n\u0131n en iyi 12 kad\u0131n voleybolcusu\" listesinde yer ald\u0131.Volleyball World taraf\u0131ndan Milletler Ligi, Avrupa \u015eampiyonas\u0131 ve Tokyo Olimpiyat Oyunlar\u0131 gibi 2021 y\u0131l\u0131n\u0131n en \u00f6nemli spor organizasyonlar\u0131 baz al\u0131narak haz\u0131rlanan \u2018The #BestOf2021\u2019 listesinde Kaptan\u0131m\u0131z Eda Erdem D\u00fcndar,\u2026","rel":"","context":"&quot;Haberler&quot; i\u00e7inde","block_context":{"text":"Haberler","link":"https:\/\/sarimelekler.biz\/?cat=7"},"img":{"alt_text":"","src":"https:\/\/i0.wp.com\/sarimelekler.biz\/wp-content\/uploads\/2020\/12\/Eda-20-21-CL.png?resize=350%2C200&ssl=1","width":350,"height":200,"srcset":"https:\/\/i0.wp.com\/sarimelekler.biz\/wp-content\/uploads\/2020\/12\/Eda-20-21-CL.png?resize=350%2C200&ssl=1 1x, https:\/\/i0.wp.com\/sarimelekler.biz\/wp-content\/uploads\/2020\/12\/Eda-20-21-CL.png?resize=525%2C300&ssl=1 1.5x, https:\/\/i0.wp.com\/sarimelekler.biz\/wp-content\/uploads\/2020\/12\/Eda-20-21-CL.png?resize=700%2C400&ssl=1 2x, https:\/\/i0.wp.com\/sarimelekler.biz\/wp-content\/uploads\/2020\/12\/Eda-20-21-CL.png?resize=1050%2C600&ssl=1 3x"},"classes":[]},{"id":6662,"url":"https:\/\/sarimelekler.biz\/?p=6662","url_meta":{"origin":6475,"position":1},"title":"Filenin Sultanlar\u0131, Gloria Cup Volleyball\u2019da \u015eampiyon Oldu","author":"Edit\u00f6r","date":"26 A\u011fustos 2018","format":false,"excerpt":"Antalya Belek\u2019te yer alan Gloria Sports Arena\u2019n\u0131n (GSA) ev sahipli\u011finde, Smart Casual Event\u2019\u0131n organizat\u00f6rl\u00fc\u011f\u00fcnde T\u00fcrkiye Voleybol Federasyonu (TVF) i\u015f birli\u011fiyle d\u00fczenlenen Gloria Cup Volleyball\u2019da m\u00fccadele eden A Bayan Milli Tak\u0131m\u0131m\u0131z s\u0131ras\u0131yla Azerbaycan\u2019\u0131 3-0, Rusya\u2019y\u0131 3-1 ve finalde ise \u0130talya\u2019y\u0131 3-1 yenerek Gloria Cup Volleyball\u2019da nama\u011flup lider olarak \u015fampiyon oldu. Gloria\u2026","rel":"","context":"&quot;Milli Tak\u0131m&quot; i\u00e7inde","block_context":{"text":"Milli Tak\u0131m","link":"https:\/\/sarimelekler.biz\/?cat=19"},"img":{"alt_text":"","src":"https:\/\/i0.wp.com\/sarimelekler.biz\/wp-content\/uploads\/2018\/08\/T%C3%BCrkiye-Kupa-K%C3%BCrs%C3%BC-4.jpeg?resize=350%2C200&ssl=1","width":350,"height":200,"srcset":"https:\/\/i0.wp.com\/sarimelekler.biz\/wp-content\/uploads\/2018\/08\/T%C3%BCrkiye-Kupa-K%C3%BCrs%C3%BC-4.jpeg?resize=350%2C200&ssl=1 1x, https:\/\/i0.wp.com\/sarimelekler.biz\/wp-content\/uploads\/2018\/08\/T%C3%BCrkiye-Kupa-K%C3%BCrs%C3%BC-4.jpeg?resize=525%2C300&ssl=1 1.5x, https:\/\/i0.wp.com\/sarimelekler.biz\/wp-content\/uploads\/2018\/08\/T%C3%BCrkiye-Kupa-K%C3%BCrs%C3%BC-4.jpeg?resize=700%2C400&ssl=1 2x, https:\/\/i0.wp.com\/sarimelekler.biz\/wp-content\/uploads\/2018\/08\/T%C3%BCrkiye-Kupa-K%C3%BCrs%C3%BC-4.jpeg?resize=1050%2C600&ssl=1 3x, https:\/\/i0.wp.com\/sarimelekler.biz\/wp-content\/uploads\/2018\/08\/T%C3%BCrkiye-Kupa-K%C3%BCrs%C3%BC-4.jpeg?resize=1400%2C800&ssl=1 4x"},"classes":[]},{"id":15204,"url":"https:\/\/sarimelekler.biz\/?p=15204","url_meta":{"origin":6475,"position":2},"title":"Kaptan\u0131m\u0131z Eda Erdem D\u00fcndar, FIVB Taraf\u0131ndan \u2018Tarihin En \u0130yi 100 Oyuncusu\u2019 Listesine Se\u00e7ildi","author":"Edit\u00f6r","date":"4 \u015eubat 2021","format":false,"excerpt":"Fenerbah\u00e7e Opet Kad\u0131n Voleybol Tak\u0131m\u0131m\u0131z ile A Milli Kad\u0131n Voleybol Tak\u0131m\u0131m\u0131z\u0131n kaptan\u0131 Eda Erdem D\u00fcndar, Uluslararas\u0131 Voleybol Federasyonu FIVB taraf\u0131ndan 'Tarihin En \u0130yi 100 Oyuncusu' listesine se\u00e7ildi. FIVB'nin resmi internet sitesinde \u201cSahada, denizde ve hayatta hep d\u00fcmenin ba\u015f\u0131nda\u201d ba\u015fl\u0131\u011f\u0131yla duyurulan haberde Eda Erdem D\u00fcndar'\u0131n ba\u015far\u0131lar\u0131na yer verildi. 2008 y\u0131l\u0131nda Fenerbah\u00e7e\u2026","rel":"","context":"&quot;Haberler&quot; i\u00e7inde","block_context":{"text":"Haberler","link":"https:\/\/sarimelekler.biz\/?cat=7"},"img":{"alt_text":"","src":"https:\/\/i0.wp.com\/sarimelekler.biz\/wp-content\/uploads\/2020\/12\/Eda-20-21-CL.png?resize=350%2C200&ssl=1","width":350,"height":200,"srcset":"https:\/\/i0.wp.com\/sarimelekler.biz\/wp-content\/uploads\/2020\/12\/Eda-20-21-CL.png?resize=350%2C200&ssl=1 1x, https:\/\/i0.wp.com\/sarimelekler.biz\/wp-content\/uploads\/2020\/12\/Eda-20-21-CL.png?resize=525%2C300&ssl=1 1.5x, https:\/\/i0.wp.com\/sarimelekler.biz\/wp-content\/uploads\/2020\/12\/Eda-20-21-CL.png?resize=700%2C400&ssl=1 2x, https:\/\/i0.wp.com\/sarimelekler.biz\/wp-content\/uploads\/2020\/12\/Eda-20-21-CL.png?resize=1050%2C600&ssl=1 3x"},"classes":[]},{"id":16040,"url":"https:\/\/sarimelekler.biz\/?p=16040","url_meta":{"origin":6475,"position":3},"title":"Kaptan\u0131m\u0131z Eda Erdem D\u00fcndar, \u00dcst \u00fcste 4. kez Avrupa \u015eampiyonas\u0131&#8217;nda &#8220;En \u0130yi Orta Oyuncu&#8221; Se\u00e7ildi.","author":"Edit\u00f6r","date":"8 Eyl\u00fcl 2021","format":false,"excerpt":"Fenerbah\u00e7e Opet ve A Milli Kad\u0131n Voleybol Tak\u0131m\u0131m\u0131z\u0131n kaptan\u0131 Eda Erdem D\u00fcndar, 2021 Avrupa Voleybol \u015eampiyonas\u0131'nda \"En \u0130yi Orta Oyuncu\" olarak R\u00fcya Tak\u0131ma se\u00e7ildi. 2015, 2017 ve 2019'un ard\u0131ndan \u00fcst \u00fcste 4. kez en iyiler aras\u0131na giren Kapta Eda Erdem D\u00fcndar, bu unvan\u0131 4 kere \u00fcst \u00fcste kazanan tarihteki ilk\u2026","rel":"","context":"&quot;Haberler&quot; i\u00e7inde","block_context":{"text":"Haberler","link":"https:\/\/sarimelekler.biz\/?cat=7"},"img":{"alt_text":"","src":"https:\/\/i0.wp.com\/sarimelekler.biz\/wp-content\/uploads\/2019\/09\/Eda-CLw-20.jpg?resize=350%2C200&ssl=1","width":350,"height":200,"srcset":"https:\/\/i0.wp.com\/sarimelekler.biz\/wp-content\/uploads\/2019\/09\/Eda-CLw-20.jpg?resize=350%2C200&ssl=1 1x, https:\/\/i0.wp.com\/sarimelekler.biz\/wp-content\/uploads\/2019\/09\/Eda-CLw-20.jpg?resize=525%2C300&ssl=1 1.5x, https:\/\/i0.wp.com\/sarimelekler.biz\/wp-content\/uploads\/2019\/09\/Eda-CLw-20.jpg?resize=700%2C400&ssl=1 2x, https:\/\/i0.wp.com\/sarimelekler.biz\/wp-content\/uploads\/2019\/09\/Eda-CLw-20.jpg?resize=1050%2C600&ssl=1 3x, https:\/\/i0.wp.com\/sarimelekler.biz\/wp-content\/uploads\/2019\/09\/Eda-CLw-20.jpg?resize=1400%2C800&ssl=1 4x"},"classes":[]},{"id":15478,"url":"https:\/\/sarimelekler.biz\/?p=15478","url_meta":{"origin":6475,"position":4},"title":"Naz Aydemir Akyol \u201cSon 10 Y\u0131l\u0131n En \u0130yi 100 Oyuncusu\u201d Listesine Se\u00e7ildi","author":"Edit\u00f6r","date":"16 Mart 2021","format":false,"excerpt":"Fenerbah\u00e7e Opet Kad\u0131n Voleybol Tak\u0131m\u0131m\u0131z ile A Milli Kad\u0131n Voleybol Tak\u0131m\u0131m\u0131z\u0131n pas\u00f6r\u00fc Naz Aydemir Akyol, Uluslararas\u0131 Voleybol Federasyonu FIVB taraf\u0131ndan \"Son 10 Y\u0131l\u0131n En \u0130yi 100 Oyuncusu\" listesine se\u00e7ildi. FIVB'nin resmi internet sitesinde \u201cSporcu Bir Aileyi Gururland\u0131rmak\u201d ba\u015fl\u0131\u011f\u0131yla duyurulan haberde Naz Aydemir Akyol\u2019un ba\u015far\u0131lar\u0131na ve voleybol kariyerine yer verildi. Ailesi\u2026","rel":"","context":"&quot;Haberler&quot; i\u00e7inde","block_context":{"text":"Haberler","link":"https:\/\/sarimelekler.biz\/?cat=7"},"img":{"alt_text":"","src":"https:\/\/i0.wp.com\/sarimelekler.biz\/wp-content\/uploads\/2021\/03\/1.jpg?resize=350%2C200&ssl=1","width":350,"height":200,"srcset":"https:\/\/i0.wp.com\/sarimelekler.biz\/wp-content\/uploads\/2021\/03\/1.jpg?resize=350%2C200&ssl=1 1x, https:\/\/i0.wp.com\/sarimelekler.biz\/wp-content\/uploads\/2021\/03\/1.jpg?resize=525%2C300&ssl=1 1.5x, https:\/\/i0.wp.com\/sarimelekler.biz\/wp-content\/uploads\/2021\/03\/1.jpg?resize=700%2C400&ssl=1 2x"},"classes":[]},{"id":18902,"url":"https:\/\/sarimelekler.biz\/?p=18902","url_meta":{"origin":6475,"position":5},"title":"Kaptan\u0131m\u0131z Eda Erdem D\u00fcndar\u2019a Fair Play \u00d6d\u00fcl\u00fc Takdim Edildi","author":"Edit\u00f6r","date":"28 \u015eubat 2023","format":false,"excerpt":"Kaptan\u0131m\u0131z Eda Erdem D\u00fcndar, Uluslararas\u0131 Voleybol Federasyonu (FIVB) taraf\u0131ndan \u201cTarihin En \u0130yi 100 Oyuncusu\u201d aras\u0131nda g\u00f6sterilmesi ve \u201c2021 y\u0131l\u0131n\u0131n en iyi 12 kad\u0131n voleybolcusu\u201d listesinde yer almas\u0131 dolay\u0131s\u0131yla T\u00fcrkiye Milli Olimpiyat Komitesi (TMOK) Fair Play Komisyonu taraf\u0131ndan verilen 2021 T\u00fcrkiye Fair Play \u00d6d\u00fclleri\u2019nde Sportif Kariyer Dal\u0131nda \u015eeref Diplomas\u0131\u2019na lay\u0131k g\u00f6r\u00fclm\u00fc\u015ft\u00fc.\u2026","rel":"","context":"&quot;Haberler&quot; i\u00e7inde","block_context":{"text":"Haberler","link":"https:\/\/sarimelekler.biz\/?cat=7"},"img":{"alt_text":"","src":"https:\/\/i0.wp.com\/sarimelekler.biz\/wp-content\/uploads\/2023\/03\/Eda-TMOK-2.jpg?resize=350%2C200&ssl=1","width":350,"height":200,"srcset":"https:\/\/i0.wp.com\/sarimelekler.biz\/wp-content\/uploads\/2023\/03\/Eda-TMOK-2.jpg?resize=350%2C200&ssl=1 1x, https:\/\/i0.wp.com\/sarimelekler.biz\/wp-content\/uploads\/2023\/03\/Eda-TMOK-2.jpg?resize=525%2C300&ssl=1 1.5x, https:\/\/i0.wp.com\/sarimelekler.biz\/wp-content\/uploads\/2023\/03\/Eda-TMOK-2.jpg?resize=700%2C400&ssl=1 2x, https:\/\/i0.wp.com\/sarimelekler.biz\/wp-content\/uploads\/2023\/03\/Eda-TMOK-2.jpg?resize=1050%2C600&ssl=1 3x, https:\/\/i0.wp.com\/sarimelekler.biz\/wp-content\/uploads\/2023\/03\/Eda-TMOK-2.jpg?resize=1400%2C800&ssl=1 4x"},"classes":[]}],"_links":{"self":[{"href":"https:\/\/sarimelekler.biz\/index.php?rest_route=\/wp\/v2\/posts\/6475","targetHints":{"allow":["GET"]}}],"collection":[{"href":"https:\/\/sarimelekler.biz\/index.php?rest_route=\/wp\/v2\/posts"}],"about":[{"href":"https:\/\/sarimelekler.biz\/index.php?rest_route=\/wp\/v2\/types\/post"}],"author":[{"embeddable":true,"href":"https:\/\/sarimelekler.biz\/index.php?rest_route=\/wp\/v2\/users\/1"}],"replies":[{"embeddable":true,"href":"https:\/\/sarimelekler.biz\/index.php?rest_route=%2Fwp%2Fv2%2Fcomments&post=6475"}],"version-history":[{"count":2,"href":"https:\/\/sarimelekler.biz\/index.php?rest_route=\/wp\/v2\/posts\/6475\/revisions"}],"predecessor-version":[{"id":6515,"href":"https:\/\/sarimelekler.biz\/index.php?rest_route=\/wp\/v2\/posts\/6475\/revisions\/6515"}],"wp:featuredmedia":[{"embeddable":true,"href":"https:\/\/sarimelekler.biz\/index.php?rest_route=\/wp\/v2\/media\/6513"}],"wp:attachment":[{"href":"https:\/\/sarimelekler.biz\/index.php?rest_route=%2Fwp%2Fv2%2Fmedia&parent=6475"}],"wp:term":[{"taxonomy":"category","embeddable":true,"href":"https:\/\/sarimelekler.biz\/index.php?rest_route=%2Fwp%2Fv2%2Fcategories&post=6475"},{"taxonomy":"post_tag","embeddable":true,"href":"https:\/\/sarimelekler.biz\/index.php?rest_route=%2Fwp%2Fv2%2Ftags&post=6475"}],"curies":[{"name":"wp","href":"https:\/\/api.w.org\/{rel}","templated":true}]}}