{"id":6516,"date":"2018-07-04T00:12:52","date_gmt":"2018-07-03T21:12:52","guid":{"rendered":"http:\/\/sarimelekler.biz\/?p=6516"},"modified":"2019-01-10T01:49:13","modified_gmt":"2019-01-09T22:49:13","slug":"6516","status":"publish","type":"post","link":"https:\/\/sarimelekler.biz\/?p=6516","title":{"rendered":"Yeni Transferimiz S\u0131la \u00c7al\u0131\u015fkan FB Tv G\u00fcncel program\u0131na konuk oldu."},"content":{"rendered":"<p>Yeni Transferimiz S\u0131la \u00c7al\u0131\u015fkan FB Tv G\u00fcncel program\u0131na konuk oldu.<\/p>\n<iframe loading=\"lazy\"  id=\"_ytid_69555\"  width=\"860\" height=\"484\"  data-origwidth=\"860\" data-origheight=\"484\" src=\"https:\/\/www.youtube.com\/embed\/pezZNUquz2M?enablejsapi=1&autoplay=0&cc_load_policy=0&cc_lang_pref=&iv_load_policy=1&loop=0&rel=1&fs=1&playsinline=0&autohide=2&theme=dark&color=red&controls=1&disablekb=0&\" class=\"__youtube_prefs__  no-lazyload\" title=\"YouTube player\"  allow=\"fullscreen; accelerometer; autoplay; clipboard-write; encrypted-media; gyroscope; picture-in-picture; web-share\" referrerpolicy=\"strict-origin-when-cross-origin\" allowfullscreen data-no-lazy=\"1\" data-skipgform_ajax_framebjll=\"\"><\/iframe>\n<p>&nbsp;<\/p>\n<p>Kaynak: <a href=\"https:\/\/twitter.com\/primary__master\" target=\"_blank\" rel=\"noopener\">primarymaster<\/a><\/p>\n<h1 class=\"ProfileHeaderCard-name\"><\/h1>\n","protected":false},"excerpt":{"rendered":"<p>Yeni Transferimiz S\u0131la \u00c7al\u0131\u015fkan FB Tv G\u00fcncel program\u0131na konuk oldu. \u2026 <a class=\"continue-reading-link\" href=\"https:\/\/sarimelekler.biz\/?p=6516\">Okumaya Devam Et.. <span class=\"meta-nav\">&rarr; <\/span><\/a><\/p>\n","protected":false},"author":1,"featured_media":6517,"comment_status":"closed","ping_status":"open","sticky":false,"template":"","format":"standard","meta":{"jetpack_post_was_ever_published":false,"_jetpack_newsletter_access":"","_jetpack_dont_email_post_to_subs":false,"_jetpack_newsletter_tier_id":0,"_jetpack_memberships_contains_paywalled_content":false,"_jetpack_memberships_contains_paid_content":false,"footnotes":"","jetpack_publicize_message":"","jetpack_publicize_feature_enabled":true,"jetpack_social_post_already_shared":true,"jetpack_social_options":{"image_generator_settings":{"template":"highway","default_image_id":0,"font":"","enabled":false},"version":2}},"categories":[22],"tags":[],"class_list":["post-6516","post","type-post","status-publish","format-standard","has-post-thumbnail","hentry","category-video-programlar"],"jetpack_publicize_connections":[],"jetpack_featured_media_url":"https:\/\/sarimelekler.biz\/wp-content\/uploads\/2018\/07\/36507713_10155662487336903_1059824875830509568_n.jpg","jetpack_sharing_enabled":true,"jetpack_shortlink":"https:\/\/wp.me\/s8npUZ-6516","jetpack-related-posts":[{"id":10295,"url":"https:\/\/sarimelekler.biz\/?p=10295","url_meta":{"origin":6516,"position":0},"title":"14\/16\u2019n\u0131n Konu\u011fu S\u0131la \u00c7al\u0131\u015fkan","author":"Edit\u00f6r","date":"5 Mart 2019","format":false,"excerpt":"Ba\u015far\u0131l\u0131 oyuncumuz\u00a0 S\u0131la \u00c7al\u0131\u015fkan\u00a0 FB Tv\u2019de yay\u0131nlanan 14\/16 program\u0131na konuk oldu.","rel":"","context":"&quot;Video Programlar&quot; i\u00e7inde","block_context":{"text":"Video Programlar","link":"https:\/\/sarimelekler.biz\/?cat=22"},"img":{"alt_text":"","src":"https:\/\/i0.wp.com\/sarimelekler.biz\/wp-content\/uploads\/2019\/03\/S%C4%B1la-14-16.jpg?resize=350%2C200&ssl=1","width":350,"height":200,"srcset":"https:\/\/i0.wp.com\/sarimelekler.biz\/wp-content\/uploads\/2019\/03\/S%C4%B1la-14-16.jpg?resize=350%2C200&ssl=1 1x, https:\/\/i0.wp.com\/sarimelekler.biz\/wp-content\/uploads\/2019\/03\/S%C4%B1la-14-16.jpg?resize=525%2C300&ssl=1 1.5x, https:\/\/i0.wp.com\/sarimelekler.biz\/wp-content\/uploads\/2019\/03\/S%C4%B1la-14-16.jpg?resize=700%2C400&ssl=1 2x"},"classes":[]},{"id":4132,"url":"https:\/\/sarimelekler.biz\/?p=4132","url_meta":{"origin":6516,"position":1},"title":"Mia Jerkov FB Tv&#8217;ye konuk oldu","author":"Edit\u00f6r","date":"23 Temmuz 2017","format":false,"excerpt":"Fenerbah\u00e7e Bayan Voleybol tak\u0131m\u0131m\u0131z\u0131n yeni transferi\u00a0Mia Jerkov FB Tv g\u00fcncel program\u0131na konuk oldu. Kaynak","rel":"","context":"&quot;T\u00fcrkiye Ligi&quot; i\u00e7inde","block_context":{"text":"T\u00fcrkiye Ligi","link":"https:\/\/sarimelekler.biz\/?cat=6"},"img":{"alt_text":"","src":"https:\/\/i0.wp.com\/sarimelekler.biz\/wp-content\/uploads\/2017\/07\/Mia-Jerkov.jpg?resize=350%2C200&ssl=1","width":350,"height":200,"srcset":"https:\/\/i0.wp.com\/sarimelekler.biz\/wp-content\/uploads\/2017\/07\/Mia-Jerkov.jpg?resize=350%2C200&ssl=1 1x, https:\/\/i0.wp.com\/sarimelekler.biz\/wp-content\/uploads\/2017\/07\/Mia-Jerkov.jpg?resize=525%2C300&ssl=1 1.5x, https:\/\/i0.wp.com\/sarimelekler.biz\/wp-content\/uploads\/2017\/07\/Mia-Jerkov.jpg?resize=700%2C400&ssl=1 2x, https:\/\/i0.wp.com\/sarimelekler.biz\/wp-content\/uploads\/2017\/07\/Mia-Jerkov.jpg?resize=1050%2C600&ssl=1 3x, https:\/\/i0.wp.com\/sarimelekler.biz\/wp-content\/uploads\/2017\/07\/Mia-Jerkov.jpg?resize=1400%2C800&ssl=1 4x"},"classes":[]},{"id":16058,"url":"https:\/\/sarimelekler.biz\/?p=16058","url_meta":{"origin":6516,"position":2},"title":"Pelin \u00c7elik G\u00fcncel Program\u0131na Konuk Oldu","author":"Edit\u00f6r","date":"19 Eyl\u00fcl 2021","format":false,"excerpt":"Fenerbah\u00e7e Opet Kad\u0131n Voleybol Tak\u0131m\u0131m\u0131z\u0131n Menajeri Pelin \u00c7elik FB Tv. de yay\u0131nlanan G\u00fcncel Program\u0131na Konuk Olarak A\u00e7\u0131klamalarda Bulundu. \u00a0 \u00a0 \u00a0 \u00a0 \u00a0 \u00a0 Bu g\u00f6nderiyi Instagram'da g\u00f6r \u00a0 \u00a0 \u00a0 \u00a0 \u00a0 \u00a0 \u00a0 \u00a0 \u00a0 \u00a0 \u00a0 Sar\u0131 Melekler (@sari_melekler)'in payla\u015ft\u0131\u011f\u0131 bir g\u00f6nderi","rel":"","context":"&quot;Video Programlar&quot; i\u00e7inde","block_context":{"text":"Video Programlar","link":"https:\/\/sarimelekler.biz\/?cat=22"},"img":{"alt_text":"","src":"https:\/\/i0.wp.com\/sarimelekler.biz\/wp-content\/uploads\/2021\/09\/Pelin-Celik-Guncel-Kapak.jpg?resize=350%2C200&ssl=1","width":350,"height":200,"srcset":"https:\/\/i0.wp.com\/sarimelekler.biz\/wp-content\/uploads\/2021\/09\/Pelin-Celik-Guncel-Kapak.jpg?resize=350%2C200&ssl=1 1x, https:\/\/i0.wp.com\/sarimelekler.biz\/wp-content\/uploads\/2021\/09\/Pelin-Celik-Guncel-Kapak.jpg?resize=525%2C300&ssl=1 1.5x, https:\/\/i0.wp.com\/sarimelekler.biz\/wp-content\/uploads\/2021\/09\/Pelin-Celik-Guncel-Kapak.jpg?resize=700%2C400&ssl=1 2x, https:\/\/i0.wp.com\/sarimelekler.biz\/wp-content\/uploads\/2021\/09\/Pelin-Celik-Guncel-Kapak.jpg?resize=1050%2C600&ssl=1 3x, https:\/\/i0.wp.com\/sarimelekler.biz\/wp-content\/uploads\/2021\/09\/Pelin-Celik-Guncel-Kapak.jpg?resize=1400%2C800&ssl=1 4x"},"classes":[]},{"id":16009,"url":"https:\/\/sarimelekler.biz\/?p=16009","url_meta":{"origin":6516,"position":3},"title":"Dicle Nur Babat Topuk Yaylas\u0131 Kamp\u0131nda FB Tv\u2019ye Konuk Oldu","author":"Edit\u00f6r","date":"22 A\u011fustos 2021","format":false,"excerpt":"Yeni Sezon \u00e7al\u0131\u015fmalar\u0131n\u0131 Topuk Yaylas\u0131nda s\u00fcrd\u00fcren Fenerbah\u00e7e Opet Kad\u0131n Voleybol tak\u0131m\u0131m\u0131z\u0131n orta oyuncusu Dicle Nur Babat Fenerbah\u00e7e Televizyonunda yay\u0131nlanan Sma\u00e7\u00f6r program\u0131na konuk oldu. \u00a0 \u00a0 \u00a0 \u00a0 \u00a0 \u00a0 Bu g\u00f6nderiyi Instagram'da g\u00f6r \u00a0 \u00a0 \u00a0 \u00a0 \u00a0 \u00a0 \u00a0 \u00a0 \u00a0 \u00a0 \u00a0 Sar\u0131 Melekler (@sari_melekler)'in payla\u015ft\u0131\u011f\u0131 bir g\u00f6nderi\u2026","rel":"","context":"&quot;Video Programlar&quot; i\u00e7inde","block_context":{"text":"Video Programlar","link":"https:\/\/sarimelekler.biz\/?cat=22"},"img":{"alt_text":"","src":"https:\/\/i0.wp.com\/sarimelekler.biz\/wp-content\/uploads\/2021\/08\/Dicle-Smacor-21-22.jpg?resize=350%2C200&ssl=1","width":350,"height":200,"srcset":"https:\/\/i0.wp.com\/sarimelekler.biz\/wp-content\/uploads\/2021\/08\/Dicle-Smacor-21-22.jpg?resize=350%2C200&ssl=1 1x, https:\/\/i0.wp.com\/sarimelekler.biz\/wp-content\/uploads\/2021\/08\/Dicle-Smacor-21-22.jpg?resize=525%2C300&ssl=1 1.5x, https:\/\/i0.wp.com\/sarimelekler.biz\/wp-content\/uploads\/2021\/08\/Dicle-Smacor-21-22.jpg?resize=700%2C400&ssl=1 2x, https:\/\/i0.wp.com\/sarimelekler.biz\/wp-content\/uploads\/2021\/08\/Dicle-Smacor-21-22.jpg?resize=1050%2C600&ssl=1 3x, https:\/\/i0.wp.com\/sarimelekler.biz\/wp-content\/uploads\/2021\/08\/Dicle-Smacor-21-22.jpg?resize=1400%2C800&ssl=1 4x"},"classes":[]},{"id":13708,"url":"https:\/\/sarimelekler.biz\/?p=13708","url_meta":{"origin":6516,"position":4},"title":"Eda Erdem D\u00fcndar ve Dicle Nur Babat Topuk Yaylas\u0131 Kamp\u0131nda FB Tv&#8217;ye Konuk Oldular","author":"Edit\u00f6r","date":"28 Temmuz 2020","format":false,"excerpt":"Yeni Sezon \u00e7al\u0131\u015fmalar\u0131n\u0131 Topuk Yaylas\u0131nda s\u00fcrd\u00fcren Fenerbah\u00e7e Opet Kad\u0131n Voleybol tak\u0131m\u0131m\u0131z\u0131n kaptan\u0131 Eda Erdem D\u00fcndar ve orta oyuncumuz Dicle Nur Babat Fenerbah\u00e7e Televizyonunda yay\u0131nlanan G\u00fcncel program\u0131na konuk oldular. Bu g\u00f6nderiyi Instagram'da g\u00f6r Sar\u0131 Melekler (@sari_melekler)'in payla\u015ft\u0131\u011f\u0131 bir g\u00f6nderi (27 Tem, 2020, 12:42\u00f6s PDT) Kaynak: Fenerbah\u00e7e Televizyonu","rel":"","context":"&quot;Video Programlar&quot; i\u00e7inde","block_context":{"text":"Video Programlar","link":"https:\/\/sarimelekler.biz\/?cat=22"},"img":{"alt_text":"","src":"https:\/\/i0.wp.com\/sarimelekler.biz\/wp-content\/uploads\/2020\/07\/Topuk-Yaylas%C4%B1-20-21-28.jpg?resize=350%2C200&ssl=1","width":350,"height":200,"srcset":"https:\/\/i0.wp.com\/sarimelekler.biz\/wp-content\/uploads\/2020\/07\/Topuk-Yaylas%C4%B1-20-21-28.jpg?resize=350%2C200&ssl=1 1x, https:\/\/i0.wp.com\/sarimelekler.biz\/wp-content\/uploads\/2020\/07\/Topuk-Yaylas%C4%B1-20-21-28.jpg?resize=525%2C300&ssl=1 1.5x, https:\/\/i0.wp.com\/sarimelekler.biz\/wp-content\/uploads\/2020\/07\/Topuk-Yaylas%C4%B1-20-21-28.jpg?resize=700%2C400&ssl=1 2x, https:\/\/i0.wp.com\/sarimelekler.biz\/wp-content\/uploads\/2020\/07\/Topuk-Yaylas%C4%B1-20-21-28.jpg?resize=1050%2C600&ssl=1 3x, https:\/\/i0.wp.com\/sarimelekler.biz\/wp-content\/uploads\/2020\/07\/Topuk-Yaylas%C4%B1-20-21-28.jpg?resize=1400%2C800&ssl=1 4x"},"classes":[]},{"id":7493,"url":"https:\/\/sarimelekler.biz\/?p=7493","url_meta":{"origin":6516,"position":5},"title":"Dicle Nur Babat, 14\/16 Program\u0131na Konuk Oldu.","author":"Edit\u00f6r","date":"19 Kas\u0131m 2018","format":false,"excerpt":"Ba\u015far\u0131l\u0131 oyuncumuz Dicle Nur Babat FB Tv\u2019de yay\u0131nlanan 14\/16 program\u0131na konuk oldu.","rel":"","context":"&quot;Video Programlar&quot; i\u00e7inde","block_context":{"text":"Video Programlar","link":"https:\/\/sarimelekler.biz\/?cat=22"},"img":{"alt_text":"","src":"https:\/\/i0.wp.com\/sarimelekler.biz\/wp-content\/uploads\/2018\/11\/Dicle-FB-TV.jpg?resize=350%2C200&ssl=1","width":350,"height":200,"srcset":"https:\/\/i0.wp.com\/sarimelekler.biz\/wp-content\/uploads\/2018\/11\/Dicle-FB-TV.jpg?resize=350%2C200&ssl=1 1x, https:\/\/i0.wp.com\/sarimelekler.biz\/wp-content\/uploads\/2018\/11\/Dicle-FB-TV.jpg?resize=525%2C300&ssl=1 1.5x, https:\/\/i0.wp.com\/sarimelekler.biz\/wp-content\/uploads\/2018\/11\/Dicle-FB-TV.jpg?resize=700%2C400&ssl=1 2x, https:\/\/i0.wp.com\/sarimelekler.biz\/wp-content\/uploads\/2018\/11\/Dicle-FB-TV.jpg?resize=1050%2C600&ssl=1 3x"},"classes":[]}],"_links":{"self":[{"href":"https:\/\/sarimelekler.biz\/index.php?rest_route=\/wp\/v2\/posts\/6516","targetHints":{"allow":["GET"]}}],"collection":[{"href":"https:\/\/sarimelekler.biz\/index.php?rest_route=\/wp\/v2\/posts"}],"about":[{"href":"https:\/\/sarimelekler.biz\/index.php?rest_route=\/wp\/v2\/types\/post"}],"author":[{"embeddable":true,"href":"https:\/\/sarimelekler.biz\/index.php?rest_route=\/wp\/v2\/users\/1"}],"replies":[{"embeddable":true,"href":"https:\/\/sarimelekler.biz\/index.php?rest_route=%2Fwp%2Fv2%2Fcomments&post=6516"}],"version-history":[{"count":3,"href":"https:\/\/sarimelekler.biz\/index.php?rest_route=\/wp\/v2\/posts\/6516\/revisions"}],"predecessor-version":[{"id":6562,"href":"https:\/\/sarimelekler.biz\/index.php?rest_route=\/wp\/v2\/posts\/6516\/revisions\/6562"}],"wp:featuredmedia":[{"embeddable":true,"href":"https:\/\/sarimelekler.biz\/index.php?rest_route=\/wp\/v2\/media\/6517"}],"wp:attachment":[{"href":"https:\/\/sarimelekler.biz\/index.php?rest_route=%2Fwp%2Fv2%2Fmedia&parent=6516"}],"wp:term":[{"taxonomy":"category","embeddable":true,"href":"https:\/\/sarimelekler.biz\/index.php?rest_route=%2Fwp%2Fv2%2Fcategories&post=6516"},{"taxonomy":"post_tag","embeddable":true,"href":"https:\/\/sarimelekler.biz\/index.php?rest_route=%2Fwp%2Fv2%2Ftags&post=6516"}],"curies":[{"name":"wp","href":"https:\/\/api.w.org\/{rel}","templated":true}]}}