{"id":6527,"date":"2018-07-04T23:03:24","date_gmt":"2018-07-04T20:03:24","guid":{"rendered":"http:\/\/sarimelekler.biz\/?p=6527"},"modified":"2018-07-04T23:03:24","modified_gmt":"2018-07-04T20:03:24","slug":"fatma-yildirim-onemli-hedefleri-olan-bir-camianin-parcasi-olmak-gurur-verici","status":"publish","type":"post","link":"https:\/\/sarimelekler.biz\/?p=6527","title":{"rendered":"Fatma Y\u0131ld\u0131r\u0131m: &#8220;\u00d6nemli hedefleri olan bir camian\u0131n par\u00e7as\u0131 olmak gurur verici&#8221;"},"content":{"rendered":"<p style=\"text-align: justify;\">Fenerbah\u00e7e Bayan Voleybol Tak\u0131m\u0131m\u0131z\u0131n yeni transferi Fatma Y\u0131ld\u0131r\u0131m, Fenerbah\u00e7e Spor Kul\u00fcb\u00fcm\u00fcz\u00fcn Resmi \u0130nternet Sitesine a\u00e7\u0131klamalarda bulundu.<\/p>\n<p style=\"text-align: justify;\">Fenerbah\u00e7e gibi b\u00fcy\u00fck hedefleri olan, b\u00fcy\u00fck bir camian\u0131n par\u00e7as\u0131 olmaktan dolay\u0131 duydu\u011fu gururu dile getiren Fatma Y\u0131ld\u0131r\u0131m; tak\u0131m\u0131m\u0131z\u0131n bu sezon t\u00fcm kupalara talip oldu\u011funu da s\u00f6yledi.<\/p>\n<p style=\"text-align: justify;\">\u00d6nemli hedefleri olan bir camiaya geldi\u011fi i\u00e7in mutlu oldu\u011funu ifade eden Fatma Y\u0131ld\u0131r\u0131m, \u201cFenerbah\u00e7e gibi b\u00fcy\u00fck bir tak\u0131ma geldi\u011fim i\u00e7in \u00e7ok mutluyum.\u00a0 Burada olmak her zaman hayalimdi. \u00d6nemli hedefleri olan ve bu hedefler do\u011frultusunda ba\u015far\u0131l\u0131 olan bir tak\u0131m. B\u00f6yle bir tak\u0131m\u0131n par\u00e7as\u0131 olmak onur verici.\u201d dedi.<\/p>\n<p style=\"text-align: justify;\">K\u0131saca transfer s\u00fcrecine de de\u011finen milli voleybolcu, \u201cTransfer s\u00fcrecime ili\u015fkin bir \u015feyler s\u00f6ylemek gerekirse de, menajerim arac\u0131l\u0131\u011f\u0131yla bana ula\u015f\u0131ld\u0131 ve sezon biter bitmez de anla\u015fma sa\u011fland\u0131. Burada oldu\u011fum i\u00e7in \u00e7ok mutluyum.\u201d \u015feklinde bir a\u00e7\u0131klama yaparken; \u201cTak\u0131mda \u00e7ok fazla say\u0131da tan\u0131d\u0131\u011f\u0131m isim var: Polen, Damla, Dicle, Ezgi, Merve ve Melis. Bu arkada\u015flar\u0131mla milli tak\u0131mlarda beraber oynad\u0131k. G\u00fczel bir arkada\u015fl\u0131\u011f\u0131m\u0131z\u0131n oldu\u011funu s\u00f6yleyebilirim.\u201d diyerek tak\u0131mdaki arkada\u015fl\u0131k ortam\u0131na da de\u011findi.<\/p>\n<p style=\"text-align: justify;\">Fenerbah\u00e7e formas\u0131 alt\u0131ndaki hedeflerine de de\u011finen Fatma Y\u0131ld\u0131r\u0131m, \u201cM\u00fccadele etti\u011fimiz her kulvarda \u015fampiyon olmak istiyoruz. \u00c7al\u0131\u015fmalar\u0131m\u0131z\u0131 da buna g\u00f6re yapaca\u011f\u0131z. Umar\u0131m g\u00fczel bir sezon olur. Tabii b\u00fct\u00fcn ba\u015far\u0131larda taraftar\u0131m\u0131z\u0131 da yan\u0131m\u0131zda g\u00f6rmek istiyoruz. Onlar\u0131n deste\u011fi \u00e7ok \u00f6nemli. Ge\u00e7mi\u015fte forma giydi\u011fim tak\u0131mlarla, Fenerbah\u00e7e taraftar\u0131na kar\u015f\u0131 oynad\u0131m ve bu ger\u00e7ek anlamda \u00e7ok zordu. Bask\u0131 alt\u0131nda olan taraft\u0131k. \u015eimdiyse Fenerbah\u00e7e taraftar\u0131n\u0131n g\u00fcc\u00fcn\u00fc, deste\u011fini arkamda hissetmek \u00e7ok \u00f6nemli. Onlara her zaman ihtiyac\u0131m\u0131z var.\u201d diyerek s\u00f6zlerini noktalad\u0131.<\/p>\n\n\t\t<style type=\"text\/css\">\n\t\t\t#gallery-1 {\n\t\t\t\tmargin: auto;\n\t\t\t}\n\t\t\t#gallery-1 .gallery-item {\n\t\t\t\tfloat: left;\n\t\t\t\tmargin-top: 10px;\n\t\t\t\ttext-align: center;\n\t\t\t\twidth: 33%;\n\t\t\t}\n\t\t\t#gallery-1 img {\n\t\t\t\tborder: 2px solid #cfcfcf;\n\t\t\t}\n\t\t\t#gallery-1 .gallery-caption {\n\t\t\t\tmargin-left: 0;\n\t\t\t}\n\t\t\t\/* see gallery_shortcode() in wp-includes\/media.php *\/\n\t\t<\/style>\n\t\t<div data-carousel-extra='{&quot;blog_id&quot;:1,&quot;permalink&quot;:&quot;https:\/\/sarimelekler.biz\/?p=6527&quot;}' id='gallery-1' class='gallery galleryid-6527 gallery-columns-3 gallery-size-large'><dl class='gallery-item'>\n\t\t\t<dt class='gallery-icon landscape'>\n\t\t\t\t<a href='https:\/\/sarimelekler.biz\/?attachment_id=6528'><img loading=\"lazy\" decoding=\"async\" width=\"860\" height=\"645\" src=\"https:\/\/sarimelekler.biz\/wp-content\/uploads\/2018\/07\/Fatma-Y\u0131ld\u0131r\u0131m-1-1024x768.jpg\" class=\"attachment-large size-large\" alt=\"\" srcset=\"https:\/\/sarimelekler.biz\/wp-content\/uploads\/2018\/07\/Fatma-Y\u0131ld\u0131r\u0131m-1-1024x768.jpg 1024w, https:\/\/sarimelekler.biz\/wp-content\/uploads\/2018\/07\/Fatma-Y\u0131ld\u0131r\u0131m-1-300x225.jpg 300w, https:\/\/sarimelekler.biz\/wp-content\/uploads\/2018\/07\/Fatma-Y\u0131ld\u0131r\u0131m-1-768x576.jpg 768w, https:\/\/sarimelekler.biz\/wp-content\/uploads\/2018\/07\/Fatma-Y\u0131ld\u0131r\u0131m-1-150x113.jpg 150w\" sizes=\"auto, (max-width: 860px) 100vw, 860px\" data-attachment-id=\"6528\" data-permalink=\"https:\/\/sarimelekler.biz\/?attachment_id=6528\" data-orig-file=\"https:\/\/sarimelekler.biz\/wp-content\/uploads\/2018\/07\/Fatma-Y\u0131ld\u0131r\u0131m-1.jpg\" data-orig-size=\"2500,1875\" data-comments-opened=\"0\" data-image-meta=\"{&quot;aperture&quot;:&quot;5.6&quot;,&quot;credit&quot;:&quot;&quot;,&quot;camera&quot;:&quot;Canon EOS-1D X&quot;,&quot;caption&quot;:&quot;&quot;,&quot;created_timestamp&quot;:&quot;1530698842&quot;,&quot;copyright&quot;:&quot;&quot;,&quot;focal_length&quot;:&quot;70&quot;,&quot;iso&quot;:&quot;200&quot;,&quot;shutter_speed&quot;:&quot;0.004&quot;,&quot;title&quot;:&quot;&quot;,&quot;orientation&quot;:&quot;1&quot;}\" data-image-title=\"Fatma Y\u0131ld\u0131r\u0131m (1)\" data-image-description=\"\" data-image-caption=\"\" data-large-file=\"https:\/\/sarimelekler.biz\/wp-content\/uploads\/2018\/07\/Fatma-Y\u0131ld\u0131r\u0131m-1-1024x768.jpg\" \/><\/a>\n\t\t\t<\/dt><\/dl><dl class='gallery-item'>\n\t\t\t<dt class='gallery-icon landscape'>\n\t\t\t\t<a href='https:\/\/sarimelekler.biz\/?attachment_id=6529'><img loading=\"lazy\" decoding=\"async\" width=\"860\" height=\"566\" src=\"https:\/\/sarimelekler.biz\/wp-content\/uploads\/2018\/07\/Fatma-Y\u0131ld\u0131r\u0131m-2-1024x674.jpg\" class=\"attachment-large size-large\" alt=\"\" srcset=\"https:\/\/sarimelekler.biz\/wp-content\/uploads\/2018\/07\/Fatma-Y\u0131ld\u0131r\u0131m-2-1024x674.jpg 1024w, https:\/\/sarimelekler.biz\/wp-content\/uploads\/2018\/07\/Fatma-Y\u0131ld\u0131r\u0131m-2-300x198.jpg 300w, https:\/\/sarimelekler.biz\/wp-content\/uploads\/2018\/07\/Fatma-Y\u0131ld\u0131r\u0131m-2-768x506.jpg 768w, https:\/\/sarimelekler.biz\/wp-content\/uploads\/2018\/07\/Fatma-Y\u0131ld\u0131r\u0131m-2-150x99.jpg 150w\" sizes=\"auto, (max-width: 860px) 100vw, 860px\" data-attachment-id=\"6529\" data-permalink=\"https:\/\/sarimelekler.biz\/?attachment_id=6529\" data-orig-file=\"https:\/\/sarimelekler.biz\/wp-content\/uploads\/2018\/07\/Fatma-Y\u0131ld\u0131r\u0131m-2.jpg\" data-orig-size=\"2500,1646\" data-comments-opened=\"0\" data-image-meta=\"{&quot;aperture&quot;:&quot;6.3&quot;,&quot;credit&quot;:&quot;&quot;,&quot;camera&quot;:&quot;Canon EOS-1D X&quot;,&quot;caption&quot;:&quot;&quot;,&quot;created_timestamp&quot;:&quot;1530698727&quot;,&quot;copyright&quot;:&quot;&quot;,&quot;focal_length&quot;:&quot;75&quot;,&quot;iso&quot;:&quot;200&quot;,&quot;shutter_speed&quot;:&quot;0.004&quot;,&quot;title&quot;:&quot;&quot;,&quot;orientation&quot;:&quot;1&quot;}\" data-image-title=\"Fatma Y\u0131ld\u0131r\u0131m (2)\" data-image-description=\"\" data-image-caption=\"\" data-large-file=\"https:\/\/sarimelekler.biz\/wp-content\/uploads\/2018\/07\/Fatma-Y\u0131ld\u0131r\u0131m-2-1024x674.jpg\" \/><\/a>\n\t\t\t<\/dt><\/dl><dl class='gallery-item'>\n\t\t\t<dt class='gallery-icon landscape'>\n\t\t\t\t<a href='https:\/\/sarimelekler.biz\/?attachment_id=6530'><img loading=\"lazy\" decoding=\"async\" width=\"860\" height=\"662\" src=\"https:\/\/sarimelekler.biz\/wp-content\/uploads\/2018\/07\/Fatma-Y\u0131ld\u0131r\u0131m-3-1024x788.jpg\" class=\"attachment-large size-large\" alt=\"\" srcset=\"https:\/\/sarimelekler.biz\/wp-content\/uploads\/2018\/07\/Fatma-Y\u0131ld\u0131r\u0131m-3-1024x788.jpg 1024w, https:\/\/sarimelekler.biz\/wp-content\/uploads\/2018\/07\/Fatma-Y\u0131ld\u0131r\u0131m-3-300x231.jpg 300w, https:\/\/sarimelekler.biz\/wp-content\/uploads\/2018\/07\/Fatma-Y\u0131ld\u0131r\u0131m-3-768x591.jpg 768w, https:\/\/sarimelekler.biz\/wp-content\/uploads\/2018\/07\/Fatma-Y\u0131ld\u0131r\u0131m-3-150x115.jpg 150w\" sizes=\"auto, (max-width: 860px) 100vw, 860px\" data-attachment-id=\"6530\" data-permalink=\"https:\/\/sarimelekler.biz\/?attachment_id=6530\" data-orig-file=\"https:\/\/sarimelekler.biz\/wp-content\/uploads\/2018\/07\/Fatma-Y\u0131ld\u0131r\u0131m-3.jpg\" data-orig-size=\"2500,1924\" data-comments-opened=\"0\" data-image-meta=\"{&quot;aperture&quot;:&quot;10&quot;,&quot;credit&quot;:&quot;&quot;,&quot;camera&quot;:&quot;Canon EOS-1D X&quot;,&quot;caption&quot;:&quot;&quot;,&quot;created_timestamp&quot;:&quot;1530698659&quot;,&quot;copyright&quot;:&quot;&quot;,&quot;focal_length&quot;:&quot;70&quot;,&quot;iso&quot;:&quot;200&quot;,&quot;shutter_speed&quot;:&quot;0.004&quot;,&quot;title&quot;:&quot;&quot;,&quot;orientation&quot;:&quot;1&quot;}\" data-image-title=\"Fatma Y\u0131ld\u0131r\u0131m (3)\" data-image-description=\"\" data-image-caption=\"\" data-large-file=\"https:\/\/sarimelekler.biz\/wp-content\/uploads\/2018\/07\/Fatma-Y\u0131ld\u0131r\u0131m-3-1024x788.jpg\" \/><\/a>\n\t\t\t<\/dt><\/dl><br style=\"clear: both\" \/>\n\t\t<\/div>\n\n<p>Kaynak: <a href=\"https:\/\/www.fenerbahce.org\/detay.asp?ContentID=60893\" target=\"_blank\" rel=\"noopener\">Fenerbah\u00e7e SK Resmi \u0130nternet Sitesi<\/a><\/p>\n","protected":false},"excerpt":{"rendered":"<p>Fenerbah\u00e7e Bayan Voleybol Tak\u0131m\u0131m\u0131z\u0131n yeni transferi Fatma Y\u0131ld\u0131r\u0131m, Fenerbah\u00e7e Spor \u2026 <a class=\"continue-reading-link\" href=\"https:\/\/sarimelekler.biz\/?p=6527\">Okumaya Devam Et.. <span class=\"meta-nav\">&rarr; <\/span><\/a><\/p>\n","protected":false},"author":1,"featured_media":6530,"comment_status":"closed","ping_status":"open","sticky":false,"template":"","format":"standard","meta":{"jetpack_post_was_ever_published":false,"_jetpack_newsletter_access":"","_jetpack_dont_email_post_to_subs":false,"_jetpack_newsletter_tier_id":0,"_jetpack_memberships_contains_paywalled_content":false,"_jetpack_memberships_contains_paid_content":false,"footnotes":"","jetpack_publicize_message":"","jetpack_publicize_feature_enabled":true,"jetpack_social_post_already_shared":true,"jetpack_social_options":{"image_generator_settings":{"template":"highway","default_image_id":0,"font":"","enabled":false},"version":2}},"categories":[17],"tags":[],"class_list":["post-6527","post","type-post","status-publish","format-standard","has-post-thumbnail","hentry","category-resmi-site-roportajlari"],"jetpack_publicize_connections":[],"jetpack_featured_media_url":"https:\/\/sarimelekler.biz\/wp-content\/uploads\/2018\/07\/Fatma-Y\u0131ld\u0131r\u0131m-3.jpg","jetpack_sharing_enabled":true,"jetpack_shortlink":"https:\/\/wp.me\/p8npUZ-1Hh","jetpack-related-posts":[{"id":4120,"url":"https:\/\/sarimelekler.biz\/?p=4120","url_meta":{"origin":6527,"position":0},"title":"\u00c7a\u011fla Ak\u0131n: \u201cBu forma beni \u00e7ok heyecanland\u0131r\u0131yor\u201d","author":"Edit\u00f6r","date":"4 Temmuz 2017","format":false,"excerpt":"Fenerbah\u00e7e Bayan Voleybol Tak\u0131m\u0131m\u0131z\u0131n yeni trasferi \u00c7a\u011fla Ak\u0131n ile Fenerbah\u00e7e Dergisi\u2019nin Temmuz 2017 say\u0131s\u0131nda bir r\u00f6portaj ger\u00e7ekle\u015ftirildi. R\u00f6portaj\u0131n Resmi Sitemizden Yay\u0131nlanan B\u00f6l\u00fcm\u00fc: \u00c7a\u011fla Ak\u0131n: \u201cBu forma beni \u00e7ok heyecanland\u0131r\u0131yor\u201d T\u00fcrk kad\u0131n voleybolu son 10 y\u0131la Avrupa\u2019da damgas\u0131n\u0131 vurdu. \u00d6yle ki gerek kul\u00fcpler gerekse Milli tak\u0131mlar d\u00fczeyinde elde edilen ba\u015far\u0131lar da\u2026","rel":"","context":"&quot;Dergi R\u00f6portajlar\u0131&quot; i\u00e7inde","block_context":{"text":"Dergi R\u00f6portajlar\u0131","link":"https:\/\/sarimelekler.biz\/?cat=15"},"img":{"alt_text":"","src":"https:\/\/i0.wp.com\/sarimelekler.biz\/wp-content\/uploads\/2017\/07\/de6p6899_56465_6814303.jpg?resize=350%2C200&ssl=1","width":350,"height":200,"srcset":"https:\/\/i0.wp.com\/sarimelekler.biz\/wp-content\/uploads\/2017\/07\/de6p6899_56465_6814303.jpg?resize=350%2C200&ssl=1 1x, https:\/\/i0.wp.com\/sarimelekler.biz\/wp-content\/uploads\/2017\/07\/de6p6899_56465_6814303.jpg?resize=525%2C300&ssl=1 1.5x, https:\/\/i0.wp.com\/sarimelekler.biz\/wp-content\/uploads\/2017\/07\/de6p6899_56465_6814303.jpg?resize=700%2C400&ssl=1 2x, https:\/\/i0.wp.com\/sarimelekler.biz\/wp-content\/uploads\/2017\/07\/de6p6899_56465_6814303.jpg?resize=1050%2C600&ssl=1 3x, https:\/\/i0.wp.com\/sarimelekler.biz\/wp-content\/uploads\/2017\/07\/de6p6899_56465_6814303.jpg?resize=1400%2C800&ssl=1 4x"},"classes":[]},{"id":16005,"url":"https:\/\/sarimelekler.biz\/?p=16005","url_meta":{"origin":6527,"position":1},"title":"Gizem \u00d6rge: Fenerbah\u00e7e\u2019de Olmak \u00c7ok Heyecan Verici","author":"Edit\u00f6r","date":"19 A\u011fustos 2021","format":false,"excerpt":"Fenerbah\u00e7e Opet Kad\u0131n Voleybol Tak\u0131m\u0131m\u0131z\u0131n yeni transferlerinden Gizem \u00d6rge, Fenerbah\u00e7e Spor Kul\u00fcb\u00fcm\u00fcz resmi internet sitesine a\u00e7\u0131klamalarda bulundu. R\u00f6portaj\u0131n Tamam\u0131: Yeni sezon haz\u0131rl\u0131klar\u0131 kapsam\u0131nda Fenerbah\u00e7e Serkan Acar Resort & Sports Topuk Yaylas\u0131 Tesislerimizde kampa giren Fenerbah\u00e7e Opet Kad\u0131n Voleybol Tak\u0131m\u0131m\u0131zda yeni transferimiz ba\u015far\u0131l\u0131 libero Gizem \u00d6rge, resmi internet sitemize a\u00e7\u0131klamalarda bulundu.\u2026","rel":"","context":"&quot;Resmi Site R\u00f6portajlar\u0131&quot; i\u00e7inde","block_context":{"text":"Resmi Site R\u00f6portajlar\u0131","link":"https:\/\/sarimelekler.biz\/?cat=17"},"img":{"alt_text":"","src":"https:\/\/i0.wp.com\/sarimelekler.biz\/wp-content\/uploads\/2021\/08\/Gizem-Orge.jpeg?resize=350%2C200&ssl=1","width":350,"height":200,"srcset":"https:\/\/i0.wp.com\/sarimelekler.biz\/wp-content\/uploads\/2021\/08\/Gizem-Orge.jpeg?resize=350%2C200&ssl=1 1x, https:\/\/i0.wp.com\/sarimelekler.biz\/wp-content\/uploads\/2021\/08\/Gizem-Orge.jpeg?resize=525%2C300&ssl=1 1.5x, https:\/\/i0.wp.com\/sarimelekler.biz\/wp-content\/uploads\/2021\/08\/Gizem-Orge.jpeg?resize=700%2C400&ssl=1 2x, https:\/\/i0.wp.com\/sarimelekler.biz\/wp-content\/uploads\/2021\/08\/Gizem-Orge.jpeg?resize=1050%2C600&ssl=1 3x, https:\/\/i0.wp.com\/sarimelekler.biz\/wp-content\/uploads\/2021\/08\/Gizem-Orge.jpeg?resize=1400%2C800&ssl=1 4x"},"classes":[]},{"id":13424,"url":"https:\/\/sarimelekler.biz\/?p=13424","url_meta":{"origin":6527,"position":2},"title":"Tak\u0131m\u0131m\u0131zdan \u0130lk Ayr\u0131lan Oyuncu Fatma Y\u0131ld\u0131r\u0131m oldu.","author":"Edit\u00f6r","date":"12 May\u0131s 2020","format":false,"excerpt":"2018 \u2013 2019 sezonu ba\u015f\u0131nda Bursa B\u00fcy\u00fck\u015fehir Belediyespor\u2019dan transfer edilen ve son iki sezondur Fenerbah\u00e7e Opet Kad\u0131n Voleybol tak\u0131m\u0131m\u0131z\u0131n formas\u0131n\u0131 giyen sma\u00e7\u00f6r Fatma Y\u0131ld\u0131r\u0131m ki\u015fisel instagram hesab\u0131ndan tak\u0131m\u0131m\u0131zdan ayr\u0131ld\u0131\u011f\u0131n\u0131 a\u00e7\u0131klad\u0131. Fatma Y\u0131ld\u0131r\u0131m : \u201cK\u00fc\u00e7\u00fckl\u00fc\u011f\u00fcmden beri taraftar\u0131 oldu\u011fum tak\u0131m\u0131n formas\u0131n\u0131 2 sene boyunca ta\u015f\u0131mak onur ve gurur vericiydi. Her \u015fey i\u00e7in\u2026","rel":"","context":"&quot;Transfer Haberleri&quot; i\u00e7inde","block_context":{"text":"Transfer Haberleri","link":"https:\/\/sarimelekler.biz\/?cat=23"},"img":{"alt_text":"","src":"https:\/\/i0.wp.com\/sarimelekler.biz\/wp-content\/uploads\/2020\/05\/Fatma-Y%C4%B1ld%C4%B1r%C4%B1m-Veda-Kapak.jpg?resize=350%2C200&ssl=1","width":350,"height":200,"srcset":"https:\/\/i0.wp.com\/sarimelekler.biz\/wp-content\/uploads\/2020\/05\/Fatma-Y%C4%B1ld%C4%B1r%C4%B1m-Veda-Kapak.jpg?resize=350%2C200&ssl=1 1x, https:\/\/i0.wp.com\/sarimelekler.biz\/wp-content\/uploads\/2020\/05\/Fatma-Y%C4%B1ld%C4%B1r%C4%B1m-Veda-Kapak.jpg?resize=525%2C300&ssl=1 1.5x, https:\/\/i0.wp.com\/sarimelekler.biz\/wp-content\/uploads\/2020\/05\/Fatma-Y%C4%B1ld%C4%B1r%C4%B1m-Veda-Kapak.jpg?resize=700%2C400&ssl=1 2x"},"classes":[]},{"id":12679,"url":"https:\/\/sarimelekler.biz\/?p=12679","url_meta":{"origin":6527,"position":3},"title":"Simla T\u00fcrker Bayaz\u0131t: Bu ba\u015far\u0131 T\u00fcrkiye\u2019nin, T\u00fcrk kad\u0131n\u0131n\u0131n, T\u00fcrk sporunun ba\u015far\u0131s\u0131d\u0131r","author":"Edit\u00f6r","date":"15 Ocak 2020","format":false,"excerpt":"2020 Tokyo Olimpiyatlar\u0131\u2019na kat\u0131lma hakk\u0131n\u0131 elde ederek \u00fclkemizi sevince bo\u011fan ve bu gururu bizlere bir kez daha ya\u015fatan A Milli Kad\u0131n Voleybol Tak\u0131m\u0131m\u0131z\u0131, turnuvan\u0131n ev sahipli\u011fi yapt\u0131\u011f\u0131 Hollanda\u2019da yaln\u0131z b\u0131rakmayan Y\u00f6netim Kurulu \u00dcyemiz Simla T\u00fcrker Bayaz\u0131t, Fenerbah\u00e7e Televizyonu\u2019na turnuvaya dair a\u00e7\u0131klamalarda bulundu. A Milli Kad\u0131n Voleybol Tak\u0131m\u0131m\u0131z\u0131n ba\u015far\u0131s\u0131n\u0131 T\u00fcrkiye\u2019nin, T\u00fcrk\u2026","rel":"","context":"&quot;Haberler&quot; i\u00e7inde","block_context":{"text":"Haberler","link":"https:\/\/sarimelekler.biz\/?cat=7"},"img":{"alt_text":"","src":"https:\/\/i0.wp.com\/sarimelekler.biz\/wp-content\/uploads\/2020\/01\/Eda-Onurland%C4%B1rma-13.jpg?resize=350%2C200&ssl=1","width":350,"height":200,"srcset":"https:\/\/i0.wp.com\/sarimelekler.biz\/wp-content\/uploads\/2020\/01\/Eda-Onurland%C4%B1rma-13.jpg?resize=350%2C200&ssl=1 1x, https:\/\/i0.wp.com\/sarimelekler.biz\/wp-content\/uploads\/2020\/01\/Eda-Onurland%C4%B1rma-13.jpg?resize=525%2C300&ssl=1 1.5x, https:\/\/i0.wp.com\/sarimelekler.biz\/wp-content\/uploads\/2020\/01\/Eda-Onurland%C4%B1rma-13.jpg?resize=700%2C400&ssl=1 2x, https:\/\/i0.wp.com\/sarimelekler.biz\/wp-content\/uploads\/2020\/01\/Eda-Onurland%C4%B1rma-13.jpg?resize=1050%2C600&ssl=1 3x, https:\/\/i0.wp.com\/sarimelekler.biz\/wp-content\/uploads\/2020\/01\/Eda-Onurland%C4%B1rma-13.jpg?resize=1400%2C800&ssl=1 4x"},"classes":[]},{"id":4078,"url":"https:\/\/sarimelekler.biz\/?p=4078","url_meta":{"origin":6527,"position":4},"title":"Polina Rahimova: &#8220;Ba\u015far\u0131l\u0131 olmak ve kupalar kazanmak i\u00e7in gere\u011fini yapaca\u011f\u0131m&#8221;","author":"Edit\u00f6r","date":"6 Haziran 2017","format":false,"excerpt":"Fenerbah\u00e7e Kad\u0131n Voleybol Tak\u0131m\u0131m\u0131z\u0131n yeni transferlerinden Azerbaycanl\u0131 pas\u00f6r \u00e7apraz\u0131 Polina Rahimova \u0130stanbul\u2019a geldi ve ilk a\u00e7\u0131klamalar\u0131n\u0131 Fenerbah\u00e7e Spor Kul\u00fcb\u00fcm\u00fcz Resmi \u0130nternet Sitesine yapt\u0131. Mutlu ve heyecanl\u0131 oldu\u011funu dile getiren 27 ya\u015f\u0131ndaki oyuncu Polina Rahimova, \u201cBu camian\u0131n bir ferdi oldu\u011fum i\u00e7in \u00e7ok heyecanl\u0131y\u0131m. Fenerbah\u00e7e \u00e7ok b\u00fcy\u00fck bir kul\u00fcp. Bu ailenin bir\u2026","rel":"","context":"&quot;T\u00fcrkiye Ligi&quot; i\u00e7inde","block_context":{"text":"T\u00fcrkiye Ligi","link":"https:\/\/sarimelekler.biz\/?cat=6"},"img":{"alt_text":"","src":"https:\/\/i0.wp.com\/sarimelekler.biz\/wp-content\/uploads\/2017\/06\/de6p6270_56200_467206.jpg?resize=350%2C200&ssl=1","width":350,"height":200,"srcset":"https:\/\/i0.wp.com\/sarimelekler.biz\/wp-content\/uploads\/2017\/06\/de6p6270_56200_467206.jpg?resize=350%2C200&ssl=1 1x, https:\/\/i0.wp.com\/sarimelekler.biz\/wp-content\/uploads\/2017\/06\/de6p6270_56200_467206.jpg?resize=525%2C300&ssl=1 1.5x, https:\/\/i0.wp.com\/sarimelekler.biz\/wp-content\/uploads\/2017\/06\/de6p6270_56200_467206.jpg?resize=700%2C400&ssl=1 2x, https:\/\/i0.wp.com\/sarimelekler.biz\/wp-content\/uploads\/2017\/06\/de6p6270_56200_467206.jpg?resize=1050%2C600&ssl=1 3x, https:\/\/i0.wp.com\/sarimelekler.biz\/wp-content\/uploads\/2017\/06\/de6p6270_56200_467206.jpg?resize=1400%2C800&ssl=1 4x"},"classes":[]},{"id":15730,"url":"https:\/\/sarimelekler.biz\/?p=15730","url_meta":{"origin":6527,"position":5},"title":"Melissa Vargas: Fenerbah\u00e7e\u2019yi, Bu B\u00fcy\u00fck Kul\u00fcb\u00fc, Bu G\u00fczel Aileyi \u00c7ok \u00d6zleyece\u011fim","author":"Edit\u00f6r","date":"22 Nisan 2021","format":false,"excerpt":"Tak\u0131m\u0131m\u0131zdan ayr\u0131lan Melissa Vargas Kul\u00fcb\u00fcm\u00fcz\u00fcn resmi internet sitesine bir r\u00f6portaj verdi, Melisa Vargas\u2019\u0131n A\u00e7\u0131klamalar\u0131: 2018-19 sezonundan bu yana Fenerbah\u00e7e Opet Kad\u0131n Voleybol Tak\u0131m\u0131m\u0131z\u0131n formas\u0131n\u0131 giyen Melissa Vargas, Kul\u00fcb\u00fcm\u00fcze veda edi\u015finin ard\u0131ndan \u00f6zel a\u00e7\u0131klamalarda bulundu. Fenerbah\u00e7e ailesinin bir par\u00e7as\u0131 olmaktan dolay\u0131 mutlu ve gururlu oldu\u011funu dile getiren Melissa Vargas\u2019\u0131n yapt\u0131\u011f\u0131 a\u00e7\u0131klama\u2026","rel":"","context":"&quot;Resmi Site R\u00f6portajlar\u0131&quot; i\u00e7inde","block_context":{"text":"Resmi Site R\u00f6portajlar\u0131","link":"https:\/\/sarimelekler.biz\/?cat=17"},"img":{"alt_text":"","src":"https:\/\/i0.wp.com\/sarimelekler.biz\/wp-content\/uploads\/2021\/04\/Vargas-Veda-5-scaled.jpg?resize=350%2C200&ssl=1","width":350,"height":200,"srcset":"https:\/\/i0.wp.com\/sarimelekler.biz\/wp-content\/uploads\/2021\/04\/Vargas-Veda-5-scaled.jpg?resize=350%2C200&ssl=1 1x, https:\/\/i0.wp.com\/sarimelekler.biz\/wp-content\/uploads\/2021\/04\/Vargas-Veda-5-scaled.jpg?resize=525%2C300&ssl=1 1.5x, https:\/\/i0.wp.com\/sarimelekler.biz\/wp-content\/uploads\/2021\/04\/Vargas-Veda-5-scaled.jpg?resize=700%2C400&ssl=1 2x, https:\/\/i0.wp.com\/sarimelekler.biz\/wp-content\/uploads\/2021\/04\/Vargas-Veda-5-scaled.jpg?resize=1050%2C600&ssl=1 3x, https:\/\/i0.wp.com\/sarimelekler.biz\/wp-content\/uploads\/2021\/04\/Vargas-Veda-5-scaled.jpg?resize=1400%2C800&ssl=1 4x"},"classes":[]}],"_links":{"self":[{"href":"https:\/\/sarimelekler.biz\/index.php?rest_route=\/wp\/v2\/posts\/6527","targetHints":{"allow":["GET"]}}],"collection":[{"href":"https:\/\/sarimelekler.biz\/index.php?rest_route=\/wp\/v2\/posts"}],"about":[{"href":"https:\/\/sarimelekler.biz\/index.php?rest_route=\/wp\/v2\/types\/post"}],"author":[{"embeddable":true,"href":"https:\/\/sarimelekler.biz\/index.php?rest_route=\/wp\/v2\/users\/1"}],"replies":[{"embeddable":true,"href":"https:\/\/sarimelekler.biz\/index.php?rest_route=%2Fwp%2Fv2%2Fcomments&post=6527"}],"version-history":[{"count":1,"href":"https:\/\/sarimelekler.biz\/index.php?rest_route=\/wp\/v2\/posts\/6527\/revisions"}],"predecessor-version":[{"id":6531,"href":"https:\/\/sarimelekler.biz\/index.php?rest_route=\/wp\/v2\/posts\/6527\/revisions\/6531"}],"wp:featuredmedia":[{"embeddable":true,"href":"https:\/\/sarimelekler.biz\/index.php?rest_route=\/wp\/v2\/media\/6530"}],"wp:attachment":[{"href":"https:\/\/sarimelekler.biz\/index.php?rest_route=%2Fwp%2Fv2%2Fmedia&parent=6527"}],"wp:term":[{"taxonomy":"category","embeddable":true,"href":"https:\/\/sarimelekler.biz\/index.php?rest_route=%2Fwp%2Fv2%2Fcategories&post=6527"},{"taxonomy":"post_tag","embeddable":true,"href":"https:\/\/sarimelekler.biz\/index.php?rest_route=%2Fwp%2Fv2%2Ftags&post=6527"}],"curies":[{"name":"wp","href":"https:\/\/api.w.org\/{rel}","templated":true}]}}