{"id":6662,"date":"2018-08-26T01:43:56","date_gmt":"2018-08-25T22:43:56","guid":{"rendered":"http:\/\/sarimelekler.biz\/?p=6662"},"modified":"2018-09-02T00:51:36","modified_gmt":"2018-09-01T21:51:36","slug":"filenin-sultanlari-gloria-cup-volleyballda-sampiyon-oldu","status":"publish","type":"post","link":"https:\/\/sarimelekler.biz\/?p=6662","title":{"rendered":"Filenin Sultanlar\u0131, Gloria Cup Volleyball\u2019da \u015eampiyon Oldu"},"content":{"rendered":"<p style=\"text-align: justify;\">Antalya Belek\u2019te yer alan Gloria Sports Arena\u2019n\u0131n (GSA) ev sahipli\u011finde, Smart Casual Event\u2019\u0131n organizat\u00f6rl\u00fc\u011f\u00fcnde T\u00fcrkiye Voleybol Federasyonu (TVF) i\u015f birli\u011fiyle d\u00fczenlenen Gloria Cup Volleyball\u2019da m\u00fccadele eden A Bayan Milli Tak\u0131m\u0131m\u0131z s\u0131ras\u0131yla Azerbaycan\u2019\u0131 3-0, Rusya\u2019y\u0131 3-1 ve finalde ise \u0130talya\u2019y\u0131 3-1 yenerek Gloria Cup Volleyball\u2019da nama\u011flup lider olarak \u015fampiyon oldu.<\/p>\n<p style=\"text-align: justify;\">Gloria Cup Volleyball\u2019un En De\u011ferli Oyuncusu (MVP) ise; Milli Tak\u0131m\u0131m\u0131z\u0131n kaptan\u0131 <strong>Eda Erdem D\u00fcndar<\/strong> se\u00e7ildi<\/p>\n<p style=\"text-align: justify;\">Turnuvan\u0131n 1. ma\u00e7\u0131nda Zehra G\u00fcne\u015f, 2. ma\u00e7\u0131nda Hande Balad\u0131n ve 3. ma\u00e7\u0131nda Cansu \u00d6zbay ma\u00e7\u0131n oyuncular\u0131 se\u00e7ildi.<\/p>\n<p style=\"text-align: justify;\">Turnuvan\u0131n En De\u011ferli Oyuncusu (MVP) se\u00e7ilen A Bayan Milli Tak\u0131m\u0131m\u0131z\u0131n kaptan\u0131 <strong>Eda Erdem D\u00fcndar<\/strong>; \u201c\u00d6ncelikle bu harika organizasyon i\u00e7in Gloria Sports Arena\u2019ya ve Smart Casual Event\u2019a te\u015fekk\u00fcr ediyorum. Burada harika bir 3 g\u00fcn ge\u00e7irdik. Haz\u0131rl\u0131k turnuvas\u0131n\u0131n bizim ad\u0131m\u0131za \u00e7ok verimli ge\u00e7ti\u011fini d\u00fc\u015f\u00fcn\u00fcyorum. D\u00fcnya \u015eampiyonas\u0131 haz\u0131rl\u0131k s\u00fcrecimizde kazanma al\u0131\u015fkanl\u0131\u011f\u0131n\u0131 elde etmemiz ad\u0131na bu kar\u015f\u0131la\u015fmalar bizim i\u00e7in \u00f6nemliydi. Tak\u0131m halinde \u00f6zg\u00fcven kazand\u0131ki hepsini kutluyorum.\u201d ifadelerini kulland\u0131.<\/p>\n<p style=\"text-align: justify;\">Gloria Cup Volleyball Turnuvas\u0131n\u0131 Rusya ikinci, Azerbaycan \u00fc\u00e7\u00fcnc\u00fc ve \u0130talya d\u00f6rd\u00fcnc\u00fc olarak tamamlad\u0131.<\/p>\n<p style=\"text-align: justify;\">Filenin Sultanlar\u0131n\u0131 Tebrik eder, ba\u015far\u0131lar\u0131n\u0131n devam\u0131n\u0131 dileriz.<\/p>\n\n\t\t<style type=\"text\/css\">\n\t\t\t#gallery-1 {\n\t\t\t\tmargin: auto;\n\t\t\t}\n\t\t\t#gallery-1 .gallery-item {\n\t\t\t\tfloat: left;\n\t\t\t\tmargin-top: 10px;\n\t\t\t\ttext-align: center;\n\t\t\t\twidth: 100%;\n\t\t\t}\n\t\t\t#gallery-1 img {\n\t\t\t\tborder: 2px solid #cfcfcf;\n\t\t\t}\n\t\t\t#gallery-1 .gallery-caption {\n\t\t\t\tmargin-left: 0;\n\t\t\t}\n\t\t\t\/* see gallery_shortcode() in wp-includes\/media.php *\/\n\t\t<\/style>\n\t\t<div data-carousel-extra='{&quot;blog_id&quot;:1,&quot;permalink&quot;:&quot;https:\/\/sarimelekler.biz\/?p=6662&quot;}' id='gallery-1' class='gallery galleryid-6662 gallery-columns-1 gallery-size-large'><dl class='gallery-item'>\n\t\t\t<dt class='gallery-icon landscape'>\n\t\t\t\t<a href='https:\/\/sarimelekler.biz\/?attachment_id=6663'><img loading=\"lazy\" decoding=\"async\" width=\"860\" height=\"573\" src=\"https:\/\/sarimelekler.biz\/wp-content\/uploads\/2018\/08\/Eda-Erdem-D\u00fcndar-MVP-1024x682.jpeg\" class=\"attachment-large size-large\" alt=\"\" srcset=\"https:\/\/sarimelekler.biz\/wp-content\/uploads\/2018\/08\/Eda-Erdem-D\u00fcndar-MVP-1024x682.jpeg 1024w, https:\/\/sarimelekler.biz\/wp-content\/uploads\/2018\/08\/Eda-Erdem-D\u00fcndar-MVP-300x200.jpeg 300w, https:\/\/sarimelekler.biz\/wp-content\/uploads\/2018\/08\/Eda-Erdem-D\u00fcndar-MVP-768x512.jpeg 768w, https:\/\/sarimelekler.biz\/wp-content\/uploads\/2018\/08\/Eda-Erdem-D\u00fcndar-MVP-150x100.jpeg 150w, https:\/\/sarimelekler.biz\/wp-content\/uploads\/2018\/08\/Eda-Erdem-D\u00fcndar-MVP.jpeg 1600w\" sizes=\"auto, (max-width: 860px) 100vw, 860px\" data-attachment-id=\"6663\" data-permalink=\"https:\/\/sarimelekler.biz\/?attachment_id=6663\" data-orig-file=\"https:\/\/sarimelekler.biz\/wp-content\/uploads\/2018\/08\/Eda-Erdem-D\u00fcndar-MVP.jpeg\" data-orig-size=\"1600,1066\" data-comments-opened=\"0\" data-image-meta=\"{&quot;aperture&quot;:&quot;0&quot;,&quot;credit&quot;:&quot;&quot;,&quot;camera&quot;:&quot;&quot;,&quot;caption&quot;:&quot;&quot;,&quot;created_timestamp&quot;:&quot;0&quot;,&quot;copyright&quot;:&quot;&quot;,&quot;focal_length&quot;:&quot;0&quot;,&quot;iso&quot;:&quot;0&quot;,&quot;shutter_speed&quot;:&quot;0&quot;,&quot;title&quot;:&quot;&quot;,&quot;orientation&quot;:&quot;0&quot;}\" data-image-title=\"Eda-Erdem-D\u00fcndar-MVP\" data-image-description=\"\" data-image-caption=\"\" data-large-file=\"https:\/\/sarimelekler.biz\/wp-content\/uploads\/2018\/08\/Eda-Erdem-D\u00fcndar-MVP-1024x682.jpeg\" \/><\/a>\n\t\t\t<\/dt><\/dl><br style=\"clear: both\" \/>\n\t\t<\/div>\n\n\n\t\t<style type=\"text\/css\">\n\t\t\t#gallery-2 {\n\t\t\t\tmargin: auto;\n\t\t\t}\n\t\t\t#gallery-2 .gallery-item {\n\t\t\t\tfloat: left;\n\t\t\t\tmargin-top: 10px;\n\t\t\t\ttext-align: center;\n\t\t\t\twidth: 20%;\n\t\t\t}\n\t\t\t#gallery-2 img {\n\t\t\t\tborder: 2px solid #cfcfcf;\n\t\t\t}\n\t\t\t#gallery-2 .gallery-caption {\n\t\t\t\tmargin-left: 0;\n\t\t\t}\n\t\t\t\/* see gallery_shortcode() in wp-includes\/media.php *\/\n\t\t<\/style>\n\t\t<div data-carousel-extra='{&quot;blog_id&quot;:1,&quot;permalink&quot;:&quot;https:\/\/sarimelekler.biz\/?p=6662&quot;}' id='gallery-2' class='gallery galleryid-6662 gallery-columns-5 gallery-size-thumbnail'><dl class='gallery-item'>\n\t\t\t<dt class='gallery-icon landscape'>\n\t\t\t\t<a href='https:\/\/sarimelekler.biz\/?attachment_id=6664'><img loading=\"lazy\" decoding=\"async\" width=\"150\" height=\"150\" src=\"https:\/\/sarimelekler.biz\/wp-content\/uploads\/2018\/08\/T\u00fcrkiye-Azerbaycan-1-150x150.jpeg\" class=\"attachment-thumbnail size-thumbnail\" alt=\"\" data-attachment-id=\"6664\" data-permalink=\"https:\/\/sarimelekler.biz\/?attachment_id=6664\" data-orig-file=\"https:\/\/sarimelekler.biz\/wp-content\/uploads\/2018\/08\/T\u00fcrkiye-Azerbaycan-1.jpeg\" data-orig-size=\"1600,1066\" data-comments-opened=\"0\" data-image-meta=\"{&quot;aperture&quot;:&quot;0&quot;,&quot;credit&quot;:&quot;&quot;,&quot;camera&quot;:&quot;&quot;,&quot;caption&quot;:&quot;&quot;,&quot;created_timestamp&quot;:&quot;0&quot;,&quot;copyright&quot;:&quot;&quot;,&quot;focal_length&quot;:&quot;0&quot;,&quot;iso&quot;:&quot;0&quot;,&quot;shutter_speed&quot;:&quot;0&quot;,&quot;title&quot;:&quot;&quot;,&quot;orientation&quot;:&quot;0&quot;}\" data-image-title=\"T\u00fcrkiye-Azerbaycan-1\" data-image-description=\"\" data-image-caption=\"\" data-large-file=\"https:\/\/sarimelekler.biz\/wp-content\/uploads\/2018\/08\/T\u00fcrkiye-Azerbaycan-1-1024x682.jpeg\" \/><\/a>\n\t\t\t<\/dt><\/dl><dl class='gallery-item'>\n\t\t\t<dt class='gallery-icon landscape'>\n\t\t\t\t<a href='https:\/\/sarimelekler.biz\/?attachment_id=6665'><img loading=\"lazy\" decoding=\"async\" width=\"150\" height=\"150\" src=\"https:\/\/sarimelekler.biz\/wp-content\/uploads\/2018\/08\/T\u00fcrkiye-Azerbaycan-2-150x150.jpeg\" class=\"attachment-thumbnail size-thumbnail\" alt=\"\" data-attachment-id=\"6665\" data-permalink=\"https:\/\/sarimelekler.biz\/?attachment_id=6665\" data-orig-file=\"https:\/\/sarimelekler.biz\/wp-content\/uploads\/2018\/08\/T\u00fcrkiye-Azerbaycan-2.jpeg\" data-orig-size=\"1600,1066\" data-comments-opened=\"0\" data-image-meta=\"{&quot;aperture&quot;:&quot;0&quot;,&quot;credit&quot;:&quot;&quot;,&quot;camera&quot;:&quot;&quot;,&quot;caption&quot;:&quot;&quot;,&quot;created_timestamp&quot;:&quot;0&quot;,&quot;copyright&quot;:&quot;&quot;,&quot;focal_length&quot;:&quot;0&quot;,&quot;iso&quot;:&quot;0&quot;,&quot;shutter_speed&quot;:&quot;0&quot;,&quot;title&quot;:&quot;&quot;,&quot;orientation&quot;:&quot;0&quot;}\" data-image-title=\"T\u00fcrkiye-Azerbaycan-2\" data-image-description=\"\" data-image-caption=\"\" data-large-file=\"https:\/\/sarimelekler.biz\/wp-content\/uploads\/2018\/08\/T\u00fcrkiye-Azerbaycan-2-1024x682.jpeg\" \/><\/a>\n\t\t\t<\/dt><\/dl><dl class='gallery-item'>\n\t\t\t<dt class='gallery-icon landscape'>\n\t\t\t\t<a href='https:\/\/sarimelekler.biz\/?attachment_id=6666'><img loading=\"lazy\" decoding=\"async\" width=\"150\" height=\"150\" src=\"https:\/\/sarimelekler.biz\/wp-content\/uploads\/2018\/08\/T\u00fcrkiye-Azerbaycan-3-150x150.jpeg\" class=\"attachment-thumbnail size-thumbnail\" alt=\"\" data-attachment-id=\"6666\" data-permalink=\"https:\/\/sarimelekler.biz\/?attachment_id=6666\" data-orig-file=\"https:\/\/sarimelekler.biz\/wp-content\/uploads\/2018\/08\/T\u00fcrkiye-Azerbaycan-3.jpeg\" data-orig-size=\"1600,1066\" data-comments-opened=\"0\" data-image-meta=\"{&quot;aperture&quot;:&quot;0&quot;,&quot;credit&quot;:&quot;&quot;,&quot;camera&quot;:&quot;&quot;,&quot;caption&quot;:&quot;&quot;,&quot;created_timestamp&quot;:&quot;0&quot;,&quot;copyright&quot;:&quot;&quot;,&quot;focal_length&quot;:&quot;0&quot;,&quot;iso&quot;:&quot;0&quot;,&quot;shutter_speed&quot;:&quot;0&quot;,&quot;title&quot;:&quot;&quot;,&quot;orientation&quot;:&quot;0&quot;}\" data-image-title=\"T\u00fcrkiye-Azerbaycan-3\" data-image-description=\"\" data-image-caption=\"\" data-large-file=\"https:\/\/sarimelekler.biz\/wp-content\/uploads\/2018\/08\/T\u00fcrkiye-Azerbaycan-3-1024x682.jpeg\" \/><\/a>\n\t\t\t<\/dt><\/dl><dl class='gallery-item'>\n\t\t\t<dt class='gallery-icon landscape'>\n\t\t\t\t<a href='https:\/\/sarimelekler.biz\/?attachment_id=6667'><img loading=\"lazy\" decoding=\"async\" width=\"150\" height=\"150\" src=\"https:\/\/sarimelekler.biz\/wp-content\/uploads\/2018\/08\/T\u00fcrkiye-Azerbaycan-12-150x150.jpeg\" class=\"attachment-thumbnail size-thumbnail\" alt=\"\" data-attachment-id=\"6667\" data-permalink=\"https:\/\/sarimelekler.biz\/?attachment_id=6667\" data-orig-file=\"https:\/\/sarimelekler.biz\/wp-content\/uploads\/2018\/08\/T\u00fcrkiye-Azerbaycan-12.jpeg\" data-orig-size=\"1600,1166\" data-comments-opened=\"0\" data-image-meta=\"{&quot;aperture&quot;:&quot;0&quot;,&quot;credit&quot;:&quot;&quot;,&quot;camera&quot;:&quot;&quot;,&quot;caption&quot;:&quot;&quot;,&quot;created_timestamp&quot;:&quot;0&quot;,&quot;copyright&quot;:&quot;&quot;,&quot;focal_length&quot;:&quot;0&quot;,&quot;iso&quot;:&quot;0&quot;,&quot;shutter_speed&quot;:&quot;0&quot;,&quot;title&quot;:&quot;&quot;,&quot;orientation&quot;:&quot;0&quot;}\" data-image-title=\"T\u00fcrkiye-Azerbaycan-12\" data-image-description=\"\" data-image-caption=\"\" data-large-file=\"https:\/\/sarimelekler.biz\/wp-content\/uploads\/2018\/08\/T\u00fcrkiye-Azerbaycan-12-1024x746.jpeg\" \/><\/a>\n\t\t\t<\/dt><\/dl><dl class='gallery-item'>\n\t\t\t<dt class='gallery-icon portrait'>\n\t\t\t\t<a href='https:\/\/sarimelekler.biz\/?attachment_id=6668'><img loading=\"lazy\" decoding=\"async\" width=\"150\" height=\"150\" src=\"https:\/\/sarimelekler.biz\/wp-content\/uploads\/2018\/08\/Zehra-G\u00fcne\u015f-150x150.jpeg\" class=\"attachment-thumbnail size-thumbnail\" alt=\"\" data-attachment-id=\"6668\" data-permalink=\"https:\/\/sarimelekler.biz\/?attachment_id=6668\" data-orig-file=\"https:\/\/sarimelekler.biz\/wp-content\/uploads\/2018\/08\/Zehra-G\u00fcne\u015f.jpeg\" data-orig-size=\"1066,1600\" data-comments-opened=\"0\" data-image-meta=\"{&quot;aperture&quot;:&quot;0&quot;,&quot;credit&quot;:&quot;&quot;,&quot;camera&quot;:&quot;&quot;,&quot;caption&quot;:&quot;&quot;,&quot;created_timestamp&quot;:&quot;0&quot;,&quot;copyright&quot;:&quot;&quot;,&quot;focal_length&quot;:&quot;0&quot;,&quot;iso&quot;:&quot;0&quot;,&quot;shutter_speed&quot;:&quot;0&quot;,&quot;title&quot;:&quot;&quot;,&quot;orientation&quot;:&quot;0&quot;}\" data-image-title=\"Zehra-G\u00fcne\u015f\" data-image-description=\"\" data-image-caption=\"\" data-large-file=\"https:\/\/sarimelekler.biz\/wp-content\/uploads\/2018\/08\/Zehra-G\u00fcne\u015f-682x1024.jpeg\" \/><\/a>\n\t\t\t<\/dt><\/dl><br style=\"clear: both\" \/><dl class='gallery-item'>\n\t\t\t<dt class='gallery-icon landscape'>\n\t\t\t\t<a href='https:\/\/sarimelekler.biz\/?attachment_id=6669'><img loading=\"lazy\" decoding=\"async\" width=\"150\" height=\"150\" src=\"https:\/\/sarimelekler.biz\/wp-content\/uploads\/2018\/08\/T\u00fcrkiye-3-1-Rusya-2-150x150.jpg\" class=\"attachment-thumbnail size-thumbnail\" alt=\"\" data-attachment-id=\"6669\" data-permalink=\"https:\/\/sarimelekler.biz\/?attachment_id=6669\" data-orig-file=\"https:\/\/sarimelekler.biz\/wp-content\/uploads\/2018\/08\/T\u00fcrkiye-3-1-Rusya-2.jpg\" data-orig-size=\"1500,1000\" data-comments-opened=\"0\" data-image-meta=\"{&quot;aperture&quot;:&quot;3.5&quot;,&quot;credit&quot;:&quot;&quot;,&quot;camera&quot;:&quot;Canon EOS 6D&quot;,&quot;caption&quot;:&quot;&quot;,&quot;created_timestamp&quot;:&quot;1535143373&quot;,&quot;copyright&quot;:&quot;&quot;,&quot;focal_length&quot;:&quot;98&quot;,&quot;iso&quot;:&quot;2000&quot;,&quot;shutter_speed&quot;:&quot;0.0015625&quot;,&quot;title&quot;:&quot;&quot;,&quot;orientation&quot;:&quot;0&quot;}\" data-image-title=\"T\u00fcrkiye-3-1-Rusya-2\" data-image-description=\"\" data-image-caption=\"\" data-large-file=\"https:\/\/sarimelekler.biz\/wp-content\/uploads\/2018\/08\/T\u00fcrkiye-3-1-Rusya-2-1024x683.jpg\" \/><\/a>\n\t\t\t<\/dt><\/dl><dl class='gallery-item'>\n\t\t\t<dt class='gallery-icon portrait'>\n\t\t\t\t<a href='https:\/\/sarimelekler.biz\/?attachment_id=6670'><img loading=\"lazy\" decoding=\"async\" width=\"150\" height=\"150\" src=\"https:\/\/sarimelekler.biz\/wp-content\/uploads\/2018\/08\/T\u00fcrkiye-3-1-Rusya-3-150x150.jpg\" class=\"attachment-thumbnail size-thumbnail\" alt=\"\" data-attachment-id=\"6670\" data-permalink=\"https:\/\/sarimelekler.biz\/?attachment_id=6670\" data-orig-file=\"https:\/\/sarimelekler.biz\/wp-content\/uploads\/2018\/08\/T\u00fcrkiye-3-1-Rusya-3.jpg\" data-orig-size=\"1500,1573\" data-comments-opened=\"0\" data-image-meta=\"{&quot;aperture&quot;:&quot;3.5&quot;,&quot;credit&quot;:&quot;&quot;,&quot;camera&quot;:&quot;Canon EOS 6D&quot;,&quot;caption&quot;:&quot;&quot;,&quot;created_timestamp&quot;:&quot;1535143281&quot;,&quot;copyright&quot;:&quot;&quot;,&quot;focal_length&quot;:&quot;110&quot;,&quot;iso&quot;:&quot;2000&quot;,&quot;shutter_speed&quot;:&quot;0.0015625&quot;,&quot;title&quot;:&quot;&quot;,&quot;orientation&quot;:&quot;0&quot;}\" data-image-title=\"T\u00fcrkiye-3-1-Rusya-3\" data-image-description=\"\" data-image-caption=\"\" data-large-file=\"https:\/\/sarimelekler.biz\/wp-content\/uploads\/2018\/08\/T\u00fcrkiye-3-1-Rusya-3-976x1024.jpg\" \/><\/a>\n\t\t\t<\/dt><\/dl><dl class='gallery-item'>\n\t\t\t<dt class='gallery-icon landscape'>\n\t\t\t\t<a href='https:\/\/sarimelekler.biz\/?attachment_id=6671'><img loading=\"lazy\" decoding=\"async\" width=\"150\" height=\"150\" src=\"https:\/\/sarimelekler.biz\/wp-content\/uploads\/2018\/08\/T\u00fcrkiye-3-1-Rusya-5-150x150.jpg\" class=\"attachment-thumbnail size-thumbnail\" alt=\"\" data-attachment-id=\"6671\" data-permalink=\"https:\/\/sarimelekler.biz\/?attachment_id=6671\" data-orig-file=\"https:\/\/sarimelekler.biz\/wp-content\/uploads\/2018\/08\/T\u00fcrkiye-3-1-Rusya-5.jpg\" data-orig-size=\"1500,1099\" data-comments-opened=\"0\" data-image-meta=\"{&quot;aperture&quot;:&quot;3.5&quot;,&quot;credit&quot;:&quot;&quot;,&quot;camera&quot;:&quot;Canon EOS 6D&quot;,&quot;caption&quot;:&quot;&quot;,&quot;created_timestamp&quot;:&quot;1535143099&quot;,&quot;copyright&quot;:&quot;&quot;,&quot;focal_length&quot;:&quot;140&quot;,&quot;iso&quot;:&quot;2000&quot;,&quot;shutter_speed&quot;:&quot;0.0015625&quot;,&quot;title&quot;:&quot;&quot;,&quot;orientation&quot;:&quot;0&quot;}\" data-image-title=\"T\u00fcrkiye-3-1-Rusya-5\" data-image-description=\"\" data-image-caption=\"\" data-large-file=\"https:\/\/sarimelekler.biz\/wp-content\/uploads\/2018\/08\/T\u00fcrkiye-3-1-Rusya-5-1024x750.jpg\" \/><\/a>\n\t\t\t<\/dt><\/dl><dl class='gallery-item'>\n\t\t\t<dt class='gallery-icon landscape'>\n\t\t\t\t<a href='https:\/\/sarimelekler.biz\/?attachment_id=6672'><img loading=\"lazy\" decoding=\"async\" width=\"150\" height=\"150\" src=\"https:\/\/sarimelekler.biz\/wp-content\/uploads\/2018\/08\/T\u00fcrkiye-Rusya-2-150x150.jpg\" class=\"attachment-thumbnail size-thumbnail\" alt=\"\" data-attachment-id=\"6672\" data-permalink=\"https:\/\/sarimelekler.biz\/?attachment_id=6672\" data-orig-file=\"https:\/\/sarimelekler.biz\/wp-content\/uploads\/2018\/08\/T\u00fcrkiye-Rusya-2.jpg\" data-orig-size=\"1500,931\" data-comments-opened=\"0\" data-image-meta=\"{&quot;aperture&quot;:&quot;3.5&quot;,&quot;credit&quot;:&quot;&quot;,&quot;camera&quot;:&quot;Canon EOS 6D&quot;,&quot;caption&quot;:&quot;&quot;,&quot;created_timestamp&quot;:&quot;1535139483&quot;,&quot;copyright&quot;:&quot;&quot;,&quot;focal_length&quot;:&quot;93&quot;,&quot;iso&quot;:&quot;2000&quot;,&quot;shutter_speed&quot;:&quot;0.00125&quot;,&quot;title&quot;:&quot;&quot;,&quot;orientation&quot;:&quot;0&quot;}\" data-image-title=\"T\u00fcrkiye-Rusya-2\" data-image-description=\"\" data-image-caption=\"\" data-large-file=\"https:\/\/sarimelekler.biz\/wp-content\/uploads\/2018\/08\/T\u00fcrkiye-Rusya-2-1024x636.jpg\" \/><\/a>\n\t\t\t<\/dt><\/dl><dl class='gallery-item'>\n\t\t\t<dt class='gallery-icon landscape'>\n\t\t\t\t<a href='https:\/\/sarimelekler.biz\/?attachment_id=6673'><img loading=\"lazy\" decoding=\"async\" width=\"150\" height=\"150\" src=\"https:\/\/sarimelekler.biz\/wp-content\/uploads\/2018\/08\/T\u00fcrkiye-Rusya-14-150x150.jpg\" class=\"attachment-thumbnail size-thumbnail\" alt=\"\" data-attachment-id=\"6673\" data-permalink=\"https:\/\/sarimelekler.biz\/?attachment_id=6673\" data-orig-file=\"https:\/\/sarimelekler.biz\/wp-content\/uploads\/2018\/08\/T\u00fcrkiye-Rusya-14.jpg\" data-orig-size=\"1500,794\" data-comments-opened=\"0\" data-image-meta=\"{&quot;aperture&quot;:&quot;3.2&quot;,&quot;credit&quot;:&quot;Mert Bulent Ucma&quot;,&quot;camera&quot;:&quot;Canon EOS 7D Mark II&quot;,&quot;caption&quot;:&quot;&quot;,&quot;created_timestamp&quot;:&quot;1535137657&quot;,&quot;copyright&quot;:&quot;MERT Bulent Ucma Turkiye Voleybol Federasyonu&quot;,&quot;focal_length&quot;:&quot;15&quot;,&quot;iso&quot;:&quot;2000&quot;,&quot;shutter_speed&quot;:&quot;0.0015625&quot;,&quot;title&quot;:&quot;&quot;,&quot;orientation&quot;:&quot;0&quot;}\" data-image-title=\"T\u00fcrkiye-Rusya-14\" data-image-description=\"\" data-image-caption=\"\" data-large-file=\"https:\/\/sarimelekler.biz\/wp-content\/uploads\/2018\/08\/T\u00fcrkiye-Rusya-14-1024x542.jpg\" \/><\/a>\n\t\t\t<\/dt><\/dl><br style=\"clear: both\" \/><dl class='gallery-item'>\n\t\t\t<dt class='gallery-icon landscape'>\n\t\t\t\t<a href='https:\/\/sarimelekler.biz\/?attachment_id=6674'><img loading=\"lazy\" decoding=\"async\" width=\"150\" height=\"150\" src=\"https:\/\/sarimelekler.biz\/wp-content\/uploads\/2018\/08\/Filenin-Sultanlar\u0131-Sevin\u00e7-150x150.jpg\" class=\"attachment-thumbnail size-thumbnail\" alt=\"\" data-attachment-id=\"6674\" data-permalink=\"https:\/\/sarimelekler.biz\/?attachment_id=6674\" data-orig-file=\"https:\/\/sarimelekler.biz\/wp-content\/uploads\/2018\/08\/Filenin-Sultanlar\u0131-Sevin\u00e7.jpg\" data-orig-size=\"1500,975\" data-comments-opened=\"0\" data-image-meta=\"{&quot;aperture&quot;:&quot;3.5&quot;,&quot;credit&quot;:&quot;&quot;,&quot;camera&quot;:&quot;Canon EOS 6D&quot;,&quot;caption&quot;:&quot;&quot;,&quot;created_timestamp&quot;:&quot;1535146070&quot;,&quot;copyright&quot;:&quot;&quot;,&quot;focal_length&quot;:&quot;22&quot;,&quot;iso&quot;:&quot;2000&quot;,&quot;shutter_speed&quot;:&quot;0.0025&quot;,&quot;title&quot;:&quot;&quot;,&quot;orientation&quot;:&quot;0&quot;}\" data-image-title=\"Filenin-Sultanlar\u0131-Sevin\u00e7\" data-image-description=\"\" data-image-caption=\"\" data-large-file=\"https:\/\/sarimelekler.biz\/wp-content\/uploads\/2018\/08\/Filenin-Sultanlar\u0131-Sevin\u00e7-1024x666.jpg\" \/><\/a>\n\t\t\t<\/dt><\/dl><dl class='gallery-item'>\n\t\t\t<dt class='gallery-icon portrait'>\n\t\t\t\t<a href='https:\/\/sarimelekler.biz\/?attachment_id=6675'><img loading=\"lazy\" decoding=\"async\" width=\"150\" height=\"150\" src=\"https:\/\/sarimelekler.biz\/wp-content\/uploads\/2018\/08\/Hande-Balad\u0131n-150x150.jpg\" class=\"attachment-thumbnail size-thumbnail\" alt=\"\" data-attachment-id=\"6675\" data-permalink=\"https:\/\/sarimelekler.biz\/?attachment_id=6675\" data-orig-file=\"https:\/\/sarimelekler.biz\/wp-content\/uploads\/2018\/08\/Hande-Balad\u0131n.jpg\" data-orig-size=\"1500,2250\" data-comments-opened=\"0\" data-image-meta=\"{&quot;aperture&quot;:&quot;3.5&quot;,&quot;credit&quot;:&quot;&quot;,&quot;camera&quot;:&quot;Canon EOS 6D&quot;,&quot;caption&quot;:&quot;&quot;,&quot;created_timestamp&quot;:&quot;1535146143&quot;,&quot;copyright&quot;:&quot;&quot;,&quot;focal_length&quot;:&quot;70&quot;,&quot;iso&quot;:&quot;2000&quot;,&quot;shutter_speed&quot;:&quot;0.002&quot;,&quot;title&quot;:&quot;&quot;,&quot;orientation&quot;:&quot;0&quot;}\" data-image-title=\"Hande-Balad\u0131n\" data-image-description=\"\" data-image-caption=\"\" data-large-file=\"https:\/\/sarimelekler.biz\/wp-content\/uploads\/2018\/08\/Hande-Balad\u0131n-683x1024.jpg\" \/><\/a>\n\t\t\t<\/dt><\/dl><dl class='gallery-item'>\n\t\t\t<dt class='gallery-icon landscape'>\n\t\t\t\t<a href='https:\/\/sarimelekler.biz\/?attachment_id=6676'><img loading=\"lazy\" decoding=\"async\" width=\"150\" height=\"150\" src=\"https:\/\/sarimelekler.biz\/wp-content\/uploads\/2018\/08\/T\u00fcrkiye-2-150x150.jpeg\" class=\"attachment-thumbnail size-thumbnail\" alt=\"\" data-attachment-id=\"6676\" data-permalink=\"https:\/\/sarimelekler.biz\/?attachment_id=6676\" data-orig-file=\"https:\/\/sarimelekler.biz\/wp-content\/uploads\/2018\/08\/T\u00fcrkiye-2.jpeg\" data-orig-size=\"1600,1234\" data-comments-opened=\"0\" data-image-meta=\"{&quot;aperture&quot;:&quot;0&quot;,&quot;credit&quot;:&quot;&quot;,&quot;camera&quot;:&quot;&quot;,&quot;caption&quot;:&quot;&quot;,&quot;created_timestamp&quot;:&quot;0&quot;,&quot;copyright&quot;:&quot;&quot;,&quot;focal_length&quot;:&quot;0&quot;,&quot;iso&quot;:&quot;0&quot;,&quot;shutter_speed&quot;:&quot;0&quot;,&quot;title&quot;:&quot;&quot;,&quot;orientation&quot;:&quot;0&quot;}\" data-image-title=\"T\u00fcrkiye-2\" data-image-description=\"\" data-image-caption=\"\" data-large-file=\"https:\/\/sarimelekler.biz\/wp-content\/uploads\/2018\/08\/T\u00fcrkiye-2-1024x790.jpeg\" \/><\/a>\n\t\t\t<\/dt><\/dl><dl class='gallery-item'>\n\t\t\t<dt class='gallery-icon landscape'>\n\t\t\t\t<a href='https:\/\/sarimelekler.biz\/?attachment_id=6677'><img loading=\"lazy\" decoding=\"async\" width=\"150\" height=\"150\" src=\"https:\/\/sarimelekler.biz\/wp-content\/uploads\/2018\/08\/T\u00fcrkiye-\u0130talya-4-150x150.jpeg\" class=\"attachment-thumbnail size-thumbnail\" alt=\"\" data-attachment-id=\"6677\" data-permalink=\"https:\/\/sarimelekler.biz\/?attachment_id=6677\" data-orig-file=\"https:\/\/sarimelekler.biz\/wp-content\/uploads\/2018\/08\/T\u00fcrkiye-\u0130talya-4.jpeg\" data-orig-size=\"1600,1121\" data-comments-opened=\"0\" data-image-meta=\"{&quot;aperture&quot;:&quot;0&quot;,&quot;credit&quot;:&quot;&quot;,&quot;camera&quot;:&quot;&quot;,&quot;caption&quot;:&quot;&quot;,&quot;created_timestamp&quot;:&quot;0&quot;,&quot;copyright&quot;:&quot;&quot;,&quot;focal_length&quot;:&quot;0&quot;,&quot;iso&quot;:&quot;0&quot;,&quot;shutter_speed&quot;:&quot;0&quot;,&quot;title&quot;:&quot;&quot;,&quot;orientation&quot;:&quot;0&quot;}\" data-image-title=\"T\u00fcrkiye-\u0130talya-4\" data-image-description=\"\" data-image-caption=\"\" data-large-file=\"https:\/\/sarimelekler.biz\/wp-content\/uploads\/2018\/08\/T\u00fcrkiye-\u0130talya-4-1024x717.jpeg\" \/><\/a>\n\t\t\t<\/dt><\/dl><dl class='gallery-item'>\n\t\t\t<dt class='gallery-icon landscape'>\n\t\t\t\t<a href='https:\/\/sarimelekler.biz\/?attachment_id=6678'><img loading=\"lazy\" decoding=\"async\" width=\"150\" height=\"150\" src=\"https:\/\/sarimelekler.biz\/wp-content\/uploads\/2018\/08\/T\u00fcrkiye-\u0130talya-7-150x150.jpeg\" class=\"attachment-thumbnail size-thumbnail\" alt=\"\" data-attachment-id=\"6678\" data-permalink=\"https:\/\/sarimelekler.biz\/?attachment_id=6678\" data-orig-file=\"https:\/\/sarimelekler.biz\/wp-content\/uploads\/2018\/08\/T\u00fcrkiye-\u0130talya-7.jpeg\" data-orig-size=\"1600,774\" data-comments-opened=\"0\" data-image-meta=\"{&quot;aperture&quot;:&quot;0&quot;,&quot;credit&quot;:&quot;&quot;,&quot;camera&quot;:&quot;&quot;,&quot;caption&quot;:&quot;&quot;,&quot;created_timestamp&quot;:&quot;0&quot;,&quot;copyright&quot;:&quot;&quot;,&quot;focal_length&quot;:&quot;0&quot;,&quot;iso&quot;:&quot;0&quot;,&quot;shutter_speed&quot;:&quot;0&quot;,&quot;title&quot;:&quot;&quot;,&quot;orientation&quot;:&quot;0&quot;}\" data-image-title=\"T\u00fcrkiye-\u0130talya-7\" data-image-description=\"\" data-image-caption=\"\" data-large-file=\"https:\/\/sarimelekler.biz\/wp-content\/uploads\/2018\/08\/T\u00fcrkiye-\u0130talya-7-1024x495.jpeg\" \/><\/a>\n\t\t\t<\/dt><\/dl><br style=\"clear: both\" \/><dl class='gallery-item'>\n\t\t\t<dt class='gallery-icon portrait'>\n\t\t\t\t<a href='https:\/\/sarimelekler.biz\/?attachment_id=6679'><img loading=\"lazy\" decoding=\"async\" width=\"150\" height=\"150\" src=\"https:\/\/sarimelekler.biz\/wp-content\/uploads\/2018\/08\/Cansu-\u00d6zbay-150x150.jpeg\" class=\"attachment-thumbnail size-thumbnail\" alt=\"\" data-attachment-id=\"6679\" data-permalink=\"https:\/\/sarimelekler.biz\/?attachment_id=6679\" data-orig-file=\"https:\/\/sarimelekler.biz\/wp-content\/uploads\/2018\/08\/Cansu-\u00d6zbay.jpeg\" data-orig-size=\"1026,1600\" data-comments-opened=\"0\" data-image-meta=\"{&quot;aperture&quot;:&quot;0&quot;,&quot;credit&quot;:&quot;&quot;,&quot;camera&quot;:&quot;&quot;,&quot;caption&quot;:&quot;&quot;,&quot;created_timestamp&quot;:&quot;0&quot;,&quot;copyright&quot;:&quot;&quot;,&quot;focal_length&quot;:&quot;0&quot;,&quot;iso&quot;:&quot;0&quot;,&quot;shutter_speed&quot;:&quot;0&quot;,&quot;title&quot;:&quot;&quot;,&quot;orientation&quot;:&quot;0&quot;}\" data-image-title=\"Cansu-\u00d6zbay\" data-image-description=\"\" data-image-caption=\"\" data-large-file=\"https:\/\/sarimelekler.biz\/wp-content\/uploads\/2018\/08\/Cansu-\u00d6zbay-657x1024.jpeg\" \/><\/a>\n\t\t\t<\/dt><\/dl><dl class='gallery-item'>\n\t\t\t<dt class='gallery-icon landscape'>\n\t\t\t\t<a href='https:\/\/sarimelekler.biz\/?attachment_id=6680'><img loading=\"lazy\" decoding=\"async\" width=\"150\" height=\"150\" src=\"https:\/\/sarimelekler.biz\/wp-content\/uploads\/2018\/08\/Eda-Erdem-D\u00fcndar-MVP-1-150x150.jpeg\" class=\"attachment-thumbnail size-thumbnail\" alt=\"\" data-attachment-id=\"6680\" data-permalink=\"https:\/\/sarimelekler.biz\/?attachment_id=6680\" data-orig-file=\"https:\/\/sarimelekler.biz\/wp-content\/uploads\/2018\/08\/Eda-Erdem-D\u00fcndar-MVP-1.jpeg\" data-orig-size=\"1600,1066\" data-comments-opened=\"0\" data-image-meta=\"{&quot;aperture&quot;:&quot;0&quot;,&quot;credit&quot;:&quot;&quot;,&quot;camera&quot;:&quot;&quot;,&quot;caption&quot;:&quot;&quot;,&quot;created_timestamp&quot;:&quot;0&quot;,&quot;copyright&quot;:&quot;&quot;,&quot;focal_length&quot;:&quot;0&quot;,&quot;iso&quot;:&quot;0&quot;,&quot;shutter_speed&quot;:&quot;0&quot;,&quot;title&quot;:&quot;&quot;,&quot;orientation&quot;:&quot;0&quot;}\" data-image-title=\"Eda-Erdem-D\u00fcndar-MVP\" data-image-description=\"\" data-image-caption=\"\" data-large-file=\"https:\/\/sarimelekler.biz\/wp-content\/uploads\/2018\/08\/Eda-Erdem-D\u00fcndar-MVP-1-1024x682.jpeg\" \/><\/a>\n\t\t\t<\/dt><\/dl><dl class='gallery-item'>\n\t\t\t<dt class='gallery-icon landscape'>\n\t\t\t\t<a href='https:\/\/sarimelekler.biz\/?attachment_id=6681'><img loading=\"lazy\" decoding=\"async\" width=\"150\" height=\"150\" src=\"https:\/\/sarimelekler.biz\/wp-content\/uploads\/2018\/08\/T\u00fcrkiye-Kupa-K\u00fcrs\u00fc-1-150x150.jpeg\" class=\"attachment-thumbnail size-thumbnail\" alt=\"\" data-attachment-id=\"6681\" data-permalink=\"https:\/\/sarimelekler.biz\/?attachment_id=6681\" data-orig-file=\"https:\/\/sarimelekler.biz\/wp-content\/uploads\/2018\/08\/T\u00fcrkiye-Kupa-K\u00fcrs\u00fc-1.jpeg\" data-orig-size=\"1600,970\" data-comments-opened=\"0\" data-image-meta=\"{&quot;aperture&quot;:&quot;0&quot;,&quot;credit&quot;:&quot;&quot;,&quot;camera&quot;:&quot;&quot;,&quot;caption&quot;:&quot;&quot;,&quot;created_timestamp&quot;:&quot;0&quot;,&quot;copyright&quot;:&quot;&quot;,&quot;focal_length&quot;:&quot;0&quot;,&quot;iso&quot;:&quot;0&quot;,&quot;shutter_speed&quot;:&quot;0&quot;,&quot;title&quot;:&quot;&quot;,&quot;orientation&quot;:&quot;0&quot;}\" data-image-title=\"T\u00fcrkiye-Kupa-K\u00fcrs\u00fc-1\" data-image-description=\"\" data-image-caption=\"\" data-large-file=\"https:\/\/sarimelekler.biz\/wp-content\/uploads\/2018\/08\/T\u00fcrkiye-Kupa-K\u00fcrs\u00fc-1-1024x621.jpeg\" \/><\/a>\n\t\t\t<\/dt><\/dl><dl class='gallery-item'>\n\t\t\t<dt class='gallery-icon landscape'>\n\t\t\t\t<a href='https:\/\/sarimelekler.biz\/?attachment_id=6682'><img loading=\"lazy\" decoding=\"async\" width=\"150\" height=\"150\" src=\"https:\/\/sarimelekler.biz\/wp-content\/uploads\/2018\/08\/T\u00fcrkiye-Kupa-K\u00fcrs\u00fc-2-150x150.jpeg\" class=\"attachment-thumbnail size-thumbnail\" alt=\"\" data-attachment-id=\"6682\" data-permalink=\"https:\/\/sarimelekler.biz\/?attachment_id=6682\" data-orig-file=\"https:\/\/sarimelekler.biz\/wp-content\/uploads\/2018\/08\/T\u00fcrkiye-Kupa-K\u00fcrs\u00fc-2.jpeg\" data-orig-size=\"1600,1066\" data-comments-opened=\"0\" data-image-meta=\"{&quot;aperture&quot;:&quot;0&quot;,&quot;credit&quot;:&quot;&quot;,&quot;camera&quot;:&quot;&quot;,&quot;caption&quot;:&quot;&quot;,&quot;created_timestamp&quot;:&quot;0&quot;,&quot;copyright&quot;:&quot;&quot;,&quot;focal_length&quot;:&quot;0&quot;,&quot;iso&quot;:&quot;0&quot;,&quot;shutter_speed&quot;:&quot;0&quot;,&quot;title&quot;:&quot;&quot;,&quot;orientation&quot;:&quot;0&quot;}\" data-image-title=\"T\u00fcrkiye-Kupa-K\u00fcrs\u00fc-2\" data-image-description=\"\" data-image-caption=\"\" data-large-file=\"https:\/\/sarimelekler.biz\/wp-content\/uploads\/2018\/08\/T\u00fcrkiye-Kupa-K\u00fcrs\u00fc-2-1024x682.jpeg\" \/><\/a>\n\t\t\t<\/dt><\/dl><dl class='gallery-item'>\n\t\t\t<dt class='gallery-icon landscape'>\n\t\t\t\t<a href='https:\/\/sarimelekler.biz\/?attachment_id=6683'><img loading=\"lazy\" decoding=\"async\" width=\"150\" height=\"150\" src=\"https:\/\/sarimelekler.biz\/wp-content\/uploads\/2018\/08\/T\u00fcrkiye-Kupa-K\u00fcrs\u00fc-3-150x150.jpeg\" class=\"attachment-thumbnail size-thumbnail\" alt=\"\" data-attachment-id=\"6683\" data-permalink=\"https:\/\/sarimelekler.biz\/?attachment_id=6683\" data-orig-file=\"https:\/\/sarimelekler.biz\/wp-content\/uploads\/2018\/08\/T\u00fcrkiye-Kupa-K\u00fcrs\u00fc-3.jpeg\" data-orig-size=\"1600,1066\" data-comments-opened=\"0\" data-image-meta=\"{&quot;aperture&quot;:&quot;0&quot;,&quot;credit&quot;:&quot;&quot;,&quot;camera&quot;:&quot;&quot;,&quot;caption&quot;:&quot;&quot;,&quot;created_timestamp&quot;:&quot;0&quot;,&quot;copyright&quot;:&quot;&quot;,&quot;focal_length&quot;:&quot;0&quot;,&quot;iso&quot;:&quot;0&quot;,&quot;shutter_speed&quot;:&quot;0&quot;,&quot;title&quot;:&quot;&quot;,&quot;orientation&quot;:&quot;0&quot;}\" data-image-title=\"T\u00fcrkiye-Kupa-K\u00fcrs\u00fc-3\" data-image-description=\"\" data-image-caption=\"\" data-large-file=\"https:\/\/sarimelekler.biz\/wp-content\/uploads\/2018\/08\/T\u00fcrkiye-Kupa-K\u00fcrs\u00fc-3-1024x682.jpeg\" \/><\/a>\n\t\t\t<\/dt><\/dl><br style=\"clear: both\" \/><dl class='gallery-item'>\n\t\t\t<dt class='gallery-icon landscape'>\n\t\t\t\t<a href='https:\/\/sarimelekler.biz\/?attachment_id=6684'><img loading=\"lazy\" decoding=\"async\" width=\"150\" height=\"150\" src=\"https:\/\/sarimelekler.biz\/wp-content\/uploads\/2018\/08\/T\u00fcrkiye-Kupa-K\u00fcrs\u00fc-4-150x150.jpeg\" class=\"attachment-thumbnail size-thumbnail\" alt=\"\" data-attachment-id=\"6684\" data-permalink=\"https:\/\/sarimelekler.biz\/?attachment_id=6684\" data-orig-file=\"https:\/\/sarimelekler.biz\/wp-content\/uploads\/2018\/08\/T\u00fcrkiye-Kupa-K\u00fcrs\u00fc-4.jpeg\" data-orig-size=\"1600,1066\" data-comments-opened=\"0\" data-image-meta=\"{&quot;aperture&quot;:&quot;0&quot;,&quot;credit&quot;:&quot;&quot;,&quot;camera&quot;:&quot;&quot;,&quot;caption&quot;:&quot;&quot;,&quot;created_timestamp&quot;:&quot;0&quot;,&quot;copyright&quot;:&quot;&quot;,&quot;focal_length&quot;:&quot;0&quot;,&quot;iso&quot;:&quot;0&quot;,&quot;shutter_speed&quot;:&quot;0&quot;,&quot;title&quot;:&quot;&quot;,&quot;orientation&quot;:&quot;0&quot;}\" data-image-title=\"T\u00fcrkiye-Kupa-K\u00fcrs\u00fc-4\" data-image-description=\"\" data-image-caption=\"\" data-large-file=\"https:\/\/sarimelekler.biz\/wp-content\/uploads\/2018\/08\/T\u00fcrkiye-Kupa-K\u00fcrs\u00fc-4-1024x682.jpeg\" \/><\/a>\n\t\t\t<\/dt><\/dl><dl class='gallery-item'>\n\t\t\t<dt class='gallery-icon landscape'>\n\t\t\t\t<a href='https:\/\/sarimelekler.biz\/?attachment_id=6685'><img loading=\"lazy\" decoding=\"async\" width=\"150\" height=\"150\" src=\"https:\/\/sarimelekler.biz\/wp-content\/uploads\/2018\/08\/2-Rusya-K\u00fcrs\u00fc-150x150.jpeg\" class=\"attachment-thumbnail size-thumbnail\" alt=\"\" data-attachment-id=\"6685\" data-permalink=\"https:\/\/sarimelekler.biz\/?attachment_id=6685\" data-orig-file=\"https:\/\/sarimelekler.biz\/wp-content\/uploads\/2018\/08\/2-Rusya-K\u00fcrs\u00fc.jpeg\" data-orig-size=\"1600,1039\" data-comments-opened=\"0\" data-image-meta=\"{&quot;aperture&quot;:&quot;0&quot;,&quot;credit&quot;:&quot;&quot;,&quot;camera&quot;:&quot;&quot;,&quot;caption&quot;:&quot;&quot;,&quot;created_timestamp&quot;:&quot;0&quot;,&quot;copyright&quot;:&quot;&quot;,&quot;focal_length&quot;:&quot;0&quot;,&quot;iso&quot;:&quot;0&quot;,&quot;shutter_speed&quot;:&quot;0&quot;,&quot;title&quot;:&quot;&quot;,&quot;orientation&quot;:&quot;0&quot;}\" data-image-title=\"2 &amp;#8211; Rusya-K\u00fcrs\u00fc\" data-image-description=\"\" data-image-caption=\"\" data-large-file=\"https:\/\/sarimelekler.biz\/wp-content\/uploads\/2018\/08\/2-Rusya-K\u00fcrs\u00fc-1024x665.jpeg\" \/><\/a>\n\t\t\t<\/dt><\/dl><dl class='gallery-item'>\n\t\t\t<dt class='gallery-icon landscape'>\n\t\t\t\t<a href='https:\/\/sarimelekler.biz\/?attachment_id=6686'><img loading=\"lazy\" decoding=\"async\" width=\"150\" height=\"150\" src=\"https:\/\/sarimelekler.biz\/wp-content\/uploads\/2018\/08\/3-Azerbaycan-K\u00fcrs\u00fc-150x150.jpeg\" class=\"attachment-thumbnail size-thumbnail\" alt=\"\" data-attachment-id=\"6686\" data-permalink=\"https:\/\/sarimelekler.biz\/?attachment_id=6686\" data-orig-file=\"https:\/\/sarimelekler.biz\/wp-content\/uploads\/2018\/08\/3-Azerbaycan-K\u00fcrs\u00fc.jpeg\" data-orig-size=\"1600,1044\" data-comments-opened=\"0\" data-image-meta=\"{&quot;aperture&quot;:&quot;0&quot;,&quot;credit&quot;:&quot;&quot;,&quot;camera&quot;:&quot;&quot;,&quot;caption&quot;:&quot;&quot;,&quot;created_timestamp&quot;:&quot;0&quot;,&quot;copyright&quot;:&quot;&quot;,&quot;focal_length&quot;:&quot;0&quot;,&quot;iso&quot;:&quot;0&quot;,&quot;shutter_speed&quot;:&quot;0&quot;,&quot;title&quot;:&quot;&quot;,&quot;orientation&quot;:&quot;0&quot;}\" data-image-title=\"3- Azerbaycan-K\u00fcrs\u00fc\" data-image-description=\"\" data-image-caption=\"\" data-large-file=\"https:\/\/sarimelekler.biz\/wp-content\/uploads\/2018\/08\/3-Azerbaycan-K\u00fcrs\u00fc-1024x668.jpeg\" \/><\/a>\n\t\t\t<\/dt><\/dl><dl class='gallery-item'>\n\t\t\t<dt class='gallery-icon landscape'>\n\t\t\t\t<a href='https:\/\/sarimelekler.biz\/?attachment_id=6687'><img loading=\"lazy\" decoding=\"async\" width=\"150\" height=\"150\" src=\"https:\/\/sarimelekler.biz\/wp-content\/uploads\/2018\/08\/Gloria-Cup-Volleyball-Toplu-Aile-Foto\u011fraf\u0131-150x150.jpeg\" class=\"attachment-thumbnail size-thumbnail\" alt=\"\" data-attachment-id=\"6687\" data-permalink=\"https:\/\/sarimelekler.biz\/?attachment_id=6687\" data-orig-file=\"https:\/\/sarimelekler.biz\/wp-content\/uploads\/2018\/08\/Gloria-Cup-Volleyball-Toplu-Aile-Foto\u011fraf\u0131.jpeg\" data-orig-size=\"1600,1066\" data-comments-opened=\"0\" data-image-meta=\"{&quot;aperture&quot;:&quot;0&quot;,&quot;credit&quot;:&quot;&quot;,&quot;camera&quot;:&quot;&quot;,&quot;caption&quot;:&quot;&quot;,&quot;created_timestamp&quot;:&quot;0&quot;,&quot;copyright&quot;:&quot;&quot;,&quot;focal_length&quot;:&quot;0&quot;,&quot;iso&quot;:&quot;0&quot;,&quot;shutter_speed&quot;:&quot;0&quot;,&quot;title&quot;:&quot;&quot;,&quot;orientation&quot;:&quot;0&quot;}\" data-image-title=\"Gloria-Cup-Volleyball-Toplu-Aile-Foto\u011fraf\u0131\" data-image-description=\"\" data-image-caption=\"\" data-large-file=\"https:\/\/sarimelekler.biz\/wp-content\/uploads\/2018\/08\/Gloria-Cup-Volleyball-Toplu-Aile-Foto\u011fraf\u0131-1024x682.jpeg\" \/><\/a>\n\t\t\t<\/dt><\/dl><dl class='gallery-item'>\n\t\t\t<dt class='gallery-icon landscape'>\n\t\t\t\t<a href='https:\/\/sarimelekler.biz\/?attachment_id=6689'><img loading=\"lazy\" decoding=\"async\" width=\"150\" height=\"150\" src=\"https:\/\/sarimelekler.biz\/wp-content\/uploads\/2018\/08\/puan-durumu-150x150.jpg\" class=\"attachment-thumbnail size-thumbnail\" alt=\"\" data-attachment-id=\"6689\" data-permalink=\"https:\/\/sarimelekler.biz\/?attachment_id=6689\" data-orig-file=\"https:\/\/sarimelekler.biz\/wp-content\/uploads\/2018\/08\/puan-durumu.jpg\" data-orig-size=\"722,205\" data-comments-opened=\"0\" data-image-meta=\"{&quot;aperture&quot;:&quot;0&quot;,&quot;credit&quot;:&quot;&quot;,&quot;camera&quot;:&quot;&quot;,&quot;caption&quot;:&quot;&quot;,&quot;created_timestamp&quot;:&quot;0&quot;,&quot;copyright&quot;:&quot;&quot;,&quot;focal_length&quot;:&quot;0&quot;,&quot;iso&quot;:&quot;0&quot;,&quot;shutter_speed&quot;:&quot;0&quot;,&quot;title&quot;:&quot;&quot;,&quot;orientation&quot;:&quot;0&quot;}\" data-image-title=\"puan durumu\" data-image-description=\"\" data-image-caption=\"\" data-large-file=\"https:\/\/sarimelekler.biz\/wp-content\/uploads\/2018\/08\/puan-durumu.jpg\" \/><\/a>\n\t\t\t<\/dt><\/dl><br style=\"clear: both\" \/>\n\t\t<\/div>\n\n<p>Kaynak: <a href=\"http:\/\/www.tvf.org.tr\/milli-takimlar\/filenin-sultanlari-gloria-cup-volleyballda-namaglup-sampiyon\/\" target=\"_blank\" rel=\"noopener\">T\u00fcrkiye Voleybol Fededasyonu \u0130nternet Sitesi<\/a><\/p>\n","protected":false},"excerpt":{"rendered":"<p>Antalya Belek\u2019te yer alan Gloria Sports Arena\u2019n\u0131n (GSA) ev sahipli\u011finde, \u2026 <a class=\"continue-reading-link\" href=\"https:\/\/sarimelekler.biz\/?p=6662\">Okumaya Devam Et.. <span class=\"meta-nav\">&rarr; <\/span><\/a><\/p>\n","protected":false},"author":1,"featured_media":6684,"comment_status":"closed","ping_status":"open","sticky":false,"template":"","format":"standard","meta":{"jetpack_post_was_ever_published":false,"_jetpack_newsletter_access":"","_jetpack_dont_email_post_to_subs":false,"_jetpack_newsletter_tier_id":0,"_jetpack_memberships_contains_paywalled_content":false,"_jetpack_memberships_contains_paid_content":false,"footnotes":"","jetpack_publicize_message":"","jetpack_publicize_feature_enabled":true,"jetpack_social_post_already_shared":true,"jetpack_social_options":{"image_generator_settings":{"template":"highway","default_image_id":0,"font":"","enabled":false},"version":2}},"categories":[19],"tags":[],"class_list":["post-6662","post","type-post","status-publish","format-standard","has-post-thumbnail","hentry","category-milli-takim"],"jetpack_publicize_connections":[],"jetpack_featured_media_url":"https:\/\/sarimelekler.biz\/wp-content\/uploads\/2018\/08\/T\u00fcrkiye-Kupa-K\u00fcrs\u00fc-4.jpeg","jetpack_sharing_enabled":true,"jetpack_shortlink":"https:\/\/wp.me\/p8npUZ-1Js","jetpack-related-posts":[{"id":11863,"url":"https:\/\/sarimelekler.biz\/?p=11863","url_meta":{"origin":6662,"position":0},"title":"Eda Erdem D\u00fcndar ile Brankica Mihajlovic R\u00fcya Tak\u0131ma se\u00e7ildi","author":"Edit\u00f6r","date":"21 Eyl\u00fcl 2019","format":false,"excerpt":"\u00dclkemizin de ev sahipli\u011fiyle d\u00f6rt \u00fclkenin ortakla\u015fa d\u00fczenledi\u011fi 2019 CEV Kad\u0131nlar Avrupa Voleybol \u015eampiyonas\u0131\u2019nda gurur verici bir ba\u015far\u0131ya imza atarak Avrupa ikincisi olan Milli Tak\u0131m\u0131m\u0131z\u0131n kaptan\u0131 Eda Erdem D\u00fcndar ile Fenerbah\u00e7e Opet Kad\u0131n Voleybol Tak\u0131m\u0131m\u0131z\u0131n yeni transferi S\u0131rp Brankica Mihajlovic, turnuvan\u0131n R\u00fcya Tak\u0131m\u0131\u2019nda yer ald\u0131. Avrupa Voleybol \u015eampiyonas\u0131 Final ma\u00e7\u0131ndan\u2026","rel":"","context":"&quot;Milli Tak\u0131m&quot; i\u00e7inde","block_context":{"text":"Milli Tak\u0131m","link":"https:\/\/sarimelekler.biz\/?cat=19"},"img":{"alt_text":"","src":"https:\/\/i0.wp.com\/sarimelekler.biz\/wp-content\/uploads\/2019\/09\/Eda-Brankica.jpg?resize=350%2C200&ssl=1","width":350,"height":200,"srcset":"https:\/\/i0.wp.com\/sarimelekler.biz\/wp-content\/uploads\/2019\/09\/Eda-Brankica.jpg?resize=350%2C200&ssl=1 1x, https:\/\/i0.wp.com\/sarimelekler.biz\/wp-content\/uploads\/2019\/09\/Eda-Brankica.jpg?resize=525%2C300&ssl=1 1.5x, https:\/\/i0.wp.com\/sarimelekler.biz\/wp-content\/uploads\/2019\/09\/Eda-Brankica.jpg?resize=700%2C400&ssl=1 2x, https:\/\/i0.wp.com\/sarimelekler.biz\/wp-content\/uploads\/2019\/09\/Eda-Brankica.jpg?resize=1050%2C600&ssl=1 3x"},"classes":[]},{"id":12688,"url":"https:\/\/sarimelekler.biz\/?p=12688","url_meta":{"origin":6662,"position":1},"title":"Kaptan\u0131m\u0131z Eda Erdem D\u00fcndar Olimpiyat Elemeleri\u2019nin R\u00fcya Tak\u0131m\u0131na Se\u00e7ildi.","author":"Edit\u00f6r","date":"15 Ocak 2020","format":false,"excerpt":"Hollanda\u2019n\u0131n ev sahipli\u011finde Apeldoorn \u015fehrinde d\u00fczenlenen 2020 CEV Tokyo Olimpiyatlar\u0131 Avrupa K\u0131ta Elemeleri\u2019nde gurur verici bir ba\u015far\u0131ya imza atarak olimpiyat vizesi alan Milli Tak\u0131m\u0131m\u0131zda kaptan Eda Erdem D\u00fcndar ile Simge Ak\u00f6z, turnuvan\u0131n R\u00fcya Tak\u0131m\u0131\u2019nda yer ald\u0131. Avrupa Voleybol Konfederasyonu (CEV) taraf\u0131ndan a\u00e7\u0131klanan listede Fenerbah\u00e7e Opet Kad\u0131n Voleybol Tak\u0131m\u0131m\u0131z ile A\u2026","rel":"","context":"&quot;Milli Tak\u0131m&quot; i\u00e7inde","block_context":{"text":"Milli Tak\u0131m","link":"https:\/\/sarimelekler.biz\/?cat=19"},"img":{"alt_text":"","src":"https:\/\/i0.wp.com\/sarimelekler.biz\/wp-content\/uploads\/2019\/09\/Eda-CLw-15.jpg?resize=350%2C200&ssl=1","width":350,"height":200,"srcset":"https:\/\/i0.wp.com\/sarimelekler.biz\/wp-content\/uploads\/2019\/09\/Eda-CLw-15.jpg?resize=350%2C200&ssl=1 1x, https:\/\/i0.wp.com\/sarimelekler.biz\/wp-content\/uploads\/2019\/09\/Eda-CLw-15.jpg?resize=525%2C300&ssl=1 1.5x, https:\/\/i0.wp.com\/sarimelekler.biz\/wp-content\/uploads\/2019\/09\/Eda-CLw-15.jpg?resize=700%2C400&ssl=1 2x, https:\/\/i0.wp.com\/sarimelekler.biz\/wp-content\/uploads\/2019\/09\/Eda-CLw-15.jpg?resize=1050%2C600&ssl=1 3x"},"classes":[]},{"id":16040,"url":"https:\/\/sarimelekler.biz\/?p=16040","url_meta":{"origin":6662,"position":2},"title":"Kaptan\u0131m\u0131z Eda Erdem D\u00fcndar, \u00dcst \u00fcste 4. kez Avrupa \u015eampiyonas\u0131&#8217;nda &#8220;En \u0130yi Orta Oyuncu&#8221; Se\u00e7ildi.","author":"Edit\u00f6r","date":"8 Eyl\u00fcl 2021","format":false,"excerpt":"Fenerbah\u00e7e Opet ve A Milli Kad\u0131n Voleybol Tak\u0131m\u0131m\u0131z\u0131n kaptan\u0131 Eda Erdem D\u00fcndar, 2021 Avrupa Voleybol \u015eampiyonas\u0131'nda \"En \u0130yi Orta Oyuncu\" olarak R\u00fcya Tak\u0131ma se\u00e7ildi. 2015, 2017 ve 2019'un ard\u0131ndan \u00fcst \u00fcste 4. kez en iyiler aras\u0131na giren Kapta Eda Erdem D\u00fcndar, bu unvan\u0131 4 kere \u00fcst \u00fcste kazanan tarihteki ilk\u2026","rel":"","context":"&quot;Haberler&quot; i\u00e7inde","block_context":{"text":"Haberler","link":"https:\/\/sarimelekler.biz\/?cat=7"},"img":{"alt_text":"","src":"https:\/\/i0.wp.com\/sarimelekler.biz\/wp-content\/uploads\/2019\/09\/Eda-CLw-20.jpg?resize=350%2C200&ssl=1","width":350,"height":200,"srcset":"https:\/\/i0.wp.com\/sarimelekler.biz\/wp-content\/uploads\/2019\/09\/Eda-CLw-20.jpg?resize=350%2C200&ssl=1 1x, https:\/\/i0.wp.com\/sarimelekler.biz\/wp-content\/uploads\/2019\/09\/Eda-CLw-20.jpg?resize=525%2C300&ssl=1 1.5x, https:\/\/i0.wp.com\/sarimelekler.biz\/wp-content\/uploads\/2019\/09\/Eda-CLw-20.jpg?resize=700%2C400&ssl=1 2x, https:\/\/i0.wp.com\/sarimelekler.biz\/wp-content\/uploads\/2019\/09\/Eda-CLw-20.jpg?resize=1050%2C600&ssl=1 3x, https:\/\/i0.wp.com\/sarimelekler.biz\/wp-content\/uploads\/2019\/09\/Eda-CLw-20.jpg?resize=1400%2C800&ssl=1 4x"},"classes":[]},{"id":6475,"url":"https:\/\/sarimelekler.biz\/?p=6475","url_meta":{"origin":6662,"position":3},"title":"Milli Tak\u0131m\u0131m\u0131zdan B\u00fcy\u00fck Ba\u015far\u0131","author":"Edit\u00f6r","date":"1 Temmuz 2018","format":false,"excerpt":"\u00c7in\u2019in Nanjing kentinin ev sahipli\u011finde d\u00fczenlenen FIVB Voleybol Milletler Ligi Finalleri\u2019nde son 4\u2019te Avrupa K\u0131tas\u0131\u2019n\u0131 temsil eden tek \u00fclke olarak D\u00fcnya devleriyle \u015fampiyonluk m\u00fccadelesi veren A Bayan Milli Tak\u0131m\u0131m\u0131z, final ma\u00e7\u0131nda bug\u00fcn (01 Temmuz 2018, Pazar), son D\u00fcnya \u015fampiyonu A.B.D. ile kar\u015f\u0131 kar\u015f\u0131ya geldi. Millilerimiz, Nanjing Olympic Sports Centre\u2019de oynanan\u2026","rel":"","context":"&quot;Milli Tak\u0131m&quot; i\u00e7inde","block_context":{"text":"Milli Tak\u0131m","link":"https:\/\/sarimelekler.biz\/?cat=19"},"img":{"alt_text":"","src":"https:\/\/i0.wp.com\/sarimelekler.biz\/wp-content\/uploads\/2018\/07\/A-Milli-23.jpg?resize=350%2C200&ssl=1","width":350,"height":200,"srcset":"https:\/\/i0.wp.com\/sarimelekler.biz\/wp-content\/uploads\/2018\/07\/A-Milli-23.jpg?resize=350%2C200&ssl=1 1x, https:\/\/i0.wp.com\/sarimelekler.biz\/wp-content\/uploads\/2018\/07\/A-Milli-23.jpg?resize=525%2C300&ssl=1 1.5x, https:\/\/i0.wp.com\/sarimelekler.biz\/wp-content\/uploads\/2018\/07\/A-Milli-23.jpg?resize=700%2C400&ssl=1 2x, https:\/\/i0.wp.com\/sarimelekler.biz\/wp-content\/uploads\/2018\/07\/A-Milli-23.jpg?resize=1050%2C600&ssl=1 3x, https:\/\/i0.wp.com\/sarimelekler.biz\/wp-content\/uploads\/2018\/07\/A-Milli-23.jpg?resize=1400%2C800&ssl=1 4x"},"classes":[]},{"id":18902,"url":"https:\/\/sarimelekler.biz\/?p=18902","url_meta":{"origin":6662,"position":4},"title":"Kaptan\u0131m\u0131z Eda Erdem D\u00fcndar\u2019a Fair Play \u00d6d\u00fcl\u00fc Takdim Edildi","author":"Edit\u00f6r","date":"28 \u015eubat 2023","format":false,"excerpt":"Kaptan\u0131m\u0131z Eda Erdem D\u00fcndar, Uluslararas\u0131 Voleybol Federasyonu (FIVB) taraf\u0131ndan \u201cTarihin En \u0130yi 100 Oyuncusu\u201d aras\u0131nda g\u00f6sterilmesi ve \u201c2021 y\u0131l\u0131n\u0131n en iyi 12 kad\u0131n voleybolcusu\u201d listesinde yer almas\u0131 dolay\u0131s\u0131yla T\u00fcrkiye Milli Olimpiyat Komitesi (TMOK) Fair Play Komisyonu taraf\u0131ndan verilen 2021 T\u00fcrkiye Fair Play \u00d6d\u00fclleri\u2019nde Sportif Kariyer Dal\u0131nda \u015eeref Diplomas\u0131\u2019na lay\u0131k g\u00f6r\u00fclm\u00fc\u015ft\u00fc.\u2026","rel":"","context":"&quot;Haberler&quot; i\u00e7inde","block_context":{"text":"Haberler","link":"https:\/\/sarimelekler.biz\/?cat=7"},"img":{"alt_text":"","src":"https:\/\/i0.wp.com\/sarimelekler.biz\/wp-content\/uploads\/2023\/03\/Eda-TMOK-2.jpg?resize=350%2C200&ssl=1","width":350,"height":200,"srcset":"https:\/\/i0.wp.com\/sarimelekler.biz\/wp-content\/uploads\/2023\/03\/Eda-TMOK-2.jpg?resize=350%2C200&ssl=1 1x, https:\/\/i0.wp.com\/sarimelekler.biz\/wp-content\/uploads\/2023\/03\/Eda-TMOK-2.jpg?resize=525%2C300&ssl=1 1.5x, https:\/\/i0.wp.com\/sarimelekler.biz\/wp-content\/uploads\/2023\/03\/Eda-TMOK-2.jpg?resize=700%2C400&ssl=1 2x, https:\/\/i0.wp.com\/sarimelekler.biz\/wp-content\/uploads\/2023\/03\/Eda-TMOK-2.jpg?resize=1050%2C600&ssl=1 3x, https:\/\/i0.wp.com\/sarimelekler.biz\/wp-content\/uploads\/2023\/03\/Eda-TMOK-2.jpg?resize=1400%2C800&ssl=1 4x"},"classes":[]},{"id":17629,"url":"https:\/\/sarimelekler.biz\/?p=17629","url_meta":{"origin":6662,"position":5},"title":"Kaptan\u0131m\u0131z Eda Erdem D\u00fcndar\u2019a B\u00fcy\u00fck Onur","author":"Edit\u00f6r","date":"30 Mart 2022","format":false,"excerpt":"Fenerbah\u00e7e Opet Kad\u0131n Voleybol Tak\u0131m\u0131m\u0131z\u0131n ve A Milli Kad\u0131n Voleybol Tak\u0131m\u0131m\u0131z\u0131n kaptan\u0131 Eda Erdem D\u00fcndar, T\u00fcrkiye Milli Olimpiyat Komitesi (TMOK) taraf\u0131ndan \u00f6nemli bir g\u00f6reve lay\u0131k g\u00f6r\u00fcld\u00fc. Fenerbah\u00e7e ve milli tak\u0131m formas\u0131yla \u00e7ok say\u0131da \u00f6nemli ba\u015far\u0131ya imza atan kaptan Eda Erdem D\u00fcndar TMOK Sporcu Komisyonu Ba\u015fkanl\u0131\u011f\u0131na se\u00e7ildi. Eda Erdem, ayn\u0131 zamanda\u2026","rel":"","context":"&quot;Haberler&quot; i\u00e7inde","block_context":{"text":"Haberler","link":"https:\/\/sarimelekler.biz\/?cat=7"},"img":{"alt_text":"","src":"https:\/\/i0.wp.com\/sarimelekler.biz\/wp-content\/uploads\/2019\/09\/Eda-CLw-14.jpg?resize=350%2C200&ssl=1","width":350,"height":200,"srcset":"https:\/\/i0.wp.com\/sarimelekler.biz\/wp-content\/uploads\/2019\/09\/Eda-CLw-14.jpg?resize=350%2C200&ssl=1 1x, https:\/\/i0.wp.com\/sarimelekler.biz\/wp-content\/uploads\/2019\/09\/Eda-CLw-14.jpg?resize=525%2C300&ssl=1 1.5x, https:\/\/i0.wp.com\/sarimelekler.biz\/wp-content\/uploads\/2019\/09\/Eda-CLw-14.jpg?resize=700%2C400&ssl=1 2x, https:\/\/i0.wp.com\/sarimelekler.biz\/wp-content\/uploads\/2019\/09\/Eda-CLw-14.jpg?resize=1050%2C600&ssl=1 3x, https:\/\/i0.wp.com\/sarimelekler.biz\/wp-content\/uploads\/2019\/09\/Eda-CLw-14.jpg?resize=1400%2C800&ssl=1 4x"},"classes":[]}],"_links":{"self":[{"href":"https:\/\/sarimelekler.biz\/index.php?rest_route=\/wp\/v2\/posts\/6662","targetHints":{"allow":["GET"]}}],"collection":[{"href":"https:\/\/sarimelekler.biz\/index.php?rest_route=\/wp\/v2\/posts"}],"about":[{"href":"https:\/\/sarimelekler.biz\/index.php?rest_route=\/wp\/v2\/types\/post"}],"author":[{"embeddable":true,"href":"https:\/\/sarimelekler.biz\/index.php?rest_route=\/wp\/v2\/users\/1"}],"replies":[{"embeddable":true,"href":"https:\/\/sarimelekler.biz\/index.php?rest_route=%2Fwp%2Fv2%2Fcomments&post=6662"}],"version-history":[{"count":7,"href":"https:\/\/sarimelekler.biz\/index.php?rest_route=\/wp\/v2\/posts\/6662\/revisions"}],"predecessor-version":[{"id":6695,"href":"https:\/\/sarimelekler.biz\/index.php?rest_route=\/wp\/v2\/posts\/6662\/revisions\/6695"}],"wp:featuredmedia":[{"embeddable":true,"href":"https:\/\/sarimelekler.biz\/index.php?rest_route=\/wp\/v2\/media\/6684"}],"wp:attachment":[{"href":"https:\/\/sarimelekler.biz\/index.php?rest_route=%2Fwp%2Fv2%2Fmedia&parent=6662"}],"wp:term":[{"taxonomy":"category","embeddable":true,"href":"https:\/\/sarimelekler.biz\/index.php?rest_route=%2Fwp%2Fv2%2Fcategories&post=6662"},{"taxonomy":"post_tag","embeddable":true,"href":"https:\/\/sarimelekler.biz\/index.php?rest_route=%2Fwp%2Fv2%2Ftags&post=6662"}],"curies":[{"name":"wp","href":"https:\/\/api.w.org\/{rel}","templated":true}]}}