{"id":6823,"date":"2018-09-11T08:10:58","date_gmt":"2018-09-11T05:10:58","guid":{"rendered":"http:\/\/sarimelekler.biz\/?p=6823"},"modified":"2018-09-11T08:10:58","modified_gmt":"2018-09-11T05:10:58","slug":"merve-tanyel-ve-sila-caliskan-kamp-hakkinda-aciklamalarda-bulundular","status":"publish","type":"post","link":"https:\/\/sarimelekler.biz\/?p=6823","title":{"rendered":"Merve Tanyel ve S\u0131la \u00c7al\u0131\u015fkan Kamp Hakk\u0131nda A\u00e7\u0131klamalarda Bulundular"},"content":{"rendered":"<p style=\"text-align: justify;\">Yeni sezon haz\u0131rl\u0131klar\u0131n\u0131 Topuk Yaylas\u0131 tesislerimizde s\u00fcrd\u00fcren Kad\u0131n voleybol tak\u0131m\u0131m\u0131z oyuncular\u0131ndan Merve Tanyel ve S\u0131la \u00c7al\u0131\u015fkan Topuk Yaylas\u0131 Kamp\u0131 hakk\u0131nda kul\u00fcb\u00fcm\u00fcz\u00fcn resmi internet sitesine a\u00e7\u0131klamalarda bulundular.<\/p>\n<p style=\"text-align: justify;\"><strong>S\u0131la \u00c7al\u0131\u015fkan: Kamp s\u00fcrecini en iyi \u015fekilde de\u011ferlendirmek istiyoruz<\/strong><\/p>\n<p style=\"text-align: justify;\">Antrenman\u0131n ard\u0131ndan yeni transferlerimizden S\u0131la \u00c7al\u0131\u015fkan ile gen\u00e7 oyuncumuz Merve Tanyel, Resmi Sitemize a\u00e7\u0131klamalarda bulundu. Ba\u015far\u0131l\u0131 pas\u00f6r S\u0131la \u00c7al\u0131\u015fkan, sezona en iyi \u015fekilde haz\u0131rlanmak istediklerini s\u00f6yledi. Heyecanl\u0131 ve mutlu olduklar\u0131n\u0131 dile getiren \u00c7al\u0131\u015fkan, &#8220;Sezona ba\u015flad\u0131\u011f\u0131m\u0131z i\u00e7in \u00e7ok mutlu ve heyecanl\u0131y\u0131z.\u00a0 Umar\u0131m hepimiz i\u00e7in g\u00fczel ve sakatl\u0131ks\u0131z bir sezon olur. Topuk Yaylas\u0131 \u00e7ok g\u00fczel. \u00d6\u011fle saatlerinde hep birlikte yemek yedik. Ak\u015fam saatlerinde ilk antrenman\u0131m\u0131z\u0131 yapt\u0131k. Bir haftal\u0131k s\u00fcren kamp s\u00fcrecimiz olacak. Kamp s\u00fcrecini en iyi \u015fekilde de\u011ferlendirmek istiyoruz. \u00d6te yandan tesis de \u00e7ok g\u00fczel.\u00a0 Hava serin ve ortam gayet iyi. Antrenmanlara yeni ba\u015fl\u0131yoruz. Sonras\u0131nda haz\u0131rl\u0131k ma\u00e7lar\u0131 da yapaca\u011f\u0131z. Tempoyu yava\u015f yava\u015f att\u0131r\u0131yoruz. Sezon ba\u015flayana kadar bu s\u00fcreci h\u0131zland\u0131raca\u011f\u0131z ve sezona haz\u0131r \u015fekilde ba\u015flayaca\u011f\u0131z&#8221; dedi.<\/p>\n<p style=\"text-align: justify;\"><strong>Merve Tanyel: Yo\u011fun bir \u00e7al\u0131\u015fma program\u0131 bizi bekliyor<\/strong><\/p>\n<p style=\"text-align: justify;\">Gen\u00e7 sma\u00e7\u00f6r\u00a0 Merve Tanyel de, &#8220;Ge\u00e7ti\u011fimiz Pazartesi g\u00fcn\u00fc Derea\u011fz\u0131 Lefter K\u00fc\u00e7\u00fckandonyadis Tesislerimizde yapt\u0131\u011f\u0131m\u0131z antrenmanla sezonu a\u00e7t\u0131k. Bir haftal\u0131k antrenman temposundan sonra Topuk Yaylas\u0131 tesislerimize geldik. Bir hafta burada kalaca\u011f\u0131z. Yo\u011fun bir \u00e7al\u0131\u015fma program\u0131 bizi bekliyor. Tak\u0131m olarak heyecanl\u0131y\u0131z ve yeni sezonun ba\u015flamas\u0131n\u0131 iple \u00e7ekiyoruz. Fenerbah\u00e7e altyap\u0131s\u0131nda oynamama ra\u011fmen buraya ben de hi\u00e7 gelmemi\u015ftim. Tesisler olsun, buran\u0131n havas\u0131 olsun, \u00e7ok g\u00fczel. Fenerbah\u00e7e\u2019ye yak\u0131\u015f\u0131r bir organizasyon.Buraya 13 ki\u015fi geldik. 6\u2019ya 6&#8217;a oynayacak \u015fekildeyiz.\u00a0 Milli tak\u0131mda bulanan Eda abla, (Eda Erdem D\u00fcndar) ile Samantha Estephania ve Ana Antonijevic burada de\u011filler. Onlar aram\u0131za daha sonra kat\u0131lacaklar&#8221; a\u00e7\u0131klamas\u0131nda bulundu.<\/p>\n\n\t\t<style type=\"text\/css\">\n\t\t\t#gallery-1 {\n\t\t\t\tmargin: auto;\n\t\t\t}\n\t\t\t#gallery-1 .gallery-item {\n\t\t\t\tfloat: left;\n\t\t\t\tmargin-top: 10px;\n\t\t\t\ttext-align: center;\n\t\t\t\twidth: 33%;\n\t\t\t}\n\t\t\t#gallery-1 img {\n\t\t\t\tborder: 2px solid #cfcfcf;\n\t\t\t}\n\t\t\t#gallery-1 .gallery-caption {\n\t\t\t\tmargin-left: 0;\n\t\t\t}\n\t\t\t\/* see gallery_shortcode() in wp-includes\/media.php *\/\n\t\t<\/style>\n\t\t<div data-carousel-extra='{&quot;blog_id&quot;:1,&quot;permalink&quot;:&quot;https:\/\/sarimelekler.biz\/?p=6823&quot;}' id='gallery-1' class='gallery galleryid-6823 gallery-columns-3 gallery-size-thumbnail'><dl class='gallery-item'>\n\t\t\t<dt class='gallery-icon landscape'>\n\t\t\t\t<a href='https:\/\/sarimelekler.biz\/?attachment_id=6796'><img loading=\"lazy\" decoding=\"async\" width=\"150\" height=\"150\" src=\"https:\/\/sarimelekler.biz\/wp-content\/uploads\/2018\/09\/de6p7725_61622_7308592-150x150.jpg\" class=\"attachment-thumbnail size-thumbnail\" alt=\"\" data-attachment-id=\"6796\" data-permalink=\"https:\/\/sarimelekler.biz\/?attachment_id=6796\" data-orig-file=\"https:\/\/sarimelekler.biz\/wp-content\/uploads\/2018\/09\/de6p7725_61622_7308592.jpg\" data-orig-size=\"2500,1896\" data-comments-opened=\"0\" data-image-meta=\"{&quot;aperture&quot;:&quot;5.6&quot;,&quot;credit&quot;:&quot;&quot;,&quot;camera&quot;:&quot;Canon EOS-1D X&quot;,&quot;caption&quot;:&quot;&quot;,&quot;created_timestamp&quot;:&quot;1536585158&quot;,&quot;copyright&quot;:&quot;&quot;,&quot;focal_length&quot;:&quot;16&quot;,&quot;iso&quot;:&quot;200&quot;,&quot;shutter_speed&quot;:&quot;0.004&quot;,&quot;title&quot;:&quot;&quot;,&quot;orientation&quot;:&quot;1&quot;}\" data-image-title=\"de6p7725_61622_7308592\" data-image-description=\"\" data-image-caption=\"\" data-large-file=\"https:\/\/sarimelekler.biz\/wp-content\/uploads\/2018\/09\/de6p7725_61622_7308592-1024x777.jpg\" \/><\/a>\n\t\t\t<\/dt><\/dl><dl class='gallery-item'>\n\t\t\t<dt class='gallery-icon landscape'>\n\t\t\t\t<a href='https:\/\/sarimelekler.biz\/?attachment_id=6795'><img loading=\"lazy\" decoding=\"async\" width=\"150\" height=\"150\" src=\"https:\/\/sarimelekler.biz\/wp-content\/uploads\/2018\/09\/de6p7722_61622_7308683-150x150.jpg\" class=\"attachment-thumbnail size-thumbnail\" alt=\"\" data-attachment-id=\"6795\" data-permalink=\"https:\/\/sarimelekler.biz\/?attachment_id=6795\" data-orig-file=\"https:\/\/sarimelekler.biz\/wp-content\/uploads\/2018\/09\/de6p7722_61622_7308683.jpg\" data-orig-size=\"2500,1754\" data-comments-opened=\"0\" data-image-meta=\"{&quot;aperture&quot;:&quot;5.6&quot;,&quot;credit&quot;:&quot;&quot;,&quot;camera&quot;:&quot;Canon EOS-1D X&quot;,&quot;caption&quot;:&quot;&quot;,&quot;created_timestamp&quot;:&quot;1536585133&quot;,&quot;copyright&quot;:&quot;&quot;,&quot;focal_length&quot;:&quot;16&quot;,&quot;iso&quot;:&quot;200&quot;,&quot;shutter_speed&quot;:&quot;0.004&quot;,&quot;title&quot;:&quot;&quot;,&quot;orientation&quot;:&quot;1&quot;}\" data-image-title=\"de6p7722_61622_7308683\" data-image-description=\"\" data-image-caption=\"\" data-large-file=\"https:\/\/sarimelekler.biz\/wp-content\/uploads\/2018\/09\/de6p7722_61622_7308683-1024x718.jpg\" \/><\/a>\n\t\t\t<\/dt><\/dl><dl class='gallery-item'>\n\t\t\t<dt class='gallery-icon landscape'>\n\t\t\t\t<a href='https:\/\/sarimelekler.biz\/?attachment_id=6794'><img loading=\"lazy\" decoding=\"async\" width=\"150\" height=\"150\" src=\"https:\/\/sarimelekler.biz\/wp-content\/uploads\/2018\/09\/de6p7718_61622_7308545-150x150.jpg\" class=\"attachment-thumbnail size-thumbnail\" alt=\"\" data-attachment-id=\"6794\" data-permalink=\"https:\/\/sarimelekler.biz\/?attachment_id=6794\" data-orig-file=\"https:\/\/sarimelekler.biz\/wp-content\/uploads\/2018\/09\/de6p7718_61622_7308545.jpg\" data-orig-size=\"2500,1898\" data-comments-opened=\"0\" data-image-meta=\"{&quot;aperture&quot;:&quot;5&quot;,&quot;credit&quot;:&quot;&quot;,&quot;camera&quot;:&quot;Canon EOS-1D X&quot;,&quot;caption&quot;:&quot;&quot;,&quot;created_timestamp&quot;:&quot;1536585018&quot;,&quot;copyright&quot;:&quot;&quot;,&quot;focal_length&quot;:&quot;16&quot;,&quot;iso&quot;:&quot;200&quot;,&quot;shutter_speed&quot;:&quot;0.004&quot;,&quot;title&quot;:&quot;&quot;,&quot;orientation&quot;:&quot;1&quot;}\" data-image-title=\"de6p7718_61622_7308545\" data-image-description=\"\" data-image-caption=\"\" data-large-file=\"https:\/\/sarimelekler.biz\/wp-content\/uploads\/2018\/09\/de6p7718_61622_7308545-1024x777.jpg\" \/><\/a>\n\t\t\t<\/dt><\/dl><br style=\"clear: both\" \/><dl class='gallery-item'>\n\t\t\t<dt class='gallery-icon portrait'>\n\t\t\t\t<a href='https:\/\/sarimelekler.biz\/?attachment_id=6798'><img loading=\"lazy\" decoding=\"async\" width=\"150\" height=\"150\" src=\"https:\/\/sarimelekler.biz\/wp-content\/uploads\/2018\/09\/de6p7808_61622_7308722-150x150.jpg\" class=\"attachment-thumbnail size-thumbnail\" alt=\"\" data-attachment-id=\"6798\" data-permalink=\"https:\/\/sarimelekler.biz\/?attachment_id=6798\" data-orig-file=\"https:\/\/sarimelekler.biz\/wp-content\/uploads\/2018\/09\/de6p7808_61622_7308722.jpg\" data-orig-size=\"2500,3238\" data-comments-opened=\"0\" data-image-meta=\"{&quot;aperture&quot;:&quot;3.2&quot;,&quot;credit&quot;:&quot;&quot;,&quot;camera&quot;:&quot;Canon EOS-1D X&quot;,&quot;caption&quot;:&quot;&quot;,&quot;created_timestamp&quot;:&quot;1536601602&quot;,&quot;copyright&quot;:&quot;&quot;,&quot;focal_length&quot;:&quot;300&quot;,&quot;iso&quot;:&quot;2500&quot;,&quot;shutter_speed&quot;:&quot;0.002&quot;,&quot;title&quot;:&quot;&quot;,&quot;orientation&quot;:&quot;1&quot;}\" data-image-title=\"de6p7808_61622_7308722\" data-image-description=\"\" data-image-caption=\"\" data-large-file=\"https:\/\/sarimelekler.biz\/wp-content\/uploads\/2018\/09\/de6p7808_61622_7308722-791x1024.jpg\" \/><\/a>\n\t\t\t<\/dt><\/dl><dl class='gallery-item'>\n\t\t\t<dt class='gallery-icon landscape'>\n\t\t\t\t<a href='https:\/\/sarimelekler.biz\/?attachment_id=6802'><img loading=\"lazy\" decoding=\"async\" width=\"150\" height=\"150\" src=\"https:\/\/sarimelekler.biz\/wp-content\/uploads\/2018\/09\/de6p7844_61622_7310236-150x150.jpg\" class=\"attachment-thumbnail size-thumbnail\" alt=\"\" data-attachment-id=\"6802\" data-permalink=\"https:\/\/sarimelekler.biz\/?attachment_id=6802\" data-orig-file=\"https:\/\/sarimelekler.biz\/wp-content\/uploads\/2018\/09\/de6p7844_61622_7310236.jpg\" data-orig-size=\"2500,2259\" data-comments-opened=\"0\" data-image-meta=\"{&quot;aperture&quot;:&quot;3.2&quot;,&quot;credit&quot;:&quot;&quot;,&quot;camera&quot;:&quot;Canon EOS-1D X&quot;,&quot;caption&quot;:&quot;&quot;,&quot;created_timestamp&quot;:&quot;1536601732&quot;,&quot;copyright&quot;:&quot;&quot;,&quot;focal_length&quot;:&quot;200&quot;,&quot;iso&quot;:&quot;2500&quot;,&quot;shutter_speed&quot;:&quot;0.002&quot;,&quot;title&quot;:&quot;&quot;,&quot;orientation&quot;:&quot;1&quot;}\" data-image-title=\"de6p7844_61622_7310236\" data-image-description=\"\" data-image-caption=\"\" data-large-file=\"https:\/\/sarimelekler.biz\/wp-content\/uploads\/2018\/09\/de6p7844_61622_7310236-1024x925.jpg\" \/><\/a>\n\t\t\t<\/dt><\/dl><dl class='gallery-item'>\n\t\t\t<dt class='gallery-icon portrait'>\n\t\t\t\t<a href='https:\/\/sarimelekler.biz\/?attachment_id=6817'><img loading=\"lazy\" decoding=\"async\" width=\"150\" height=\"150\" src=\"https:\/\/sarimelekler.biz\/wp-content\/uploads\/2018\/09\/de6p8120_61622_731042-150x150.jpg\" class=\"attachment-thumbnail size-thumbnail\" alt=\"\" data-attachment-id=\"6817\" data-permalink=\"https:\/\/sarimelekler.biz\/?attachment_id=6817\" data-orig-file=\"https:\/\/sarimelekler.biz\/wp-content\/uploads\/2018\/09\/de6p8120_61622_731042.jpg\" data-orig-size=\"2500,3770\" data-comments-opened=\"0\" data-image-meta=\"{&quot;aperture&quot;:&quot;2.8&quot;,&quot;credit&quot;:&quot;&quot;,&quot;camera&quot;:&quot;Canon EOS-1D X&quot;,&quot;caption&quot;:&quot;&quot;,&quot;created_timestamp&quot;:&quot;1536604118&quot;,&quot;copyright&quot;:&quot;&quot;,&quot;focal_length&quot;:&quot;300&quot;,&quot;iso&quot;:&quot;3200&quot;,&quot;shutter_speed&quot;:&quot;0.003125&quot;,&quot;title&quot;:&quot;&quot;,&quot;orientation&quot;:&quot;1&quot;}\" data-image-title=\"de6p8120_61622_731042\" data-image-description=\"\" data-image-caption=\"\" data-large-file=\"https:\/\/sarimelekler.biz\/wp-content\/uploads\/2018\/09\/de6p8120_61622_731042-679x1024.jpg\" \/><\/a>\n\t\t\t<\/dt><\/dl><br style=\"clear: both\" \/>\n\t\t<\/div>\n\n<p style=\"text-align: justify;\">\n<p style=\"text-align: justify;\">Kaynak: <a href=\"https:\/\/www.fenerbahce.org\/detay.asp?ContentID=61622\" target=\"_blank\" rel=\"noopener\">Fenerbah\u00e7e SK Resmi \u0130nternet Sitesi<\/a><\/p>\n","protected":false},"excerpt":{"rendered":"<p>Yeni sezon haz\u0131rl\u0131klar\u0131n\u0131 Topuk Yaylas\u0131 tesislerimizde s\u00fcrd\u00fcren Kad\u0131n voleybol tak\u0131m\u0131m\u0131z \u2026 <a class=\"continue-reading-link\" href=\"https:\/\/sarimelekler.biz\/?p=6823\">Okumaya Devam Et.. <span class=\"meta-nav\">&rarr; <\/span><\/a><\/p>\n","protected":false},"author":1,"featured_media":6796,"comment_status":"closed","ping_status":"open","sticky":false,"template":"","format":"standard","meta":{"jetpack_post_was_ever_published":false,"_jetpack_newsletter_access":"","_jetpack_dont_email_post_to_subs":false,"_jetpack_newsletter_tier_id":0,"_jetpack_memberships_contains_paywalled_content":false,"_jetpack_memberships_contains_paid_content":false,"footnotes":"","jetpack_publicize_message":"","jetpack_publicize_feature_enabled":true,"jetpack_social_post_already_shared":true,"jetpack_social_options":{"image_generator_settings":{"template":"highway","default_image_id":0,"font":"","enabled":false},"version":2}},"categories":[7],"tags":[],"class_list":["post-6823","post","type-post","status-publish","format-standard","has-post-thumbnail","hentry","category-haberler"],"jetpack_publicize_connections":[],"jetpack_featured_media_url":"https:\/\/sarimelekler.biz\/wp-content\/uploads\/2018\/09\/de6p7725_61622_7308592.jpg","jetpack_sharing_enabled":true,"jetpack_shortlink":"https:\/\/wp.me\/p8npUZ-1M3","jetpack-related-posts":[{"id":11466,"url":"https:\/\/sarimelekler.biz\/?p=11466","url_meta":{"origin":6823,"position":0},"title":"Sar\u0131 Melekler Yeni Sezona Topuk Yaylas\u0131\u2019nda Haz\u0131rlan\u0131yor","author":"Edit\u00f6r","date":"30 A\u011fustos 2019","format":false,"excerpt":"Fenerbah\u00e7e Kad\u0131n Voleybol Tak\u0131m\u0131m\u0131z yeni sezona D\u00fczce\u2019nin Kayna\u015fl\u0131 il\u00e7esinde bulunan Serkan Acar Resort&Sport Topuk Yaylas\u0131\u2019nda haz\u0131rlan\u0131yor. M\u00fccadele edece\u011fi 3 kulvarda da ba\u015far\u0131 hedefleyen Sar\u0131 Melekler, sezonu 15 A\u011fustos\u2019ta Derea\u011fz\u0131 Lefter K\u00fc\u00e7\u00fckandonyadis Tesislerimizde yapt\u0131\u011f\u0131 antrenmanla a\u00e7t\u0131. \u00c7al\u0131\u015fmalar\u0131n\u0131n \u0130stanbul etab\u0131n\u0131n ard\u0131ndan 1 haftal\u0131k kamp i\u00e7in 26 A\u011fustos 2019 Pazartesi g\u00fcn\u00fc Serkan Acar\u2026","rel":"","context":"&quot;Haberler&quot; i\u00e7inde","block_context":{"text":"Haberler","link":"https:\/\/sarimelekler.biz\/?cat=7"},"img":{"alt_text":"","src":"https:\/\/i0.wp.com\/sarimelekler.biz\/wp-content\/uploads\/2019\/08\/19-20-Topuk-Yaylas%C4%B1-11.png?resize=350%2C200&ssl=1","width":350,"height":200,"srcset":"https:\/\/i0.wp.com\/sarimelekler.biz\/wp-content\/uploads\/2019\/08\/19-20-Topuk-Yaylas%C4%B1-11.png?resize=350%2C200&ssl=1 1x, https:\/\/i0.wp.com\/sarimelekler.biz\/wp-content\/uploads\/2019\/08\/19-20-Topuk-Yaylas%C4%B1-11.png?resize=525%2C300&ssl=1 1.5x, https:\/\/i0.wp.com\/sarimelekler.biz\/wp-content\/uploads\/2019\/08\/19-20-Topuk-Yaylas%C4%B1-11.png?resize=700%2C400&ssl=1 2x, https:\/\/i0.wp.com\/sarimelekler.biz\/wp-content\/uploads\/2019\/08\/19-20-Topuk-Yaylas%C4%B1-11.png?resize=1050%2C600&ssl=1 3x"},"classes":[]},{"id":6774,"url":"https:\/\/sarimelekler.biz\/?p=6774","url_meta":{"origin":6823,"position":1},"title":"Sar\u0131 Melekler Kamp \u0130\u00e7in Topuk Yaylas\u0131 Tesislerine Gitti","author":"Edit\u00f6r","date":"10 Eyl\u00fcl 2018","format":false,"excerpt":"Yeni Sezon \u00e7al\u0131\u015fmalar\u0131 do\u011frultusunda Sar\u0131 Melekler Topuk Yaylas\u0131 Tesislerine ula\u015ft\u0131. Bug\u00fcn itibar\u0131yla son kamp g\u00fcn\u00fc olan erkek voleybol tak\u0131m\u0131m\u0131zla y\u00f6neticilerimiz birarada zaman ge\u00e7irdi. Tak\u0131m\u0131m\u0131z\u0131n kamp kadrosuda Milli Tak\u0131mlar\u0131nda bulunan Eda Erdem D\u00fcndar, Ana Antonijevic ve Samantha Bricio kat\u0131lmazken, 2002 do\u011fumlu gen\u00e7 tak\u0131m pas\u00f6r\u00fcm\u00fcz Hilal Kocakara kamp kadrosuna al\u0131nd\u0131. Resmi Sitemizden\u2026","rel":"","context":"&quot;Haberler&quot; i\u00e7inde","block_context":{"text":"Haberler","link":"https:\/\/sarimelekler.biz\/?cat=7"},"img":{"alt_text":"","src":"https:\/\/i0.wp.com\/sarimelekler.biz\/wp-content\/uploads\/2018\/09\/de6p7570_61615_5374249.jpg?resize=350%2C200&ssl=1","width":350,"height":200,"srcset":"https:\/\/i0.wp.com\/sarimelekler.biz\/wp-content\/uploads\/2018\/09\/de6p7570_61615_5374249.jpg?resize=350%2C200&ssl=1 1x, https:\/\/i0.wp.com\/sarimelekler.biz\/wp-content\/uploads\/2018\/09\/de6p7570_61615_5374249.jpg?resize=525%2C300&ssl=1 1.5x, https:\/\/i0.wp.com\/sarimelekler.biz\/wp-content\/uploads\/2018\/09\/de6p7570_61615_5374249.jpg?resize=700%2C400&ssl=1 2x, https:\/\/i0.wp.com\/sarimelekler.biz\/wp-content\/uploads\/2018\/09\/de6p7570_61615_5374249.jpg?resize=1050%2C600&ssl=1 3x, https:\/\/i0.wp.com\/sarimelekler.biz\/wp-content\/uploads\/2018\/09\/de6p7570_61615_5374249.jpg?resize=1400%2C800&ssl=1 4x"},"classes":[]},{"id":6463,"url":"https:\/\/sarimelekler.biz\/?p=6463","url_meta":{"origin":6823,"position":2},"title":"S\u0131la \u00c7al\u0131\u015fkan: &#8220;Fenerbah\u00e7e\u2019de oynamak \u00e7ocukluk hayalimdi&#8221;","author":"Edit\u00f6r","date":"30 Haziran 2018","format":false,"excerpt":"Fenerbah\u00e7e Bayan Voleybol Tak\u0131m\u0131m\u0131z\u0131n yeni transferi S\u0131la \u00c7al\u0131\u015fkan, Fenerbah\u00e7e Spor Kul\u00fcb\u00fcm\u00fcz\u00fcn Resmi \u0130nternet Sitesine a\u00e7\u0131klamalarda bulundu. Fenerbah\u00e7e\u2019de oynaman\u0131n \u00e7ocukluk hayali oldu\u011funu ve bu hayali ger\u00e7ekle\u015ftirdi\u011fi i\u00e7in \u00e7ok mutlu oldu\u011funu belirten S\u0131la, t\u00fcm kupalara talip olduklar\u0131n\u0131 s\u00f6yledi. \u0130lk olarak Fenerbah\u00e7e\u2019de oynaman\u0131n \u00e7ocukluk hayali oldu\u011funu belirten S\u0131la, \u201cFenerbah\u00e7e\u2019nin koyu bir taraftar\u0131y\u0131m. Bu\u2026","rel":"","context":"&quot;Resmi Site R\u00f6portajlar\u0131&quot; i\u00e7inde","block_context":{"text":"Resmi Site R\u00f6portajlar\u0131","link":"https:\/\/sarimelekler.biz\/?cat=17"},"img":{"alt_text":"","src":"https:\/\/i0.wp.com\/sarimelekler.biz\/wp-content\/uploads\/2018\/06\/S%C4%B1la-%C3%87al%C4%B1%C5%9Fkan-5.jpg?resize=350%2C200&ssl=1","width":350,"height":200,"srcset":"https:\/\/i0.wp.com\/sarimelekler.biz\/wp-content\/uploads\/2018\/06\/S%C4%B1la-%C3%87al%C4%B1%C5%9Fkan-5.jpg?resize=350%2C200&ssl=1 1x, https:\/\/i0.wp.com\/sarimelekler.biz\/wp-content\/uploads\/2018\/06\/S%C4%B1la-%C3%87al%C4%B1%C5%9Fkan-5.jpg?resize=525%2C300&ssl=1 1.5x, https:\/\/i0.wp.com\/sarimelekler.biz\/wp-content\/uploads\/2018\/06\/S%C4%B1la-%C3%87al%C4%B1%C5%9Fkan-5.jpg?resize=700%2C400&ssl=1 2x, https:\/\/i0.wp.com\/sarimelekler.biz\/wp-content\/uploads\/2018\/06\/S%C4%B1la-%C3%87al%C4%B1%C5%9Fkan-5.jpg?resize=1050%2C600&ssl=1 3x, https:\/\/i0.wp.com\/sarimelekler.biz\/wp-content\/uploads\/2018\/06\/S%C4%B1la-%C3%87al%C4%B1%C5%9Fkan-5.jpg?resize=1400%2C800&ssl=1 4x"},"classes":[]},{"id":16000,"url":"https:\/\/sarimelekler.biz\/?p=16000","url_meta":{"origin":6823,"position":3},"title":"Tutku Burcu Y\u00fczgen\u00e7: Fenerbah\u00e7e\u2019ye Transfer Oldu\u011fum G\u00fcnden Bu Yana Fenerbah\u00e7e Taraftar\u0131yla Oynama Hayaliyle \u00c7al\u0131\u015f\u0131yorum","author":"Edit\u00f6r","date":"19 A\u011fustos 2021","format":false,"excerpt":"Fenerbah\u00e7e Opet Kad\u0131n Voleybol Tak\u0131m\u0131m\u0131z\u0131n yeni transferlerinden Tutku Burcu Y\u00fczgen\u00e7, Fenerbah\u00e7e Spor Kul\u00fcb\u00fcm\u00fcz resmi internet sitesine a\u00e7\u0131klamalarda bulundu. R\u00f6portaj\u0131n Tamam\u0131: Fenerbah\u00e7e Opet Kad\u0131n Voleybol Tak\u0131m\u0131m\u0131z\u0131n yeni sezon yap\u0131lanmas\u0131 kapsam\u0131nda kadrosuna katt\u0131\u011f\u0131 isimlerden biri olan Tutku Burcu Y\u00fczgen\u00e7, tak\u0131m\u0131m\u0131z\u0131n kamp yapt\u0131\u011f\u0131 Topuk Yaylas\u0131 Tesislerimizde resmi internet sitemize a\u00e7\u0131klamalarda bulundu. \u0130lk s\u00f6zleri,\u2026","rel":"","context":"&quot;Resmi Site R\u00f6portajlar\u0131&quot; i\u00e7inde","block_context":{"text":"Resmi Site R\u00f6portajlar\u0131","link":"https:\/\/sarimelekler.biz\/?cat=17"},"img":{"alt_text":"","src":"https:\/\/i0.wp.com\/sarimelekler.biz\/wp-content\/uploads\/2021\/08\/Tutku-Burcu-2.jpg?resize=350%2C200&ssl=1","width":350,"height":200,"srcset":"https:\/\/i0.wp.com\/sarimelekler.biz\/wp-content\/uploads\/2021\/08\/Tutku-Burcu-2.jpg?resize=350%2C200&ssl=1 1x, https:\/\/i0.wp.com\/sarimelekler.biz\/wp-content\/uploads\/2021\/08\/Tutku-Burcu-2.jpg?resize=525%2C300&ssl=1 1.5x, https:\/\/i0.wp.com\/sarimelekler.biz\/wp-content\/uploads\/2021\/08\/Tutku-Burcu-2.jpg?resize=700%2C400&ssl=1 2x, https:\/\/i0.wp.com\/sarimelekler.biz\/wp-content\/uploads\/2021\/08\/Tutku-Burcu-2.jpg?resize=1050%2C600&ssl=1 3x, https:\/\/i0.wp.com\/sarimelekler.biz\/wp-content\/uploads\/2021\/08\/Tutku-Burcu-2.jpg?resize=1400%2C800&ssl=1 4x"},"classes":[]},{"id":11493,"url":"https:\/\/sarimelekler.biz\/?p=11493","url_meta":{"origin":6823,"position":4},"title":"Topuk Yaylas\u0131 Kamp\u0131 Sona Erdi.","author":"Edit\u00f6r","date":"2 Eyl\u00fcl 2019","format":false,"excerpt":"Fenerbah\u00e7e Opet Kad\u0131n Voleybol Tak\u0131m\u0131m\u0131z yeni sezon haz\u0131rl\u0131klar\u0131 kapsam\u0131nda, 26 A\u011fustos\u2019ta ba\u015flad\u0131\u011f\u0131 Topuk Yaylas\u0131 kamp\u0131n\u0131 bug\u00fcn tamamlarken; Fenerbah\u00e7e HDI Sigorta Erkek Voleybol Tak\u0131m\u0131m\u0131z ise bug\u00fcn itibariyle sezon haz\u0131rl\u0131klar\u0131 i\u00e7in D\u00fczce\u2019ye gitti. Voleybol \u015eubemizden Sorumlu Y\u00f6neticimiz Simla T\u00fcrker Bayaz\u0131t ve Voleybol \u015eubemiz Yard\u0131mc\u0131s\u0131 Muhittin \u0130lker Din\u00e7ay da tak\u0131mlar\u0131m\u0131z\u0131n kamp\u0131n\u0131 ziyaret etti\u2026","rel":"","context":"&quot;Haberler&quot; i\u00e7inde","block_context":{"text":"Haberler","link":"https:\/\/sarimelekler.biz\/?cat=7"},"img":{"alt_text":"","src":"https:\/\/i0.wp.com\/sarimelekler.biz\/wp-content\/uploads\/2019\/09\/19-20-Topuk-Yaylas%C4%B1-28.jpg?resize=350%2C200&ssl=1","width":350,"height":200,"srcset":"https:\/\/i0.wp.com\/sarimelekler.biz\/wp-content\/uploads\/2019\/09\/19-20-Topuk-Yaylas%C4%B1-28.jpg?resize=350%2C200&ssl=1 1x, https:\/\/i0.wp.com\/sarimelekler.biz\/wp-content\/uploads\/2019\/09\/19-20-Topuk-Yaylas%C4%B1-28.jpg?resize=525%2C300&ssl=1 1.5x, https:\/\/i0.wp.com\/sarimelekler.biz\/wp-content\/uploads\/2019\/09\/19-20-Topuk-Yaylas%C4%B1-28.jpg?resize=700%2C400&ssl=1 2x, https:\/\/i0.wp.com\/sarimelekler.biz\/wp-content\/uploads\/2019\/09\/19-20-Topuk-Yaylas%C4%B1-28.jpg?resize=1050%2C600&ssl=1 3x, https:\/\/i0.wp.com\/sarimelekler.biz\/wp-content\/uploads\/2019\/09\/19-20-Topuk-Yaylas%C4%B1-28.jpg?resize=1400%2C800&ssl=1 4x"},"classes":[]},{"id":11486,"url":"https:\/\/sarimelekler.biz\/?p=11486","url_meta":{"origin":6823,"position":5},"title":"Dicle Nur Babat Topuk Yaylas\u0131 Kamp\u0131na Kat\u0131ld\u0131.","author":"Edit\u00f6r","date":"31 A\u011fustos 2019","format":false,"excerpt":"Yeni sezona D\u00fczce\u2019nin Kayna\u015fl\u0131 il\u00e7esinde bulunan Serkan Acar Resort&Sport Topuk Yaylas\u0131\u2019nda haz\u0131rlanan Kad\u0131n Voleybol tak\u0131m\u0131m\u0131z kamp\u0131na ge\u00e7ti\u011fimiz g\u00fcnlerde sa\u011f omzundan artroskopik omuz ameliyat\u0131 olan ba\u015far\u0131l\u0131 orta oyuncumuz Dicle Nur Babat\u2019ta kat\u0131ld\u0131. Omzunda halen ameliyat diki\u015fleri bulunan Dicle Nur hen\u00fcz tak\u0131mla birlikte top antrenmanlar\u0131na ba\u015flamazken bir m\u00fcddet kondisyon antrenmanlar\u0131na devam edecek.\u2026","rel":"","context":"&quot;Haberler&quot; i\u00e7inde","block_context":{"text":"Haberler","link":"https:\/\/sarimelekler.biz\/?cat=7"},"img":{"alt_text":"","src":"https:\/\/i0.wp.com\/sarimelekler.biz\/wp-content\/uploads\/2019\/08\/Dicle-Topuk-Yaylas%C4%B1.jpg?resize=350%2C200&ssl=1","width":350,"height":200,"srcset":"https:\/\/i0.wp.com\/sarimelekler.biz\/wp-content\/uploads\/2019\/08\/Dicle-Topuk-Yaylas%C4%B1.jpg?resize=350%2C200&ssl=1 1x, https:\/\/i0.wp.com\/sarimelekler.biz\/wp-content\/uploads\/2019\/08\/Dicle-Topuk-Yaylas%C4%B1.jpg?resize=525%2C300&ssl=1 1.5x, https:\/\/i0.wp.com\/sarimelekler.biz\/wp-content\/uploads\/2019\/08\/Dicle-Topuk-Yaylas%C4%B1.jpg?resize=700%2C400&ssl=1 2x"},"classes":[]}],"_links":{"self":[{"href":"https:\/\/sarimelekler.biz\/index.php?rest_route=\/wp\/v2\/posts\/6823","targetHints":{"allow":["GET"]}}],"collection":[{"href":"https:\/\/sarimelekler.biz\/index.php?rest_route=\/wp\/v2\/posts"}],"about":[{"href":"https:\/\/sarimelekler.biz\/index.php?rest_route=\/wp\/v2\/types\/post"}],"author":[{"embeddable":true,"href":"https:\/\/sarimelekler.biz\/index.php?rest_route=\/wp\/v2\/users\/1"}],"replies":[{"embeddable":true,"href":"https:\/\/sarimelekler.biz\/index.php?rest_route=%2Fwp%2Fv2%2Fcomments&post=6823"}],"version-history":[{"count":1,"href":"https:\/\/sarimelekler.biz\/index.php?rest_route=\/wp\/v2\/posts\/6823\/revisions"}],"predecessor-version":[{"id":6824,"href":"https:\/\/sarimelekler.biz\/index.php?rest_route=\/wp\/v2\/posts\/6823\/revisions\/6824"}],"wp:featuredmedia":[{"embeddable":true,"href":"https:\/\/sarimelekler.biz\/index.php?rest_route=\/wp\/v2\/media\/6796"}],"wp:attachment":[{"href":"https:\/\/sarimelekler.biz\/index.php?rest_route=%2Fwp%2Fv2%2Fmedia&parent=6823"}],"wp:term":[{"taxonomy":"category","embeddable":true,"href":"https:\/\/sarimelekler.biz\/index.php?rest_route=%2Fwp%2Fv2%2Fcategories&post=6823"},{"taxonomy":"post_tag","embeddable":true,"href":"https:\/\/sarimelekler.biz\/index.php?rest_route=%2Fwp%2Fv2%2Ftags&post=6823"}],"curies":[{"name":"wp","href":"https:\/\/api.w.org\/{rel}","templated":true}]}}