{"id":6825,"date":"2018-09-17T21:47:51","date_gmt":"2018-09-17T18:47:51","guid":{"rendered":"http:\/\/sarimelekler.biz\/?p=6825"},"modified":"2018-09-17T21:48:22","modified_gmt":"2018-09-17T18:48:22","slug":"ana-antonijevic-cok-buyuk-bir-kulupteyim","status":"publish","type":"post","link":"https:\/\/sarimelekler.biz\/?p=6825","title":{"rendered":"Ana Antonijevic: \u00c7ok b\u00fcy\u00fck bir kul\u00fcpteyim"},"content":{"rendered":"<p>Fenerbah\u00e7e Kad\u0131n Voleybol Tak\u0131m\u0131m\u0131z\u0131n yeni transferi Ana Antonijevic, Fenerbah\u00e7e Spor Kul\u00fcb\u00fcm\u00fcz\u00fcn Resmi \u0130nternet Sitesine a\u00e7\u0131klamalarda bulundu.<\/p>\n<p>Fenerbah\u00e7e Kad\u0131n Voleybol Tak\u0131m\u0131m\u0131z\u0131n yeni transferlerinden Ana Antonijevic, Fenerbah\u00e7e gibi b\u00fcy\u00fck bir kul\u00fcbe geldi\u011fi i\u00e7in \u00e7ok mutlu ve heyecanl\u0131 oldu\u011funu belirtti.<\/p>\n<p>S\u0131rbistan milli tak\u0131m formas\u0131 giyen yeni transferlerimizden Ana Antonijevic, bug\u00fcn (17.09.2018) \u0130stanbul\u2019a geldi. Ba\u015far\u0131l\u0131 pas\u00f6r yar\u0131n itibariyle tak\u0131mla birlikte \u00e7al\u0131\u015fmalara ba\u015flayacak.<\/p>\n<p>\u00c7ubuklu formay\u0131 giyen ve ilk izlenimlerini Resmi Sitemizle payla\u015fan Ana Antonijevic, heyecanl\u0131 ve mutlu oldu\u011funu ifade etti. A\u00e7\u0131klamalar\u0131nda Fenerbah\u00e7e\u2019nin b\u00fcy\u00fckl\u00fc\u011f\u00fcne vurgu yapan 31 ya\u015f\u0131ndaki oyuncu, \u201cFenerbah\u00e7e gibi Avrupa\u2019da da bilenen \u00e7ok b\u00fcy\u00fck bir kul\u00fcbe geldi\u011fim i\u00e7in \u00e7ok mutluyum ve heyecanl\u0131y\u0131m \u201d dedi.<\/p>\n<p>Milli tak\u0131mdan da hocas\u0131 olan Ba\u015fantren\u00f6r\u00fcm\u00fcz Zoran Terzic ile birlikte \u00e7al\u0131\u015facak olman\u0131n i\u015flerini kolayla\u015ft\u0131raca\u011f\u0131na dikkat \u00e7eken 1.88 cm boyundaki pas\u00f6r, s\u00f6zlerini \u015f\u00f6yle s\u00fcrd\u00fcrd\u00fc:<\/p>\n<p>\u201c3 kulvarda m\u00fccadele edece\u011fiz. Zorlu bir s\u00fcre\u00e7 bizi bekliyor. S\u0131k\u0131 antrenman yapmam\u0131z gerekiyor. \u0130n\u015fallah hep beraber ba\u015far\u0131l\u0131 oluruz. Fenerbah\u00e7e, taraftar\u0131yla birlikte \u00e7ok b\u00fcy\u00fck bir aile. Sezon boyunca bizleri yaln\u0131z b\u0131rakmamalar\u0131n\u0131 istiyoruz.\u201d dedi.<\/p>\n\n\t\t<style type=\"text\/css\">\n\t\t\t#gallery-1 {\n\t\t\t\tmargin: auto;\n\t\t\t}\n\t\t\t#gallery-1 .gallery-item {\n\t\t\t\tfloat: left;\n\t\t\t\tmargin-top: 10px;\n\t\t\t\ttext-align: center;\n\t\t\t\twidth: 100%;\n\t\t\t}\n\t\t\t#gallery-1 img {\n\t\t\t\tborder: 2px solid #cfcfcf;\n\t\t\t}\n\t\t\t#gallery-1 .gallery-caption {\n\t\t\t\tmargin-left: 0;\n\t\t\t}\n\t\t\t\/* see gallery_shortcode() in wp-includes\/media.php *\/\n\t\t<\/style>\n\t\t<div data-carousel-extra='{&quot;blog_id&quot;:1,&quot;permalink&quot;:&quot;https:\/\/sarimelekler.biz\/?p=6825&quot;}' id='gallery-1' class='gallery galleryid-6825 gallery-columns-1 gallery-size-large'><dl class='gallery-item'>\n\t\t\t<dt class='gallery-icon landscape'>\n\t\t\t\t<a href='https:\/\/sarimelekler.biz\/?attachment_id=6826'><img loading=\"lazy\" decoding=\"async\" width=\"860\" height=\"695\" src=\"https:\/\/sarimelekler.biz\/wp-content\/uploads\/2018\/09\/de6p9873_61700_7402945-1024x828.jpg\" class=\"attachment-large size-large\" alt=\"\" srcset=\"https:\/\/sarimelekler.biz\/wp-content\/uploads\/2018\/09\/de6p9873_61700_7402945-1024x828.jpg 1024w, https:\/\/sarimelekler.biz\/wp-content\/uploads\/2018\/09\/de6p9873_61700_7402945-300x243.jpg 300w, https:\/\/sarimelekler.biz\/wp-content\/uploads\/2018\/09\/de6p9873_61700_7402945-768x621.jpg 768w, https:\/\/sarimelekler.biz\/wp-content\/uploads\/2018\/09\/de6p9873_61700_7402945-150x121.jpg 150w\" sizes=\"auto, (max-width: 860px) 100vw, 860px\" data-attachment-id=\"6826\" data-permalink=\"https:\/\/sarimelekler.biz\/?attachment_id=6826\" data-orig-file=\"https:\/\/sarimelekler.biz\/wp-content\/uploads\/2018\/09\/de6p9873_61700_7402945.jpg\" data-orig-size=\"2500,2021\" data-comments-opened=\"0\" data-image-meta=\"{&quot;aperture&quot;:&quot;3.2&quot;,&quot;credit&quot;:&quot;&quot;,&quot;camera&quot;:&quot;Canon EOS-1D X&quot;,&quot;caption&quot;:&quot;&quot;,&quot;created_timestamp&quot;:&quot;1537193559&quot;,&quot;copyright&quot;:&quot;&quot;,&quot;focal_length&quot;:&quot;93&quot;,&quot;iso&quot;:&quot;640&quot;,&quot;shutter_speed&quot;:&quot;0.004&quot;,&quot;title&quot;:&quot;&quot;,&quot;orientation&quot;:&quot;1&quot;}\" data-image-title=\"Ana Antonijevic 1\" data-image-description=\"\" data-image-caption=\"\" data-large-file=\"https:\/\/sarimelekler.biz\/wp-content\/uploads\/2018\/09\/de6p9873_61700_7402945-1024x828.jpg\" \/><\/a>\n\t\t\t<\/dt><\/dl><br style=\"clear: both\" \/><dl class='gallery-item'>\n\t\t\t<dt class='gallery-icon landscape'>\n\t\t\t\t<a href='https:\/\/sarimelekler.biz\/?attachment_id=6827'><img loading=\"lazy\" decoding=\"async\" width=\"860\" height=\"642\" src=\"https:\/\/sarimelekler.biz\/wp-content\/uploads\/2018\/09\/de6p9886_61700_7402991-1024x765.jpg\" class=\"attachment-large size-large\" alt=\"\" srcset=\"https:\/\/sarimelekler.biz\/wp-content\/uploads\/2018\/09\/de6p9886_61700_7402991-1024x765.jpg 1024w, https:\/\/sarimelekler.biz\/wp-content\/uploads\/2018\/09\/de6p9886_61700_7402991-300x224.jpg 300w, https:\/\/sarimelekler.biz\/wp-content\/uploads\/2018\/09\/de6p9886_61700_7402991-768x574.jpg 768w, https:\/\/sarimelekler.biz\/wp-content\/uploads\/2018\/09\/de6p9886_61700_7402991-150x112.jpg 150w\" sizes=\"auto, (max-width: 860px) 100vw, 860px\" data-attachment-id=\"6827\" data-permalink=\"https:\/\/sarimelekler.biz\/?attachment_id=6827\" data-orig-file=\"https:\/\/sarimelekler.biz\/wp-content\/uploads\/2018\/09\/de6p9886_61700_7402991.jpg\" data-orig-size=\"2500,1867\" data-comments-opened=\"0\" data-image-meta=\"{&quot;aperture&quot;:&quot;8&quot;,&quot;credit&quot;:&quot;&quot;,&quot;camera&quot;:&quot;Canon EOS-1D X&quot;,&quot;caption&quot;:&quot;&quot;,&quot;created_timestamp&quot;:&quot;1537194306&quot;,&quot;copyright&quot;:&quot;&quot;,&quot;focal_length&quot;:&quot;70&quot;,&quot;iso&quot;:&quot;200&quot;,&quot;shutter_speed&quot;:&quot;0.004&quot;,&quot;title&quot;:&quot;&quot;,&quot;orientation&quot;:&quot;1&quot;}\" data-image-title=\"Ana Antonijevic 2\" data-image-description=\"\" data-image-caption=\"\" data-large-file=\"https:\/\/sarimelekler.biz\/wp-content\/uploads\/2018\/09\/de6p9886_61700_7402991-1024x765.jpg\" \/><\/a>\n\t\t\t<\/dt><\/dl><br style=\"clear: both\" \/><dl class='gallery-item'>\n\t\t\t<dt class='gallery-icon landscape'>\n\t\t\t\t<a href='https:\/\/sarimelekler.biz\/?attachment_id=6828'><img loading=\"lazy\" decoding=\"async\" width=\"860\" height=\"624\" src=\"https:\/\/sarimelekler.biz\/wp-content\/uploads\/2018\/09\/de6p9905_61700_7403034-1024x743.jpg\" class=\"attachment-large size-large\" alt=\"\" srcset=\"https:\/\/sarimelekler.biz\/wp-content\/uploads\/2018\/09\/de6p9905_61700_7403034-1024x743.jpg 1024w, https:\/\/sarimelekler.biz\/wp-content\/uploads\/2018\/09\/de6p9905_61700_7403034-300x218.jpg 300w, https:\/\/sarimelekler.biz\/wp-content\/uploads\/2018\/09\/de6p9905_61700_7403034-768x558.jpg 768w, https:\/\/sarimelekler.biz\/wp-content\/uploads\/2018\/09\/de6p9905_61700_7403034-150x109.jpg 150w\" sizes=\"auto, (max-width: 860px) 100vw, 860px\" data-attachment-id=\"6828\" data-permalink=\"https:\/\/sarimelekler.biz\/?attachment_id=6828\" data-orig-file=\"https:\/\/sarimelekler.biz\/wp-content\/uploads\/2018\/09\/de6p9905_61700_7403034.jpg\" data-orig-size=\"2500,1815\" data-comments-opened=\"0\" data-image-meta=\"{&quot;aperture&quot;:&quot;5&quot;,&quot;credit&quot;:&quot;&quot;,&quot;camera&quot;:&quot;Canon EOS-1D X&quot;,&quot;caption&quot;:&quot;&quot;,&quot;created_timestamp&quot;:&quot;1537194598&quot;,&quot;copyright&quot;:&quot;&quot;,&quot;focal_length&quot;:&quot;80&quot;,&quot;iso&quot;:&quot;200&quot;,&quot;shutter_speed&quot;:&quot;0.004&quot;,&quot;title&quot;:&quot;&quot;,&quot;orientation&quot;:&quot;1&quot;}\" data-image-title=\"Ana Antonijevic 3\" data-image-description=\"\" data-image-caption=\"\" data-large-file=\"https:\/\/sarimelekler.biz\/wp-content\/uploads\/2018\/09\/de6p9905_61700_7403034-1024x743.jpg\" \/><\/a>\n\t\t\t<\/dt><\/dl><br style=\"clear: both\" \/>\n\t\t<\/div>\n\n<p>Kaynak: <a href=\"https:\/\/www.fenerbahce.org\/detay.asp?ContentID=61700\" target=\"_blank\" rel=\"noopener\">Fenerbah\u00e7e SK Resmi \u0130nternet Sitesi<\/a><\/p>\n","protected":false},"excerpt":{"rendered":"<p>Fenerbah\u00e7e Kad\u0131n Voleybol Tak\u0131m\u0131m\u0131z\u0131n yeni transferi Ana Antonijevic, Fenerbah\u00e7e Spor \u2026 <a class=\"continue-reading-link\" href=\"https:\/\/sarimelekler.biz\/?p=6825\">Okumaya Devam Et.. <span class=\"meta-nav\">&rarr; <\/span><\/a><\/p>\n","protected":false},"author":1,"featured_media":6826,"comment_status":"closed","ping_status":"open","sticky":false,"template":"","format":"standard","meta":{"jetpack_post_was_ever_published":false,"_jetpack_newsletter_access":"","_jetpack_dont_email_post_to_subs":false,"_jetpack_newsletter_tier_id":0,"_jetpack_memberships_contains_paywalled_content":false,"_jetpack_memberships_contains_paid_content":false,"footnotes":"","jetpack_publicize_message":"","jetpack_publicize_feature_enabled":true,"jetpack_social_post_already_shared":true,"jetpack_social_options":{"image_generator_settings":{"template":"highway","default_image_id":0,"font":"","enabled":false},"version":2}},"categories":[17],"tags":[],"class_list":["post-6825","post","type-post","status-publish","format-standard","has-post-thumbnail","hentry","category-resmi-site-roportajlari"],"jetpack_publicize_connections":[],"jetpack_featured_media_url":"https:\/\/sarimelekler.biz\/wp-content\/uploads\/2018\/09\/de6p9873_61700_7402945.jpg","jetpack_sharing_enabled":true,"jetpack_shortlink":"https:\/\/wp.me\/p8npUZ-1M5","jetpack-related-posts":[{"id":7124,"url":"https:\/\/sarimelekler.biz\/?p=7124","url_meta":{"origin":6825,"position":0},"title":"Samantha Bricio: Fenerbah\u00e7e\u2019de oynamak, \u0130stanbul\u2019da ya\u015famak istedim","author":"Edit\u00f6r","date":"22 Ekim 2018","format":false,"excerpt":"Fenerbah\u00e7e Kad\u0131n Voleybol Tak\u0131m\u0131m\u0131z\u0131n yeni transferi Samantha Bricio, Fenerbah\u00e7e Spor Kul\u00fcb\u00fcm\u00fcz\u00fcn Resmi \u0130nternet Sitesine a\u00e7\u0131klamalarda bulundu. Meksika milli tak\u0131m formas\u0131yla Voleybol Kad\u0131nlar D\u00fcnya \u015eampiyonas\u0131'nda m\u00fccadele eden yeni transferlerimizden Samantha Bricio, d\u00fcn (21.10.2018) itibariyle \u0130stanbul\u2019a geldi. \u00c7ubuklu formay\u0131 giyen Fenerbah\u00e7e Kad\u0131n Voleybol Tak\u0131m\u0131m\u0131z\u0131n 24 ya\u015f\u0131ndaki yeni oyuncusu, burada olmaktan dolay\u0131 \u00e7ok\u2026","rel":"","context":"&quot;Resmi Site R\u00f6portajlar\u0131&quot; i\u00e7inde","block_context":{"text":"Resmi Site R\u00f6portajlar\u0131","link":"https:\/\/sarimelekler.biz\/?cat=17"},"img":{"alt_text":"","src":"https:\/\/i0.wp.com\/sarimelekler.biz\/wp-content\/uploads\/2018\/10\/Bricio-Ekim-3.jpg?resize=350%2C200&ssl=1","width":350,"height":200,"srcset":"https:\/\/i0.wp.com\/sarimelekler.biz\/wp-content\/uploads\/2018\/10\/Bricio-Ekim-3.jpg?resize=350%2C200&ssl=1 1x, https:\/\/i0.wp.com\/sarimelekler.biz\/wp-content\/uploads\/2018\/10\/Bricio-Ekim-3.jpg?resize=525%2C300&ssl=1 1.5x, https:\/\/i0.wp.com\/sarimelekler.biz\/wp-content\/uploads\/2018\/10\/Bricio-Ekim-3.jpg?resize=700%2C400&ssl=1 2x, https:\/\/i0.wp.com\/sarimelekler.biz\/wp-content\/uploads\/2018\/10\/Bricio-Ekim-3.jpg?resize=1050%2C600&ssl=1 3x, https:\/\/i0.wp.com\/sarimelekler.biz\/wp-content\/uploads\/2018\/10\/Bricio-Ekim-3.jpg?resize=1400%2C800&ssl=1 4x"},"classes":[]},{"id":6830,"url":"https:\/\/sarimelekler.biz\/?p=6830","url_meta":{"origin":6825,"position":1},"title":"Ana Antonijevic Hakk\u0131ndaki \u0130ddialar Ger\u00e7e\u011fi Yans\u0131tmamaktad\u0131r!","author":"Edit\u00f6r","date":"18 Eyl\u00fcl 2018","format":false,"excerpt":"Fenerbah\u00e7e Kad\u0131n Voleybol Tak\u0131m\u0131m\u0131z\u0131n yeni transferi Ana Antonijevic bilindi\u011fi \u00fczere d\u00fcn (17.09.2018) S\u0131rbistan Milli Tak\u0131m kamp\u0131ndan ayr\u0131larak \u0130stanbul\u2019a geldi ve aya\u011f\u0131n\u0131n tozuyla kul\u00fcb\u00fcm\u00fcz\u00fcn resmi internet sayfas\u0131na bir r\u00f6portaj verdi. Tak\u0131m\u0131m\u0131z\u0131n yeni antren\u00f6r\u00fc olan ve ayn\u0131 zamanda S\u0131rbistan Milli Tak\u0131m antren\u00f6rl\u00fc\u011f\u00fc yapan Zoran Terzic \u00f6n\u00fcm\u00fczdeki g\u00fcnlerde ba\u015flayacak olan \u00a0S\u0131rbistan Milli Tak\u0131m\u0131n\u0131n\u2026","rel":"","context":"&quot;\u00d6zel Haberler&quot; i\u00e7inde","block_context":{"text":"\u00d6zel Haberler","link":"https:\/\/sarimelekler.biz\/?cat=21"},"img":{"alt_text":"","src":"https:\/\/i0.wp.com\/sarimelekler.biz\/wp-content\/uploads\/2018\/09\/ana-kapak.jpg?resize=350%2C200&ssl=1","width":350,"height":200,"srcset":"https:\/\/i0.wp.com\/sarimelekler.biz\/wp-content\/uploads\/2018\/09\/ana-kapak.jpg?resize=350%2C200&ssl=1 1x, https:\/\/i0.wp.com\/sarimelekler.biz\/wp-content\/uploads\/2018\/09\/ana-kapak.jpg?resize=525%2C300&ssl=1 1.5x, https:\/\/i0.wp.com\/sarimelekler.biz\/wp-content\/uploads\/2018\/09\/ana-kapak.jpg?resize=700%2C400&ssl=1 2x, https:\/\/i0.wp.com\/sarimelekler.biz\/wp-content\/uploads\/2018\/09\/ana-kapak.jpg?resize=1050%2C600&ssl=1 3x, https:\/\/i0.wp.com\/sarimelekler.biz\/wp-content\/uploads\/2018\/09\/ana-kapak.jpg?resize=1400%2C800&ssl=1 4x"},"classes":[]},{"id":4058,"url":"https:\/\/sarimelekler.biz\/?p=4058","url_meta":{"origin":6825,"position":2},"title":"\u00c7a\u011fla Ak\u0131n: &#8220;Mutlu ve Gururluyum&#8221;","author":"Edit\u00f6r","date":"4 Haziran 2017","format":false,"excerpt":"Fenerbah\u00e7e Kad\u0131n Voleybol Tak\u0131m\u0131m\u0131z\u0131n yeni transferlerinden \u00c7a\u011fla Ak\u0131n, ilk a\u00e7\u0131klamalar\u0131n\u0131 Fenerbah\u00e7e Spor Kul\u00fcb\u00fc Resmi Sitesine yapt\u0131. Fenerbah\u00e7e camias\u0131na kat\u0131lmaktan dolay\u0131 \u00e7ok mutlu ve gururlu oldu\u011funu s\u00f6yleyen 22 ya\u015f\u0131ndaki pas\u00f6r, taraftarlar i\u00e7inse; \u201cB\u00fcy\u00fck Fenerbah\u00e7e taraftar\u0131n\u0131n deste\u011fiyle oynayacak olmak \u00e7ok heyecan verici\u201d dedi. \u00c7ubuklu formay\u0131 giyen milli oyuncu, \u201cFenerbah\u00e7e camias\u0131na kat\u0131ld\u0131\u011f\u0131m i\u00e7in\u2026","rel":"","context":"&quot;T\u00fcrkiye Ligi&quot; i\u00e7inde","block_context":{"text":"T\u00fcrkiye Ligi","link":"https:\/\/sarimelekler.biz\/?cat=6"},"img":{"alt_text":"","src":"https:\/\/i0.wp.com\/sarimelekler.biz\/wp-content\/uploads\/2017\/06\/caglabasin_56173_5013334.jpg?resize=350%2C200&ssl=1","width":350,"height":200,"srcset":"https:\/\/i0.wp.com\/sarimelekler.biz\/wp-content\/uploads\/2017\/06\/caglabasin_56173_5013334.jpg?resize=350%2C200&ssl=1 1x, https:\/\/i0.wp.com\/sarimelekler.biz\/wp-content\/uploads\/2017\/06\/caglabasin_56173_5013334.jpg?resize=525%2C300&ssl=1 1.5x, https:\/\/i0.wp.com\/sarimelekler.biz\/wp-content\/uploads\/2017\/06\/caglabasin_56173_5013334.jpg?resize=700%2C400&ssl=1 2x, https:\/\/i0.wp.com\/sarimelekler.biz\/wp-content\/uploads\/2017\/06\/caglabasin_56173_5013334.jpg?resize=1050%2C600&ssl=1 3x, https:\/\/i0.wp.com\/sarimelekler.biz\/wp-content\/uploads\/2017\/06\/caglabasin_56173_5013334.jpg?resize=1400%2C800&ssl=1 4x"},"classes":[]},{"id":11819,"url":"https:\/\/sarimelekler.biz\/?p=11819","url_meta":{"origin":6825,"position":3},"title":"Brankica Mihajlovic: &#8220;Yeniden Burada Olmak Harika.&#8221;","author":"Edit\u00f6r","date":"17 Eyl\u00fcl 2019","format":false,"excerpt":"Fenerbah\u00e7e Opet Kad\u0131n Voleybol Tak\u0131m\u0131m\u0131z yeni transferi Brankica Mihajlovic, kul\u00fcb\u00fcm\u00fcz\u00fcn resmi internet sitesine a\u00e7\u0131klamalarda bulundu. Yeniden Fenerbah\u00e7e formas\u0131 giyecek olmaktan dolay\u0131 mutlu ve heyecanl\u0131 oldu\u011funu s\u00f6yleyen Brankica Mihajlovic; S\u0131rbistan Kad\u0131n Milli Voleybol Tak\u0131m\u0131yla kazand\u0131\u011f\u0131 Avrupa \u015fampiyonlu\u011funu da de\u011ferlendirdi. Yeniden Fenerbah\u00e7e formas\u0131 giyecek olmaktan dolay\u0131 mutlu oldu\u011funu dile getirerek s\u00f6zlerine ba\u015flayan\u2026","rel":"","context":"&quot;Haberler&quot; i\u00e7inde","block_context":{"text":"Haberler","link":"https:\/\/sarimelekler.biz\/?cat=7"},"img":{"alt_text":"","src":"https:\/\/i0.wp.com\/sarimelekler.biz\/wp-content\/uploads\/2019\/09\/Mihajlovic-2019-20-3.jpg?resize=350%2C200&ssl=1","width":350,"height":200,"srcset":"https:\/\/i0.wp.com\/sarimelekler.biz\/wp-content\/uploads\/2019\/09\/Mihajlovic-2019-20-3.jpg?resize=350%2C200&ssl=1 1x, https:\/\/i0.wp.com\/sarimelekler.biz\/wp-content\/uploads\/2019\/09\/Mihajlovic-2019-20-3.jpg?resize=525%2C300&ssl=1 1.5x, https:\/\/i0.wp.com\/sarimelekler.biz\/wp-content\/uploads\/2019\/09\/Mihajlovic-2019-20-3.jpg?resize=700%2C400&ssl=1 2x, https:\/\/i0.wp.com\/sarimelekler.biz\/wp-content\/uploads\/2019\/09\/Mihajlovic-2019-20-3.jpg?resize=1050%2C600&ssl=1 3x, https:\/\/i0.wp.com\/sarimelekler.biz\/wp-content\/uploads\/2019\/09\/Mihajlovic-2019-20-3.jpg?resize=1400%2C800&ssl=1 4x"},"classes":[]},{"id":9410,"url":"https:\/\/sarimelekler.biz\/?p=9410","url_meta":{"origin":6825,"position":4},"title":"Eda Erdem D\u00fcndar ve Ana Antonijevic\u2019ten Chemik Police ma\u00e7\u0131 \u00f6ncesi a\u00e7\u0131klamalar","author":"Edit\u00f6r","date":"19 Aral\u0131k 2018","format":false,"excerpt":"Kad\u0131n Voleybol Tak\u0131m\u0131m\u0131z Fenerbah\u00e7e OPET'in CEV Kad\u0131nlar \u015eampiyonlar Ligi E Grubu 2.haftas\u0131nda Chemik Police ile bug\u00fcn oynayaca\u011f\u0131 ma\u00e7 \u00f6ncesi Kaptan\u0131m\u0131z Eda Erdem D\u00fcndar ve Ana Antonijevic, Fenerbah\u00e7e Spor Kul\u00fcb\u00fcm\u00fcz resmi sitemize a\u00e7\u0131klamalarda bulundu. Kaptan Eda Erdem D\u00fcndar taraftarlar varken daha iyi voleybol oynad\u0131klar\u0131n\u0131 vurgularken, Antonijevic hedeflerinin grupta birinci olarak bir\u2026","rel":"","context":"&quot;Avrupa Kupalar\u0131&quot; i\u00e7inde","block_context":{"text":"Avrupa Kupalar\u0131","link":"https:\/\/sarimelekler.biz\/?cat=1"},"img":{"alt_text":"","src":"https:\/\/i0.wp.com\/sarimelekler.biz\/wp-content\/uploads\/2018\/12\/Chemik-2.jpg?resize=350%2C200&ssl=1","width":350,"height":200,"srcset":"https:\/\/i0.wp.com\/sarimelekler.biz\/wp-content\/uploads\/2018\/12\/Chemik-2.jpg?resize=350%2C200&ssl=1 1x, https:\/\/i0.wp.com\/sarimelekler.biz\/wp-content\/uploads\/2018\/12\/Chemik-2.jpg?resize=525%2C300&ssl=1 1.5x, https:\/\/i0.wp.com\/sarimelekler.biz\/wp-content\/uploads\/2018\/12\/Chemik-2.jpg?resize=700%2C400&ssl=1 2x, https:\/\/i0.wp.com\/sarimelekler.biz\/wp-content\/uploads\/2018\/12\/Chemik-2.jpg?resize=1050%2C600&ssl=1 3x, https:\/\/i0.wp.com\/sarimelekler.biz\/wp-content\/uploads\/2018\/12\/Chemik-2.jpg?resize=1400%2C800&ssl=1 4x"},"classes":[]},{"id":6564,"url":"https:\/\/sarimelekler.biz\/?p=6564","url_meta":{"origin":6825,"position":5},"title":"Fenerbah\u00e7e Bayan Voleybol Tak\u0131m\u0131m\u0131z\u0131n Ba\u015fantren\u00f6r\u00fc Zoran Terzic \u0130stanbul\u2019a geldi.","author":"Edit\u00f6r","date":"19 Temmuz 2018","format":false,"excerpt":"Fenerbah\u00e7e Bayan Voleybol Tak\u0131m\u0131m\u0131z\u0131n Ba\u015fantren\u00f6rl\u00fc\u011f\u00fcne getirilen Zoran Terzic, \u00dclker Stadyumu Fenerbah\u00e7e \u015e\u00fckr\u00fc Saraco\u011flu Spor Kompleksi'ni gezdi. Zoran Terzic Fenerbah\u00e7e Spor Kul\u00fcb\u00fcm\u00fcz\u00fcn Resmi \u0130nternet Sitesine a\u00e7\u0131klamalarda bulundu. Ba\u015fantren\u00f6r\u00fcm\u00fcz Zoran Terzic, Y\u00f6netim Kurulu \u00dcyelerimiz Simla T\u00fcrker Bayaz\u0131t ve \u0130lker Din\u00e7ay ile bir araya geldi ve bir s\u00fcre sohbet etti. Zoran Terzic ard\u0131ndan\u2026","rel":"","context":"&quot;Resmi Site R\u00f6portajlar\u0131&quot; i\u00e7inde","block_context":{"text":"Resmi Site R\u00f6portajlar\u0131","link":"https:\/\/sarimelekler.biz\/?cat=17"},"img":{"alt_text":"","src":"https:\/\/i0.wp.com\/sarimelekler.biz\/wp-content\/uploads\/2018\/07\/Zoran-Terzic-12.jpg?resize=350%2C200&ssl=1","width":350,"height":200,"srcset":"https:\/\/i0.wp.com\/sarimelekler.biz\/wp-content\/uploads\/2018\/07\/Zoran-Terzic-12.jpg?resize=350%2C200&ssl=1 1x, https:\/\/i0.wp.com\/sarimelekler.biz\/wp-content\/uploads\/2018\/07\/Zoran-Terzic-12.jpg?resize=525%2C300&ssl=1 1.5x, https:\/\/i0.wp.com\/sarimelekler.biz\/wp-content\/uploads\/2018\/07\/Zoran-Terzic-12.jpg?resize=700%2C400&ssl=1 2x, https:\/\/i0.wp.com\/sarimelekler.biz\/wp-content\/uploads\/2018\/07\/Zoran-Terzic-12.jpg?resize=1050%2C600&ssl=1 3x, https:\/\/i0.wp.com\/sarimelekler.biz\/wp-content\/uploads\/2018\/07\/Zoran-Terzic-12.jpg?resize=1400%2C800&ssl=1 4x"},"classes":[]}],"_links":{"self":[{"href":"https:\/\/sarimelekler.biz\/index.php?rest_route=\/wp\/v2\/posts\/6825","targetHints":{"allow":["GET"]}}],"collection":[{"href":"https:\/\/sarimelekler.biz\/index.php?rest_route=\/wp\/v2\/posts"}],"about":[{"href":"https:\/\/sarimelekler.biz\/index.php?rest_route=\/wp\/v2\/types\/post"}],"author":[{"embeddable":true,"href":"https:\/\/sarimelekler.biz\/index.php?rest_route=\/wp\/v2\/users\/1"}],"replies":[{"embeddable":true,"href":"https:\/\/sarimelekler.biz\/index.php?rest_route=%2Fwp%2Fv2%2Fcomments&post=6825"}],"version-history":[{"count":1,"href":"https:\/\/sarimelekler.biz\/index.php?rest_route=\/wp\/v2\/posts\/6825\/revisions"}],"predecessor-version":[{"id":6829,"href":"https:\/\/sarimelekler.biz\/index.php?rest_route=\/wp\/v2\/posts\/6825\/revisions\/6829"}],"wp:featuredmedia":[{"embeddable":true,"href":"https:\/\/sarimelekler.biz\/index.php?rest_route=\/wp\/v2\/media\/6826"}],"wp:attachment":[{"href":"https:\/\/sarimelekler.biz\/index.php?rest_route=%2Fwp%2Fv2%2Fmedia&parent=6825"}],"wp:term":[{"taxonomy":"category","embeddable":true,"href":"https:\/\/sarimelekler.biz\/index.php?rest_route=%2Fwp%2Fv2%2Fcategories&post=6825"},{"taxonomy":"post_tag","embeddable":true,"href":"https:\/\/sarimelekler.biz\/index.php?rest_route=%2Fwp%2Fv2%2Ftags&post=6825"}],"curies":[{"name":"wp","href":"https:\/\/api.w.org\/{rel}","templated":true}]}}