{"id":6830,"date":"2018-09-18T22:09:07","date_gmt":"2018-09-18T19:09:07","guid":{"rendered":"http:\/\/sarimelekler.biz\/?p=6830"},"modified":"2018-10-30T21:35:45","modified_gmt":"2018-10-30T19:35:45","slug":"ana-antonijevic-hakkindaki-iddialar-gercegi-yansitmamaktadir","status":"publish","type":"post","link":"https:\/\/sarimelekler.biz\/?p=6830","title":{"rendered":"Ana Antonijevic Hakk\u0131ndaki \u0130ddialar Ger\u00e7e\u011fi Yans\u0131tmamaktad\u0131r!"},"content":{"rendered":"<p style=\"text-align: justify;\">Fenerbah\u00e7e Kad\u0131n Voleybol Tak\u0131m\u0131m\u0131z\u0131n yeni transferi Ana Antonijevic bilindi\u011fi \u00fczere d\u00fcn (17.09.2018) S\u0131rbistan Milli Tak\u0131m kamp\u0131ndan ayr\u0131larak \u0130stanbul\u2019a geldi ve aya\u011f\u0131n\u0131n tozuyla kul\u00fcb\u00fcm\u00fcz\u00fcn resmi internet sayfas\u0131na bir r\u00f6portaj verdi.<\/p>\n<p style=\"text-align: justify;\">Tak\u0131m\u0131m\u0131z\u0131n yeni antren\u00f6r\u00fc olan ve ayn\u0131 zamanda S\u0131rbistan Milli Tak\u0131m antren\u00f6rl\u00fc\u011f\u00fc yapan Zoran Terzic \u00f6n\u00fcm\u00fczdeki g\u00fcnlerde ba\u015flayacak olan \u00a0S\u0131rbistan Milli Tak\u0131m\u0131n\u0131n yer alaca\u011f\u0131 D\u00fcnya Voleybol \u015eampiyonas\u0131na milli tak\u0131m kadrosunda bulunan 3 pas\u00f6r oyuncu Maja Ognjenovic, Bojana \u017divkovi\u0107 ve Ana Antonijevic\u2019ten ikisiyle kat\u0131lmaya karar vermi\u015f ve Ana Antonijevic\u2019i taktik\/teknik \u00f6zellik\/form\/sakatl\u0131k gibi sebeplerden dolay\u0131 kadrodan \u00e7\u0131karm\u0131\u015ft\u0131r.<\/p>\n<p style=\"text-align: justify;\">Medyada yer ald\u0131\u011f\u0131 gibi Zoran Terzic ve Ana Antonijevic aras\u0131nda kavga\/tart\u0131\u015fma olay\u0131 ya\u015fanmad\u0131\u011f\u0131 gibi ikili Milli Tak\u0131m kamp\u0131ndan birbirlerine sar\u0131larak \u00fcz\u00fclerek ayr\u0131lm\u0131\u015ft\u0131rlar.<\/p>\n<p style=\"text-align: justify;\">Maja Ognjenovic ise Milli Tak\u0131m kamp\u0131na Temmuz ay\u0131nda \u00e7a\u011fr\u0131lm\u0131\u015f ve bu haber \u00fclkemizin voleybol sitelerinin sosyal medya hesaplar\u0131nda haber olarak ge\u00e7ilmi\u015ftir. Yani iddia edilen kavga\/tart\u0131\u015fma olay\u0131n\u0131n sonucuyla Ana Antonijevic\u2019in yerine Maja Ognjenovic \u00e7a\u011fr\u0131lmam\u0131\u015f olup Maja Ognjenovic zaten hali haz\u0131rda Milli Tak\u0131m kamp\u0131nda bulunmaktad\u0131r.<\/p>\n<p style=\"text-align: justify;\">Fenerbah\u00e7e Kad\u0131n Voleybol tak\u0131m\u0131m\u0131z\u0131n 2018 \u2013 2019 kadrosu yeni antren\u00f6r\u00fcm\u00fcz Zoran Terzic taraf\u0131ndan kurulmu\u015f ve Ana Antonijevic hocam\u0131z\u0131n iste\u011fi \u00fczerine tak\u0131m\u0131m\u0131za kazand\u0131r\u0131lm\u0131\u015ft\u0131r. \u00d6n\u00fcm\u00fczdeki ay ba\u015flayacak olan Sultanlar ligi \u00f6ncesi bu tip haberlere itibar etmemek gerekir.<\/p>\n<p style=\"text-align: justify;\">Ayr\u0131ca Ana Antonijevic yar\u0131n (19.09.2018) rutin sa\u011fl\u0131k kontrol\u00fcnden ge\u00e7irilecektir.<\/p>\n","protected":false},"excerpt":{"rendered":"<p>Fenerbah\u00e7e Kad\u0131n Voleybol Tak\u0131m\u0131m\u0131z\u0131n yeni transferi Ana Antonijevic bilindi\u011fi \u00fczere \u2026 <a class=\"continue-reading-link\" href=\"https:\/\/sarimelekler.biz\/?p=6830\">Okumaya Devam Et.. <span class=\"meta-nav\">&rarr; <\/span><\/a><\/p>\n","protected":false},"author":1,"featured_media":6831,"comment_status":"closed","ping_status":"open","sticky":false,"template":"","format":"standard","meta":{"jetpack_post_was_ever_published":false,"_jetpack_newsletter_access":"","_jetpack_dont_email_post_to_subs":false,"_jetpack_newsletter_tier_id":0,"_jetpack_memberships_contains_paywalled_content":false,"_jetpack_memberships_contains_paid_content":false,"footnotes":"","jetpack_publicize_message":"","jetpack_publicize_feature_enabled":true,"jetpack_social_post_already_shared":true,"jetpack_social_options":{"image_generator_settings":{"template":"highway","default_image_id":0,"font":"","enabled":false},"version":2}},"categories":[21],"tags":[],"class_list":["post-6830","post","type-post","status-publish","format-standard","has-post-thumbnail","hentry","category-ozel-haberler"],"jetpack_publicize_connections":[],"jetpack_featured_media_url":"https:\/\/sarimelekler.biz\/wp-content\/uploads\/2018\/09\/ana-kapak.jpg","jetpack_sharing_enabled":true,"jetpack_shortlink":"https:\/\/wp.me\/p8npUZ-1Ma","jetpack-related-posts":[{"id":6825,"url":"https:\/\/sarimelekler.biz\/?p=6825","url_meta":{"origin":6830,"position":0},"title":"Ana Antonijevic: \u00c7ok b\u00fcy\u00fck bir kul\u00fcpteyim","author":"Edit\u00f6r","date":"17 Eyl\u00fcl 2018","format":false,"excerpt":"Fenerbah\u00e7e Kad\u0131n Voleybol Tak\u0131m\u0131m\u0131z\u0131n yeni transferi Ana Antonijevic, Fenerbah\u00e7e Spor Kul\u00fcb\u00fcm\u00fcz\u00fcn Resmi \u0130nternet Sitesine a\u00e7\u0131klamalarda bulundu. Fenerbah\u00e7e Kad\u0131n Voleybol Tak\u0131m\u0131m\u0131z\u0131n yeni transferlerinden Ana Antonijevic, Fenerbah\u00e7e gibi b\u00fcy\u00fck bir kul\u00fcbe geldi\u011fi i\u00e7in \u00e7ok mutlu ve heyecanl\u0131 oldu\u011funu belirtti. S\u0131rbistan milli tak\u0131m formas\u0131 giyen yeni transferlerimizden Ana Antonijevic, bug\u00fcn (17.09.2018) \u0130stanbul\u2019a geldi.\u2026","rel":"","context":"&quot;Resmi Site R\u00f6portajlar\u0131&quot; i\u00e7inde","block_context":{"text":"Resmi Site R\u00f6portajlar\u0131","link":"https:\/\/sarimelekler.biz\/?cat=17"},"img":{"alt_text":"","src":"https:\/\/i0.wp.com\/sarimelekler.biz\/wp-content\/uploads\/2018\/09\/de6p9873_61700_7402945.jpg?resize=350%2C200&ssl=1","width":350,"height":200,"srcset":"https:\/\/i0.wp.com\/sarimelekler.biz\/wp-content\/uploads\/2018\/09\/de6p9873_61700_7402945.jpg?resize=350%2C200&ssl=1 1x, https:\/\/i0.wp.com\/sarimelekler.biz\/wp-content\/uploads\/2018\/09\/de6p9873_61700_7402945.jpg?resize=525%2C300&ssl=1 1.5x, https:\/\/i0.wp.com\/sarimelekler.biz\/wp-content\/uploads\/2018\/09\/de6p9873_61700_7402945.jpg?resize=700%2C400&ssl=1 2x, https:\/\/i0.wp.com\/sarimelekler.biz\/wp-content\/uploads\/2018\/09\/de6p9873_61700_7402945.jpg?resize=1050%2C600&ssl=1 3x, https:\/\/i0.wp.com\/sarimelekler.biz\/wp-content\/uploads\/2018\/09\/de6p9873_61700_7402945.jpg?resize=1400%2C800&ssl=1 4x"},"classes":[]},{"id":6793,"url":"https:\/\/sarimelekler.biz\/?p=6793","url_meta":{"origin":6830,"position":1},"title":"Sar\u0131 Melekler yeni sezona Topuk Yaylas\u0131\u2019nda haz\u0131rlan\u0131yor","author":"Edit\u00f6r","date":"11 Eyl\u00fcl 2018","format":false,"excerpt":"Fenerbah\u00e7e Kad\u0131n Voleybol Tak\u0131m\u0131m\u0131z yeni sezona D\u00fczce'nin Kayna\u015fl\u0131 il\u00e7esinde bulunan Serkan Acar Resort&Sport Topuk Yaylas\u0131\u2019nda haz\u0131rlan\u0131yor. M\u00fccadele edece\u011fi 3 kulvarda da ba\u015far\u0131 hedefleyen Sar\u0131 Melekler, sezonu ge\u00e7ti\u011fimiz hafta Derea\u011fz\u0131 Lefter K\u00fc\u00e7\u00fckandonyadis Tesislerimizde yapt\u0131\u011f\u0131 antrenmanla a\u00e7t\u0131. 1 haftal\u0131k \u00e7al\u0131\u015fman\u0131n ard\u0131ndan kafilemiz sabah saatlerinde Topuk Yaylas\u0131'n\u0131n yolunu tuttu. Burada 1 hafta kamp\u2026","rel":"","context":"&quot;Haberler&quot; i\u00e7inde","block_context":{"text":"Haberler","link":"https:\/\/sarimelekler.biz\/?cat=7"},"img":{"alt_text":"","src":"https:\/\/i0.wp.com\/sarimelekler.biz\/wp-content\/uploads\/2018\/09\/de6p8071_61622_7310361.jpg?resize=350%2C200&ssl=1","width":350,"height":200,"srcset":"https:\/\/i0.wp.com\/sarimelekler.biz\/wp-content\/uploads\/2018\/09\/de6p8071_61622_7310361.jpg?resize=350%2C200&ssl=1 1x, https:\/\/i0.wp.com\/sarimelekler.biz\/wp-content\/uploads\/2018\/09\/de6p8071_61622_7310361.jpg?resize=525%2C300&ssl=1 1.5x, https:\/\/i0.wp.com\/sarimelekler.biz\/wp-content\/uploads\/2018\/09\/de6p8071_61622_7310361.jpg?resize=700%2C400&ssl=1 2x, https:\/\/i0.wp.com\/sarimelekler.biz\/wp-content\/uploads\/2018\/09\/de6p8071_61622_7310361.jpg?resize=1050%2C600&ssl=1 3x, https:\/\/i0.wp.com\/sarimelekler.biz\/wp-content\/uploads\/2018\/09\/de6p8071_61622_7310361.jpg?resize=1400%2C800&ssl=1 4x"},"classes":[]},{"id":6834,"url":"https:\/\/sarimelekler.biz\/?p=6834","url_meta":{"origin":6830,"position":2},"title":"Sar\u0131 Melekler yeni sezon haz\u0131rl\u0131klar\u0131n\u0131 s\u00fcrd\u00fcr\u00fcyor","author":"Edit\u00f6r","date":"22 Eyl\u00fcl 2018","format":false,"excerpt":"Ge\u00e7ti\u011fimiz hafta sonu Topuk Yaylas\u0131 Tesislerinde ger\u00e7ekle\u015ftirilen kamptan d\u00f6nen Fenerbah\u00e7e Kad\u0131n Voleybol Tak\u0131m\u0131m\u0131z, yeni sezon haz\u0131rl\u0131klar\u0131n\u0131 Derea\u011fz\u0131 Lefter K\u00fc\u00e7\u00fckandonyadis Tesislerimizde yapt\u0131\u011f\u0131 antrenmanlarla s\u00fcrd\u00fcr\u00fcyor. Antrenmanlara \u015fuan Milli Tak\u0131m Kamp\u0131nda bulunan kaptan\u0131m\u0131z Eda Erdem D\u00fcndar ile Samantha Bricio kat\u0131lm\u0131yor. Devam eden antrenmanlara ge\u00e7ti\u011fmiz g\u00fcnlerde Voleybol \u015eubesi Yard\u0131mc\u0131s\u0131 Muhittin \u0130lker Din\u00e7ay ile haz\u0131rl\u0131k\u2026","rel":"","context":"&quot;Haberler&quot; i\u00e7inde","block_context":{"text":"Haberler","link":"https:\/\/sarimelekler.biz\/?cat=7"},"img":{"alt_text":"","src":"https:\/\/i0.wp.com\/sarimelekler.biz\/wp-content\/uploads\/2018\/09\/DnoHLZUXsAEvomD.jpg-large.jpg?resize=350%2C200&ssl=1","width":350,"height":200,"srcset":"https:\/\/i0.wp.com\/sarimelekler.biz\/wp-content\/uploads\/2018\/09\/DnoHLZUXsAEvomD.jpg-large.jpg?resize=350%2C200&ssl=1 1x, https:\/\/i0.wp.com\/sarimelekler.biz\/wp-content\/uploads\/2018\/09\/DnoHLZUXsAEvomD.jpg-large.jpg?resize=525%2C300&ssl=1 1.5x, https:\/\/i0.wp.com\/sarimelekler.biz\/wp-content\/uploads\/2018\/09\/DnoHLZUXsAEvomD.jpg-large.jpg?resize=700%2C400&ssl=1 2x, https:\/\/i0.wp.com\/sarimelekler.biz\/wp-content\/uploads\/2018\/09\/DnoHLZUXsAEvomD.jpg-large.jpg?resize=1050%2C600&ssl=1 3x, https:\/\/i0.wp.com\/sarimelekler.biz\/wp-content\/uploads\/2018\/09\/DnoHLZUXsAEvomD.jpg-large.jpg?resize=1400%2C800&ssl=1 4x"},"classes":[]},{"id":6564,"url":"https:\/\/sarimelekler.biz\/?p=6564","url_meta":{"origin":6830,"position":3},"title":"Fenerbah\u00e7e Bayan Voleybol Tak\u0131m\u0131m\u0131z\u0131n Ba\u015fantren\u00f6r\u00fc Zoran Terzic \u0130stanbul\u2019a geldi.","author":"Edit\u00f6r","date":"19 Temmuz 2018","format":false,"excerpt":"Fenerbah\u00e7e Bayan Voleybol Tak\u0131m\u0131m\u0131z\u0131n Ba\u015fantren\u00f6rl\u00fc\u011f\u00fcne getirilen Zoran Terzic, \u00dclker Stadyumu Fenerbah\u00e7e \u015e\u00fckr\u00fc Saraco\u011flu Spor Kompleksi'ni gezdi. Zoran Terzic Fenerbah\u00e7e Spor Kul\u00fcb\u00fcm\u00fcz\u00fcn Resmi \u0130nternet Sitesine a\u00e7\u0131klamalarda bulundu. Ba\u015fantren\u00f6r\u00fcm\u00fcz Zoran Terzic, Y\u00f6netim Kurulu \u00dcyelerimiz Simla T\u00fcrker Bayaz\u0131t ve \u0130lker Din\u00e7ay ile bir araya geldi ve bir s\u00fcre sohbet etti. Zoran Terzic ard\u0131ndan\u2026","rel":"","context":"&quot;Resmi Site R\u00f6portajlar\u0131&quot; i\u00e7inde","block_context":{"text":"Resmi Site R\u00f6portajlar\u0131","link":"https:\/\/sarimelekler.biz\/?cat=17"},"img":{"alt_text":"","src":"https:\/\/i0.wp.com\/sarimelekler.biz\/wp-content\/uploads\/2018\/07\/Zoran-Terzic-12.jpg?resize=350%2C200&ssl=1","width":350,"height":200,"srcset":"https:\/\/i0.wp.com\/sarimelekler.biz\/wp-content\/uploads\/2018\/07\/Zoran-Terzic-12.jpg?resize=350%2C200&ssl=1 1x, https:\/\/i0.wp.com\/sarimelekler.biz\/wp-content\/uploads\/2018\/07\/Zoran-Terzic-12.jpg?resize=525%2C300&ssl=1 1.5x, https:\/\/i0.wp.com\/sarimelekler.biz\/wp-content\/uploads\/2018\/07\/Zoran-Terzic-12.jpg?resize=700%2C400&ssl=1 2x, https:\/\/i0.wp.com\/sarimelekler.biz\/wp-content\/uploads\/2018\/07\/Zoran-Terzic-12.jpg?resize=1050%2C600&ssl=1 3x, https:\/\/i0.wp.com\/sarimelekler.biz\/wp-content\/uploads\/2018\/07\/Zoran-Terzic-12.jpg?resize=1400%2C800&ssl=1 4x"},"classes":[]},{"id":11863,"url":"https:\/\/sarimelekler.biz\/?p=11863","url_meta":{"origin":6830,"position":4},"title":"Eda Erdem D\u00fcndar ile Brankica Mihajlovic R\u00fcya Tak\u0131ma se\u00e7ildi","author":"Edit\u00f6r","date":"21 Eyl\u00fcl 2019","format":false,"excerpt":"\u00dclkemizin de ev sahipli\u011fiyle d\u00f6rt \u00fclkenin ortakla\u015fa d\u00fczenledi\u011fi 2019 CEV Kad\u0131nlar Avrupa Voleybol \u015eampiyonas\u0131\u2019nda gurur verici bir ba\u015far\u0131ya imza atarak Avrupa ikincisi olan Milli Tak\u0131m\u0131m\u0131z\u0131n kaptan\u0131 Eda Erdem D\u00fcndar ile Fenerbah\u00e7e Opet Kad\u0131n Voleybol Tak\u0131m\u0131m\u0131z\u0131n yeni transferi S\u0131rp Brankica Mihajlovic, turnuvan\u0131n R\u00fcya Tak\u0131m\u0131\u2019nda yer ald\u0131. Avrupa Voleybol \u015eampiyonas\u0131 Final ma\u00e7\u0131ndan\u2026","rel":"","context":"&quot;Milli Tak\u0131m&quot; i\u00e7inde","block_context":{"text":"Milli Tak\u0131m","link":"https:\/\/sarimelekler.biz\/?cat=19"},"img":{"alt_text":"","src":"https:\/\/i0.wp.com\/sarimelekler.biz\/wp-content\/uploads\/2019\/09\/Eda-Brankica.jpg?resize=350%2C200&ssl=1","width":350,"height":200,"srcset":"https:\/\/i0.wp.com\/sarimelekler.biz\/wp-content\/uploads\/2019\/09\/Eda-Brankica.jpg?resize=350%2C200&ssl=1 1x, https:\/\/i0.wp.com\/sarimelekler.biz\/wp-content\/uploads\/2019\/09\/Eda-Brankica.jpg?resize=525%2C300&ssl=1 1.5x, https:\/\/i0.wp.com\/sarimelekler.biz\/wp-content\/uploads\/2019\/09\/Eda-Brankica.jpg?resize=700%2C400&ssl=1 2x, https:\/\/i0.wp.com\/sarimelekler.biz\/wp-content\/uploads\/2019\/09\/Eda-Brankica.jpg?resize=1050%2C600&ssl=1 3x"},"classes":[]},{"id":11493,"url":"https:\/\/sarimelekler.biz\/?p=11493","url_meta":{"origin":6830,"position":5},"title":"Topuk Yaylas\u0131 Kamp\u0131 Sona Erdi.","author":"Edit\u00f6r","date":"2 Eyl\u00fcl 2019","format":false,"excerpt":"Fenerbah\u00e7e Opet Kad\u0131n Voleybol Tak\u0131m\u0131m\u0131z yeni sezon haz\u0131rl\u0131klar\u0131 kapsam\u0131nda, 26 A\u011fustos\u2019ta ba\u015flad\u0131\u011f\u0131 Topuk Yaylas\u0131 kamp\u0131n\u0131 bug\u00fcn tamamlarken; Fenerbah\u00e7e HDI Sigorta Erkek Voleybol Tak\u0131m\u0131m\u0131z ise bug\u00fcn itibariyle sezon haz\u0131rl\u0131klar\u0131 i\u00e7in D\u00fczce\u2019ye gitti. Voleybol \u015eubemizden Sorumlu Y\u00f6neticimiz Simla T\u00fcrker Bayaz\u0131t ve Voleybol \u015eubemiz Yard\u0131mc\u0131s\u0131 Muhittin \u0130lker Din\u00e7ay da tak\u0131mlar\u0131m\u0131z\u0131n kamp\u0131n\u0131 ziyaret etti\u2026","rel":"","context":"&quot;Haberler&quot; i\u00e7inde","block_context":{"text":"Haberler","link":"https:\/\/sarimelekler.biz\/?cat=7"},"img":{"alt_text":"","src":"https:\/\/i0.wp.com\/sarimelekler.biz\/wp-content\/uploads\/2019\/09\/19-20-Topuk-Yaylas%C4%B1-28.jpg?resize=350%2C200&ssl=1","width":350,"height":200,"srcset":"https:\/\/i0.wp.com\/sarimelekler.biz\/wp-content\/uploads\/2019\/09\/19-20-Topuk-Yaylas%C4%B1-28.jpg?resize=350%2C200&ssl=1 1x, https:\/\/i0.wp.com\/sarimelekler.biz\/wp-content\/uploads\/2019\/09\/19-20-Topuk-Yaylas%C4%B1-28.jpg?resize=525%2C300&ssl=1 1.5x, https:\/\/i0.wp.com\/sarimelekler.biz\/wp-content\/uploads\/2019\/09\/19-20-Topuk-Yaylas%C4%B1-28.jpg?resize=700%2C400&ssl=1 2x, https:\/\/i0.wp.com\/sarimelekler.biz\/wp-content\/uploads\/2019\/09\/19-20-Topuk-Yaylas%C4%B1-28.jpg?resize=1050%2C600&ssl=1 3x, https:\/\/i0.wp.com\/sarimelekler.biz\/wp-content\/uploads\/2019\/09\/19-20-Topuk-Yaylas%C4%B1-28.jpg?resize=1400%2C800&ssl=1 4x"},"classes":[]}],"_links":{"self":[{"href":"https:\/\/sarimelekler.biz\/index.php?rest_route=\/wp\/v2\/posts\/6830","targetHints":{"allow":["GET"]}}],"collection":[{"href":"https:\/\/sarimelekler.biz\/index.php?rest_route=\/wp\/v2\/posts"}],"about":[{"href":"https:\/\/sarimelekler.biz\/index.php?rest_route=\/wp\/v2\/types\/post"}],"author":[{"embeddable":true,"href":"https:\/\/sarimelekler.biz\/index.php?rest_route=\/wp\/v2\/users\/1"}],"replies":[{"embeddable":true,"href":"https:\/\/sarimelekler.biz\/index.php?rest_route=%2Fwp%2Fv2%2Fcomments&post=6830"}],"version-history":[{"count":2,"href":"https:\/\/sarimelekler.biz\/index.php?rest_route=\/wp\/v2\/posts\/6830\/revisions"}],"predecessor-version":[{"id":6833,"href":"https:\/\/sarimelekler.biz\/index.php?rest_route=\/wp\/v2\/posts\/6830\/revisions\/6833"}],"wp:featuredmedia":[{"embeddable":true,"href":"https:\/\/sarimelekler.biz\/index.php?rest_route=\/wp\/v2\/media\/6831"}],"wp:attachment":[{"href":"https:\/\/sarimelekler.biz\/index.php?rest_route=%2Fwp%2Fv2%2Fmedia&parent=6830"}],"wp:term":[{"taxonomy":"category","embeddable":true,"href":"https:\/\/sarimelekler.biz\/index.php?rest_route=%2Fwp%2Fv2%2Fcategories&post=6830"},{"taxonomy":"post_tag","embeddable":true,"href":"https:\/\/sarimelekler.biz\/index.php?rest_route=%2Fwp%2Fv2%2Ftags&post=6830"}],"curies":[{"name":"wp","href":"https:\/\/api.w.org\/{rel}","templated":true}]}}