{"id":6879,"date":"2018-10-05T18:05:15","date_gmt":"2018-10-05T15:05:15","guid":{"rendered":"http:\/\/sarimelekler.biz\/?p=6879"},"modified":"2018-10-05T18:05:15","modified_gmt":"2018-10-05T15:05:15","slug":"kombine-kartlarinin-satisina-baslaniliyor","status":"publish","type":"post","link":"https:\/\/sarimelekler.biz\/?p=6879","title":{"rendered":"Kombine Kartlar\u0131n\u0131n Sat\u0131\u015f\u0131na Ba\u015flan\u0131l\u0131yor."},"content":{"rendered":"<p style=\"text-align: justify;\">Daha \u00f6nce yapt\u0131\u011f\u0131m\u0131z haberde tak\u0131mlar\u0131m\u0131z\u0131n bu sezon yapaca\u011f\u0131 i\u00e7 saha ma\u00e7lar\u0131n\u0131n Burhan Felek Voleybol Salonunda oynanaca\u011f\u0131n\u0131 sizlere duyurmu\u015ftuk.\u00a0\u00a0(<img loading=\"lazy\" decoding=\"async\" src=\"https:\/\/sarimelekler.biz\/wp-content\/plugins\/wp-emoji-one\/icons\/1F449.png\" width=\"16\" height=\"16\" \/>\u00a0<a href=\"https:\/\/sarimelekler.biz\/?p=6596\" target=\"_blank\" rel=\"noopener\">\u00d6zel Haber<\/a>)<\/p>\n<p style=\"text-align: justify;\">Fenerbah\u00e7e Kad\u0131n ve Erkek Voleybol Tak\u0131mlar\u0131m\u0131z\u0131n, 2018-2019 sezonunda oynayaca\u011f\u0131 i\u00e7 saha ma\u00e7lar\u0131nda kullan\u0131lacak \u00a0kombine kartlar\u0131 ile ilgili Kul\u00fcb\u00fcm\u00fcz\u00fcn resmi internet sitesinden bir a\u00e7\u0131klama yap\u0131ld\u0131.<\/p>\n<p style=\"text-align: justify;\">Fenerbah\u00e7e Kad\u0131n ve Erkek Voleybol Tak\u0131mlar\u0131m\u0131z, 2018-19 sezonunda taraftarlar\u0131m\u0131zla Burhan Felek Voleybol Salonu\u2019nda bulu\u015fuyor.<\/p>\n<p style=\"text-align: justify;\">Tak\u0131mlar\u0131m\u0131z\u0131n, Sultanlar ve Efeler Ligi, Play Off, T\u00fcrkiye Kupas\u0131 ma\u00e7lar\u0131 ve Kad\u0131n Voleybol Tak\u0131m\u0131m\u0131z\u0131n CEV \u015eampiyonlar Ligi ma\u00e7lar\u0131n\u0131 kapsayacak olan kombineler sat\u0131\u015fa \u00e7\u0131k\u0131yor.<\/p>\n<p style=\"text-align: justify;\">Sezon haz\u0131rl\u0131klar\u0131n\u0131, Fenerbah\u00e7e\u2019nin hem ulusal hem de uluslararas\u0131 arenadaki ba\u015far\u0131 hedefleri do\u011frultusunda tamamlayan Kad\u0131n ve Erkek Voleybol Tak\u0131mlar\u0131m\u0131z, t\u00fcm kar\u015f\u0131la\u015fmalarda Fenerbah\u00e7e\u2019mizi ba\u015far\u0131yla temsil edecekler.<\/p>\n<p style=\"text-align: justify;\">Taraftarlar\u0131m\u0131z\u0131n, Fenerbah\u00e7e\u2019nin m\u00fccadele etti\u011fi her platformda oldu\u011fu gibi voleybolda da tak\u0131mlar\u0131m\u0131z\u0131n yan\u0131nda olaca\u011f\u0131na, Burhan Felek Voleybol Salonu\u2019nu her ma\u00e7\u0131m\u0131zda e\u015fsiz destekleri ile dolduracaklar\u0131na inan\u0131yoruz.<\/p>\n<p style=\"text-align: justify;\">Fenerbah\u00e7e Kad\u0131n ve Erkek Voleybol Tak\u0131mlar\u0131 sezonluk kombine fiyat\u0131 350 TL\u2019dir.<\/p>\n<p style=\"text-align: justify;\">Kongre \u00dcyelerimiz ve \u00f6\u011frenci taraftarlar\u0131m\u0131z i\u00e7in %10 indirim uygulanacakt\u0131r.<\/p>\n<p style=\"text-align: justify;\">Kombine sat\u0131\u015flar\u0131, stad\u0131m\u0131z\u0131n Maraton giri\u015finde bulunan Kombine Kart Merkezi\u2019nden yap\u0131lacakt\u0131r.<\/p>\n<p style=\"text-align: justify;\">Efeler Ligi 13 Ekim 2018 tarihinde, Sultanlar Ligi 3-4 Kas\u0131m 2018 tarihinde ba\u015flayacakt\u0131r.<\/p>\n<p>Kaynak:\u00a0<a href=\"https:\/\/www.fenerbahce.org\/detay.asp?ContentID=61901\" target=\"_blank\" rel=\"noopener\">Fenerbah\u00e7e SK Resmi \u0130nternet Sitesi<\/a><\/p>\n","protected":false},"excerpt":{"rendered":"<p>Daha \u00f6nce yapt\u0131\u011f\u0131m\u0131z haberde tak\u0131mlar\u0131m\u0131z\u0131n bu sezon yapaca\u011f\u0131 i\u00e7 saha \u2026 <a class=\"continue-reading-link\" href=\"https:\/\/sarimelekler.biz\/?p=6879\">Okumaya Devam Et.. <span class=\"meta-nav\">&rarr; <\/span><\/a><\/p>\n","protected":false},"author":1,"featured_media":6597,"comment_status":"closed","ping_status":"open","sticky":false,"template":"","format":"standard","meta":{"jetpack_post_was_ever_published":false,"_jetpack_newsletter_access":"","_jetpack_dont_email_post_to_subs":false,"_jetpack_newsletter_tier_id":0,"_jetpack_memberships_contains_paywalled_content":false,"_jetpack_memberships_contains_paid_content":false,"footnotes":"","jetpack_publicize_message":"","jetpack_publicize_feature_enabled":true,"jetpack_social_post_already_shared":true,"jetpack_social_options":{"image_generator_settings":{"template":"highway","default_image_id":0,"font":"","enabled":false},"version":2}},"categories":[7],"tags":[],"class_list":["post-6879","post","type-post","status-publish","format-standard","has-post-thumbnail","hentry","category-haberler"],"jetpack_publicize_connections":[],"jetpack_featured_media_url":"https:\/\/sarimelekler.biz\/wp-content\/uploads\/2018\/08\/9.jpg","jetpack_sharing_enabled":true,"jetpack_shortlink":"https:\/\/wp.me\/p8npUZ-1MX","jetpack-related-posts":[{"id":11897,"url":"https:\/\/sarimelekler.biz\/?p=11897","url_meta":{"origin":6879,"position":0},"title":"Kad\u0131n ve Erkek Voleybol Tak\u0131mlar\u0131m\u0131z\u0131n kombine kart sat\u0131\u015flar\u0131 ba\u015flad\u0131.","author":"Edit\u00f6r","date":"7 Ekim 2019","format":false,"excerpt":"Fenerbah\u00e7e Opet Kad\u0131n Voleybol Tak\u0131m\u0131m\u0131z ve Fenerbah\u00e7e HDI Sigorta Erkek Voleybol Tak\u0131mlar\u0131m\u0131z, 2019-20 sezonunda taraftarlar\u0131m\u0131zla Burhan Felek Voleybol Salonu\u2019nda bulu\u015fuyor. Tak\u0131mlar\u0131m\u0131z\u0131n, Sultanlar ve Efeler Ligi, Play Off ma\u00e7lar\u0131 ve CEV \u015eampiyonlar Ligi ma\u00e7lar\u0131n\u0131 kapsayan kombineler 2 Ekim itibariyle sat\u0131\u015fa \u00e7\u0131kt\u0131. Sezon haz\u0131rl\u0131klar\u0131n\u0131, Fenerbah\u00e7e\u2019nin hem ulusal hem de uluslararas\u0131 arenadaki ba\u015far\u0131\u2026","rel":"","context":"&quot;Haberler&quot; i\u00e7inde","block_context":{"text":"Haberler","link":"https:\/\/sarimelekler.biz\/?cat=7"},"img":{"alt_text":"","src":"https:\/\/i0.wp.com\/sarimelekler.biz\/wp-content\/uploads\/2019\/10\/19-20-Kombine-Kart.jpg?resize=350%2C200&ssl=1","width":350,"height":200,"srcset":"https:\/\/i0.wp.com\/sarimelekler.biz\/wp-content\/uploads\/2019\/10\/19-20-Kombine-Kart.jpg?resize=350%2C200&ssl=1 1x, https:\/\/i0.wp.com\/sarimelekler.biz\/wp-content\/uploads\/2019\/10\/19-20-Kombine-Kart.jpg?resize=525%2C300&ssl=1 1.5x, https:\/\/i0.wp.com\/sarimelekler.biz\/wp-content\/uploads\/2019\/10\/19-20-Kombine-Kart.jpg?resize=700%2C400&ssl=1 2x, https:\/\/i0.wp.com\/sarimelekler.biz\/wp-content\/uploads\/2019\/10\/19-20-Kombine-Kart.jpg?resize=1050%2C600&ssl=1 3x"},"classes":[]},{"id":11904,"url":"https:\/\/sarimelekler.biz\/?p=11904","url_meta":{"origin":6879,"position":1},"title":"Fenerbah\u00e7e Voleybol Tak\u0131mlar\u0131m\u0131z\u0131n Resmi Tedarik\u00e7isi Bilcee Tekstil Oldu","author":"Edit\u00f6r","date":"28 A\u011fustos 2019","format":false,"excerpt":"Kul\u00fcb\u00fcm\u00fcz\u00fcn Resmi internet sitesinden yap\u0131lan a\u00e7\u0131klama: Voleybol sporunun geli\u015fiminde bir\u00e7ok ilki hayata ge\u00e7irerek hem kad\u0131n hem de erkek voleybol bran\u015flar\u0131nda elde etti\u011fimiz say\u0131s\u0131z ba\u015far\u0131larla \u00fclke sporunu d\u00fcnyada \u00f6nemli bir noktaya ta\u015f\u0131yan Fenerbah\u00e7emizin, 2019-2020 voleybol sezonunda teknik spor giyim resmi tedarik sponsoru Bil Group b\u00fcnyesinde faaliyet g\u00f6steren aktif spor giyim markas\u0131\u2026","rel":"","context":"&quot;Haberler&quot; i\u00e7inde","block_context":{"text":"Haberler","link":"https:\/\/sarimelekler.biz\/?cat=7"},"img":{"alt_text":"","src":"https:\/\/i0.wp.com\/sarimelekler.biz\/wp-content\/uploads\/2019\/10\/Sponsor-Blicee-19-20.jpg?resize=350%2C200&ssl=1","width":350,"height":200,"srcset":"https:\/\/i0.wp.com\/sarimelekler.biz\/wp-content\/uploads\/2019\/10\/Sponsor-Blicee-19-20.jpg?resize=350%2C200&ssl=1 1x, https:\/\/i0.wp.com\/sarimelekler.biz\/wp-content\/uploads\/2019\/10\/Sponsor-Blicee-19-20.jpg?resize=525%2C300&ssl=1 1.5x, https:\/\/i0.wp.com\/sarimelekler.biz\/wp-content\/uploads\/2019\/10\/Sponsor-Blicee-19-20.jpg?resize=700%2C400&ssl=1 2x, https:\/\/i0.wp.com\/sarimelekler.biz\/wp-content\/uploads\/2019\/10\/Sponsor-Blicee-19-20.jpg?resize=1050%2C600&ssl=1 3x, https:\/\/i0.wp.com\/sarimelekler.biz\/wp-content\/uploads\/2019\/10\/Sponsor-Blicee-19-20.jpg?resize=1400%2C800&ssl=1 4x"},"classes":[]},{"id":6596,"url":"https:\/\/sarimelekler.biz\/?p=6596","url_meta":{"origin":6879,"position":2},"title":"Sar\u0131 Melekler Burhan Felek&#8217;e Geri D\u00f6n\u00fcyor","author":"Edit\u00f6r","date":"6 A\u011fustos 2018","format":false,"excerpt":"2015 \u2013 2016, 2016 \u2013 2017 ve 2017 \u2013 2018 sezonlar\u0131 T\u00fcrkiye Ligi ve T\u00fcrkiye Kupas\u0131 ma\u00e7lar\u0131n\u0131 yakla\u015f\u0131k 1000 ki\u015filik koltuk kapasitesi bulunan Metro Enerji Spor Salonu\u2019nda oynayan Fenerbah\u00e7e Bayan Voleybol Tak\u0131m\u0131m\u0131z 2018 \u2013 2019 sezonu ile birlikte Burhan Felek Voleybol Salonuna geri d\u00f6n\u00fcyor. T\u00fcrkiye Voleybol Federasyonu ile yap\u0131lan g\u00f6r\u00fc\u015fmede\u2026","rel":"","context":"&quot;\u00d6zel Haberler&quot; i\u00e7inde","block_context":{"text":"\u00d6zel Haberler","link":"https:\/\/sarimelekler.biz\/?cat=21"},"img":{"alt_text":"","src":"https:\/\/i0.wp.com\/sarimelekler.biz\/wp-content\/uploads\/2018\/08\/9.jpg?resize=350%2C200&ssl=1","width":350,"height":200,"srcset":"https:\/\/i0.wp.com\/sarimelekler.biz\/wp-content\/uploads\/2018\/08\/9.jpg?resize=350%2C200&ssl=1 1x, https:\/\/i0.wp.com\/sarimelekler.biz\/wp-content\/uploads\/2018\/08\/9.jpg?resize=525%2C300&ssl=1 1.5x, https:\/\/i0.wp.com\/sarimelekler.biz\/wp-content\/uploads\/2018\/08\/9.jpg?resize=700%2C400&ssl=1 2x, https:\/\/i0.wp.com\/sarimelekler.biz\/wp-content\/uploads\/2018\/08\/9.jpg?resize=1050%2C600&ssl=1 3x"},"classes":[]},{"id":15978,"url":"https:\/\/sarimelekler.biz\/?p=15978","url_meta":{"origin":6879,"position":3},"title":"Kad\u0131n Voleybol Tak\u0131mlar\u0131m\u0131z Topuk Yaylas\u0131 Tesislerimizde \u00c7al\u0131\u015fmalara Ba\u015fl\u0131yor","author":"Edit\u00f6r","date":"17 A\u011fustos 2021","format":false,"excerpt":"Fenerbah\u00e7e Opet Kad\u0131n Voleybol Tak\u0131m\u0131m\u0131z, 1.Lig Fenerbah\u00e7e Terrazzo Kad\u0131n Voleybol Tak\u0131m\u0131m\u0131z ve 2.Lig Kad\u0131n Voleybol Tak\u0131m\u0131m\u0131z bug\u00fcn itibar\u0131yla sezon haz\u0131rl\u0131klar\u0131 i\u00e7in D\u00fczce\u2019nin Kayna\u015fl\u0131 il\u00e7esinde bulunan Serkan Acar Resort&Sport Topuk Yaylas\u0131 Tesislerine gitti. Tak\u0131mlar\u0131m\u0131z bir hafta s\u00fcreyle \u00e7al\u0131\u015fmalar\u0131n\u0131 s\u00fcrd\u00fcrecek. Fenerbah\u00e7e Opet Kad\u0131n Voleybol Tak\u0131m\u0131m\u0131zda, Milli Tak\u0131mlarda bulunan oyuncular ve ba\u015fantren\u00f6r\u00fcm\u00fcz yoklu\u011funda,\u2026","rel":"","context":"&quot;Haberler&quot; i\u00e7inde","block_context":{"text":"Haberler","link":"https:\/\/sarimelekler.biz\/?cat=7"},"img":{"alt_text":"","src":"https:\/\/i0.wp.com\/sarimelekler.biz\/wp-content\/uploads\/2021\/08\/Topuk-Yaylasi-21-22-1.jpg?resize=350%2C200&ssl=1","width":350,"height":200,"srcset":"https:\/\/i0.wp.com\/sarimelekler.biz\/wp-content\/uploads\/2021\/08\/Topuk-Yaylasi-21-22-1.jpg?resize=350%2C200&ssl=1 1x, https:\/\/i0.wp.com\/sarimelekler.biz\/wp-content\/uploads\/2021\/08\/Topuk-Yaylasi-21-22-1.jpg?resize=525%2C300&ssl=1 1.5x, https:\/\/i0.wp.com\/sarimelekler.biz\/wp-content\/uploads\/2021\/08\/Topuk-Yaylasi-21-22-1.jpg?resize=700%2C400&ssl=1 2x, https:\/\/i0.wp.com\/sarimelekler.biz\/wp-content\/uploads\/2021\/08\/Topuk-Yaylasi-21-22-1.jpg?resize=1050%2C600&ssl=1 3x, https:\/\/i0.wp.com\/sarimelekler.biz\/wp-content\/uploads\/2021\/08\/Topuk-Yaylasi-21-22-1.jpg?resize=1400%2C800&ssl=1 4x"},"classes":[]},{"id":6699,"url":"https:\/\/sarimelekler.biz\/?p=6699","url_meta":{"origin":6879,"position":4},"title":"Resmi k\u0131yafet sponsorumuz Damat voleybol tak\u0131mlar\u0131m\u0131z\u0131n yeni sezon k\u0131yafetlerini takdim etti","author":"Edit\u00f6r","date":"30 A\u011fustos 2018","format":false,"excerpt":"Fenerbah\u00e7e Spor Kul\u00fcb\u00fcm\u00fcz\u00fcn Resmi \u0130nternet sitesinden yap\u0131lan a\u00e7\u0131klamada Fenerbah\u00e7e Bayan ve Erkek Voleybol tak\u0131mlar\u0131m\u0131z\u0131n bu sezonki t\u00fcm seyahatlerinde Kul\u00fcb\u00fcm\u00fcz\u00fcn resmi k\u0131yafet sponsoru Damat taraf\u0131ndan yap\u0131lacak olan k\u0131yafetleri giyece\u011fini duyurdu. Kul\u00fcb\u00fcm\u00fcz\u00fcn resmi k\u0131yafet sponsoru Damat, Fenerbah\u00e7e Kad\u0131n ve Fenerbah\u00e7e Erkek Voleybol Tak\u0131mlar\u0131m\u0131z i\u00e7in bu sezon haz\u0131rlad\u0131\u011f\u0131 k\u0131yafetleri sundu. Damat\u2019\u0131n, her iki\u2026","rel":"","context":"&quot;Haberler&quot; i\u00e7inde","block_context":{"text":"Haberler","link":"https:\/\/sarimelekler.biz\/?cat=7"},"img":{"alt_text":"","src":"https:\/\/i0.wp.com\/sarimelekler.biz\/wp-content\/uploads\/2018\/08\/de6p4138_61487_5523038-e1535630371408.jpg?resize=350%2C200&ssl=1","width":350,"height":200,"srcset":"https:\/\/i0.wp.com\/sarimelekler.biz\/wp-content\/uploads\/2018\/08\/de6p4138_61487_5523038-e1535630371408.jpg?resize=350%2C200&ssl=1 1x, https:\/\/i0.wp.com\/sarimelekler.biz\/wp-content\/uploads\/2018\/08\/de6p4138_61487_5523038-e1535630371408.jpg?resize=525%2C300&ssl=1 1.5x, https:\/\/i0.wp.com\/sarimelekler.biz\/wp-content\/uploads\/2018\/08\/de6p4138_61487_5523038-e1535630371408.jpg?resize=700%2C400&ssl=1 2x, https:\/\/i0.wp.com\/sarimelekler.biz\/wp-content\/uploads\/2018\/08\/de6p4138_61487_5523038-e1535630371408.jpg?resize=1050%2C600&ssl=1 3x, https:\/\/i0.wp.com\/sarimelekler.biz\/wp-content\/uploads\/2018\/08\/de6p4138_61487_5523038-e1535630371408.jpg?resize=1400%2C800&ssl=1 4x"},"classes":[]},{"id":6774,"url":"https:\/\/sarimelekler.biz\/?p=6774","url_meta":{"origin":6879,"position":5},"title":"Sar\u0131 Melekler Kamp \u0130\u00e7in Topuk Yaylas\u0131 Tesislerine Gitti","author":"Edit\u00f6r","date":"10 Eyl\u00fcl 2018","format":false,"excerpt":"Yeni Sezon \u00e7al\u0131\u015fmalar\u0131 do\u011frultusunda Sar\u0131 Melekler Topuk Yaylas\u0131 Tesislerine ula\u015ft\u0131. Bug\u00fcn itibar\u0131yla son kamp g\u00fcn\u00fc olan erkek voleybol tak\u0131m\u0131m\u0131zla y\u00f6neticilerimiz birarada zaman ge\u00e7irdi. Tak\u0131m\u0131m\u0131z\u0131n kamp kadrosuda Milli Tak\u0131mlar\u0131nda bulunan Eda Erdem D\u00fcndar, Ana Antonijevic ve Samantha Bricio kat\u0131lmazken, 2002 do\u011fumlu gen\u00e7 tak\u0131m pas\u00f6r\u00fcm\u00fcz Hilal Kocakara kamp kadrosuna al\u0131nd\u0131. Resmi Sitemizden\u2026","rel":"","context":"&quot;Haberler&quot; i\u00e7inde","block_context":{"text":"Haberler","link":"https:\/\/sarimelekler.biz\/?cat=7"},"img":{"alt_text":"","src":"https:\/\/i0.wp.com\/sarimelekler.biz\/wp-content\/uploads\/2018\/09\/de6p7570_61615_5374249.jpg?resize=350%2C200&ssl=1","width":350,"height":200,"srcset":"https:\/\/i0.wp.com\/sarimelekler.biz\/wp-content\/uploads\/2018\/09\/de6p7570_61615_5374249.jpg?resize=350%2C200&ssl=1 1x, https:\/\/i0.wp.com\/sarimelekler.biz\/wp-content\/uploads\/2018\/09\/de6p7570_61615_5374249.jpg?resize=525%2C300&ssl=1 1.5x, https:\/\/i0.wp.com\/sarimelekler.biz\/wp-content\/uploads\/2018\/09\/de6p7570_61615_5374249.jpg?resize=700%2C400&ssl=1 2x, https:\/\/i0.wp.com\/sarimelekler.biz\/wp-content\/uploads\/2018\/09\/de6p7570_61615_5374249.jpg?resize=1050%2C600&ssl=1 3x, https:\/\/i0.wp.com\/sarimelekler.biz\/wp-content\/uploads\/2018\/09\/de6p7570_61615_5374249.jpg?resize=1400%2C800&ssl=1 4x"},"classes":[]}],"_links":{"self":[{"href":"https:\/\/sarimelekler.biz\/index.php?rest_route=\/wp\/v2\/posts\/6879","targetHints":{"allow":["GET"]}}],"collection":[{"href":"https:\/\/sarimelekler.biz\/index.php?rest_route=\/wp\/v2\/posts"}],"about":[{"href":"https:\/\/sarimelekler.biz\/index.php?rest_route=\/wp\/v2\/types\/post"}],"author":[{"embeddable":true,"href":"https:\/\/sarimelekler.biz\/index.php?rest_route=\/wp\/v2\/users\/1"}],"replies":[{"embeddable":true,"href":"https:\/\/sarimelekler.biz\/index.php?rest_route=%2Fwp%2Fv2%2Fcomments&post=6879"}],"version-history":[{"count":1,"href":"https:\/\/sarimelekler.biz\/index.php?rest_route=\/wp\/v2\/posts\/6879\/revisions"}],"predecessor-version":[{"id":6880,"href":"https:\/\/sarimelekler.biz\/index.php?rest_route=\/wp\/v2\/posts\/6879\/revisions\/6880"}],"wp:featuredmedia":[{"embeddable":true,"href":"https:\/\/sarimelekler.biz\/index.php?rest_route=\/wp\/v2\/media\/6597"}],"wp:attachment":[{"href":"https:\/\/sarimelekler.biz\/index.php?rest_route=%2Fwp%2Fv2%2Fmedia&parent=6879"}],"wp:term":[{"taxonomy":"category","embeddable":true,"href":"https:\/\/sarimelekler.biz\/index.php?rest_route=%2Fwp%2Fv2%2Fcategories&post=6879"},{"taxonomy":"post_tag","embeddable":true,"href":"https:\/\/sarimelekler.biz\/index.php?rest_route=%2Fwp%2Fv2%2Ftags&post=6879"}],"curies":[{"name":"wp","href":"https:\/\/api.w.org\/{rel}","templated":true}]}}