{"id":7124,"date":"2018-10-22T17:25:33","date_gmt":"2018-10-22T14:25:33","guid":{"rendered":"http:\/\/sarimelekler.biz\/?p=7124"},"modified":"2018-10-22T17:25:33","modified_gmt":"2018-10-22T14:25:33","slug":"samantha-bricio-fenerbahcede-oynamak-istanbulda-yasamak-istedim","status":"publish","type":"post","link":"https:\/\/sarimelekler.biz\/?p=7124","title":{"rendered":"Samantha Bricio: Fenerbah\u00e7e\u2019de oynamak, \u0130stanbul\u2019da ya\u015famak istedim"},"content":{"rendered":"<p style=\"text-align: justify;\">Fenerbah\u00e7e Kad\u0131n Voleybol Tak\u0131m\u0131m\u0131z\u0131n yeni transferi Samantha Bricio, Fenerbah\u00e7e Spor Kul\u00fcb\u00fcm\u00fcz\u00fcn Resmi \u0130nternet Sitesine a\u00e7\u0131klamalarda bulundu.<\/p>\n<p style=\"text-align: justify;\">Meksika milli tak\u0131m formas\u0131yla Voleybol Kad\u0131nlar D\u00fcnya \u015eampiyonas\u0131&#8217;nda m\u00fccadele eden yeni transferlerimizden Samantha Bricio, d\u00fcn (21.10.2018) itibariyle \u0130stanbul\u2019a geldi. \u00c7ubuklu formay\u0131 giyen Fenerbah\u00e7e Kad\u0131n Voleybol Tak\u0131m\u0131m\u0131z\u0131n 24 ya\u015f\u0131ndaki yeni oyuncusu, burada olmaktan dolay\u0131 \u00e7ok mutlu oldu\u011funu belirtti.<\/p>\n<p style=\"text-align: justify;\">\u0130lk a\u00e7\u0131klamalar\u0131n\u0131 yapan Meksikal\u0131 sma\u00e7\u00f6r, \u201cB\u00f6yle bir tak\u0131m\u0131n par\u00e7as\u0131 olmaktan dolay\u0131 onur duyuyorum. Taraftar say\u0131s\u0131 \u00e7ok fazla olan ba\u015far\u0131l\u0131 bir kul\u00fcbe geldim. Fenerbah\u00e7e, D\u00fcnya ve T\u00fcrkiye\u2019deki en iyi\u00a0 kul\u00fcplerden biri. Burada olmaktan dolay\u0131 \u00e7ok mutluyum\u201d dedi.<\/p>\n<p style=\"text-align: justify;\">Ge\u00e7ti\u011fimiz sezon \u0130talya tak\u0131m\u0131 Imoco Volley Conegliano formas\u0131n\u0131 giyen Samantha Bricio, tak\u0131m\u0131m\u0131za kar\u015f\u0131 oynad\u0131klar\u0131 \u015eampiyonlar Ligi grup kar\u015f\u0131la\u015fmas\u0131nda taraftarlar\u0131m\u0131zla ilgili yapt\u0131\u011f\u0131 g\u00f6zlemlerini \u015f\u00f6yle aktard\u0131:\u00a0 \u201cTaraftarlar \u00e7ok tutkulu ve heyecanl\u0131yd\u0131. Kazanmay\u0131 \u00e7ok istiyorlard\u0131. Tak\u0131mlar\u0131n\u0131n hep yan\u0131ndalard\u0131.\u201d<\/p>\n<p style=\"text-align: justify;\">Hedefinin Fenerbah\u00e7e formas\u0131 alt\u0131nda CEV \u015eampiyonlar Ligi\u2019ni kazanmak oldu\u011funu belirten ba\u015far\u0131l\u0131 oyuncu, \u201c\u0130ki y\u0131l boyunca \u0130talya\u2019dayd\u0131m. Orada da mutluydum ama burada oynamak ve \u0130stanbul\u2019da ya\u015famak istedim\u201d diyerek s\u00f6zlerini noktalad\u0131.<\/p>\n\n\t\t<style type=\"text\/css\">\n\t\t\t#gallery-1 {\n\t\t\t\tmargin: auto;\n\t\t\t}\n\t\t\t#gallery-1 .gallery-item {\n\t\t\t\tfloat: left;\n\t\t\t\tmargin-top: 10px;\n\t\t\t\ttext-align: center;\n\t\t\t\twidth: 33%;\n\t\t\t}\n\t\t\t#gallery-1 img {\n\t\t\t\tborder: 2px solid #cfcfcf;\n\t\t\t}\n\t\t\t#gallery-1 .gallery-caption {\n\t\t\t\tmargin-left: 0;\n\t\t\t}\n\t\t\t\/* see gallery_shortcode() in wp-includes\/media.php *\/\n\t\t<\/style>\n\t\t<div data-carousel-extra='{&quot;blog_id&quot;:1,&quot;permalink&quot;:&quot;https:\/\/sarimelekler.biz\/?p=7124&quot;}' id='gallery-1' class='gallery galleryid-7124 gallery-columns-3 gallery-size-large'><dl class='gallery-item'>\n\t\t\t<dt class='gallery-icon landscape'>\n\t\t\t\t<a href='https:\/\/sarimelekler.biz\/?attachment_id=7125'><img loading=\"lazy\" decoding=\"async\" width=\"860\" height=\"845\" src=\"https:\/\/sarimelekler.biz\/wp-content\/uploads\/2018\/10\/Bricio-Ekim-1-1024x1006.jpg\" class=\"attachment-large size-large\" alt=\"\" srcset=\"https:\/\/sarimelekler.biz\/wp-content\/uploads\/2018\/10\/Bricio-Ekim-1-1024x1006.jpg 1024w, https:\/\/sarimelekler.biz\/wp-content\/uploads\/2018\/10\/Bricio-Ekim-1-300x295.jpg 300w, https:\/\/sarimelekler.biz\/wp-content\/uploads\/2018\/10\/Bricio-Ekim-1-768x754.jpg 768w, https:\/\/sarimelekler.biz\/wp-content\/uploads\/2018\/10\/Bricio-Ekim-1-150x147.jpg 150w\" sizes=\"auto, (max-width: 860px) 100vw, 860px\" data-attachment-id=\"7125\" data-permalink=\"https:\/\/sarimelekler.biz\/?attachment_id=7125\" data-orig-file=\"https:\/\/sarimelekler.biz\/wp-content\/uploads\/2018\/10\/Bricio-Ekim-1.jpg\" data-orig-size=\"2500,2456\" data-comments-opened=\"0\" data-image-meta=\"{&quot;aperture&quot;:&quot;3.5&quot;,&quot;credit&quot;:&quot;&quot;,&quot;camera&quot;:&quot;Canon EOS-1D X&quot;,&quot;caption&quot;:&quot;&quot;,&quot;created_timestamp&quot;:&quot;1540214709&quot;,&quot;copyright&quot;:&quot;&quot;,&quot;focal_length&quot;:&quot;70&quot;,&quot;iso&quot;:&quot;800&quot;,&quot;shutter_speed&quot;:&quot;0.004&quot;,&quot;title&quot;:&quot;&quot;,&quot;orientation&quot;:&quot;1&quot;}\" data-image-title=\"Bricio &amp;#8211; (Ekim) (1)\" data-image-description=\"\" data-image-caption=\"\" data-large-file=\"https:\/\/sarimelekler.biz\/wp-content\/uploads\/2018\/10\/Bricio-Ekim-1-1024x1006.jpg\" \/><\/a>\n\t\t\t<\/dt><\/dl><dl class='gallery-item'>\n\t\t\t<dt class='gallery-icon portrait'>\n\t\t\t\t<a href='https:\/\/sarimelekler.biz\/?attachment_id=7126'><img loading=\"lazy\" decoding=\"async\" width=\"860\" height=\"909\" src=\"https:\/\/sarimelekler.biz\/wp-content\/uploads\/2018\/10\/Bricio-Ekim-2-969x1024.jpg\" class=\"attachment-large size-large\" alt=\"\" srcset=\"https:\/\/sarimelekler.biz\/wp-content\/uploads\/2018\/10\/Bricio-Ekim-2-969x1024.jpg 969w, https:\/\/sarimelekler.biz\/wp-content\/uploads\/2018\/10\/Bricio-Ekim-2-284x300.jpg 284w, https:\/\/sarimelekler.biz\/wp-content\/uploads\/2018\/10\/Bricio-Ekim-2-768x812.jpg 768w, https:\/\/sarimelekler.biz\/wp-content\/uploads\/2018\/10\/Bricio-Ekim-2-142x150.jpg 142w\" sizes=\"auto, (max-width: 860px) 100vw, 860px\" data-attachment-id=\"7126\" data-permalink=\"https:\/\/sarimelekler.biz\/?attachment_id=7126\" data-orig-file=\"https:\/\/sarimelekler.biz\/wp-content\/uploads\/2018\/10\/Bricio-Ekim-2.jpg\" data-orig-size=\"2500,2642\" data-comments-opened=\"0\" data-image-meta=\"{&quot;aperture&quot;:&quot;3.5&quot;,&quot;credit&quot;:&quot;&quot;,&quot;camera&quot;:&quot;Canon EOS-1D X&quot;,&quot;caption&quot;:&quot;&quot;,&quot;created_timestamp&quot;:&quot;1540214690&quot;,&quot;copyright&quot;:&quot;&quot;,&quot;focal_length&quot;:&quot;70&quot;,&quot;iso&quot;:&quot;800&quot;,&quot;shutter_speed&quot;:&quot;0.004&quot;,&quot;title&quot;:&quot;&quot;,&quot;orientation&quot;:&quot;1&quot;}\" data-image-title=\"Bricio &amp;#8211; (Ekim) (2)\" data-image-description=\"\" data-image-caption=\"\" data-large-file=\"https:\/\/sarimelekler.biz\/wp-content\/uploads\/2018\/10\/Bricio-Ekim-2-969x1024.jpg\" \/><\/a>\n\t\t\t<\/dt><\/dl><dl class='gallery-item'>\n\t\t\t<dt class='gallery-icon landscape'>\n\t\t\t\t<a href='https:\/\/sarimelekler.biz\/?attachment_id=7127'><img loading=\"lazy\" decoding=\"async\" width=\"860\" height=\"692\" src=\"https:\/\/sarimelekler.biz\/wp-content\/uploads\/2018\/10\/Bricio-Ekim-3-1024x824.jpg\" class=\"attachment-large size-large\" alt=\"\" srcset=\"https:\/\/sarimelekler.biz\/wp-content\/uploads\/2018\/10\/Bricio-Ekim-3-1024x824.jpg 1024w, https:\/\/sarimelekler.biz\/wp-content\/uploads\/2018\/10\/Bricio-Ekim-3-300x241.jpg 300w, https:\/\/sarimelekler.biz\/wp-content\/uploads\/2018\/10\/Bricio-Ekim-3-768x618.jpg 768w, https:\/\/sarimelekler.biz\/wp-content\/uploads\/2018\/10\/Bricio-Ekim-3-150x121.jpg 150w\" sizes=\"auto, (max-width: 860px) 100vw, 860px\" data-attachment-id=\"7127\" data-permalink=\"https:\/\/sarimelekler.biz\/?attachment_id=7127\" data-orig-file=\"https:\/\/sarimelekler.biz\/wp-content\/uploads\/2018\/10\/Bricio-Ekim-3.jpg\" data-orig-size=\"2500,2012\" data-comments-opened=\"0\" data-image-meta=\"{&quot;aperture&quot;:&quot;8&quot;,&quot;credit&quot;:&quot;&quot;,&quot;camera&quot;:&quot;Canon EOS-1D X&quot;,&quot;caption&quot;:&quot;&quot;,&quot;created_timestamp&quot;:&quot;1540216235&quot;,&quot;copyright&quot;:&quot;&quot;,&quot;focal_length&quot;:&quot;70&quot;,&quot;iso&quot;:&quot;250&quot;,&quot;shutter_speed&quot;:&quot;0.004&quot;,&quot;title&quot;:&quot;&quot;,&quot;orientation&quot;:&quot;1&quot;}\" data-image-title=\"Bricio &amp;#8211; (Ekim) (3)\" data-image-description=\"\" data-image-caption=\"\" data-large-file=\"https:\/\/sarimelekler.biz\/wp-content\/uploads\/2018\/10\/Bricio-Ekim-3-1024x824.jpg\" \/><\/a>\n\t\t\t<\/dt><\/dl><br style=\"clear: both\" \/><dl class='gallery-item'>\n\t\t\t<dt class='gallery-icon landscape'>\n\t\t\t\t<a href='https:\/\/sarimelekler.biz\/?attachment_id=7128'><img loading=\"lazy\" decoding=\"async\" width=\"860\" height=\"750\" src=\"https:\/\/sarimelekler.biz\/wp-content\/uploads\/2018\/10\/Bricio-Ekim-4-1024x893.jpg\" class=\"attachment-large size-large\" alt=\"\" srcset=\"https:\/\/sarimelekler.biz\/wp-content\/uploads\/2018\/10\/Bricio-Ekim-4-1024x893.jpg 1024w, https:\/\/sarimelekler.biz\/wp-content\/uploads\/2018\/10\/Bricio-Ekim-4-300x261.jpg 300w, https:\/\/sarimelekler.biz\/wp-content\/uploads\/2018\/10\/Bricio-Ekim-4-768x669.jpg 768w, https:\/\/sarimelekler.biz\/wp-content\/uploads\/2018\/10\/Bricio-Ekim-4-150x131.jpg 150w\" sizes=\"auto, (max-width: 860px) 100vw, 860px\" data-attachment-id=\"7128\" data-permalink=\"https:\/\/sarimelekler.biz\/?attachment_id=7128\" data-orig-file=\"https:\/\/sarimelekler.biz\/wp-content\/uploads\/2018\/10\/Bricio-Ekim-4.jpg\" data-orig-size=\"2500,2179\" data-comments-opened=\"0\" data-image-meta=\"{&quot;aperture&quot;:&quot;7.1&quot;,&quot;credit&quot;:&quot;&quot;,&quot;camera&quot;:&quot;Canon EOS-1D X&quot;,&quot;caption&quot;:&quot;&quot;,&quot;created_timestamp&quot;:&quot;1540216171&quot;,&quot;copyright&quot;:&quot;&quot;,&quot;focal_length&quot;:&quot;70&quot;,&quot;iso&quot;:&quot;250&quot;,&quot;shutter_speed&quot;:&quot;0.004&quot;,&quot;title&quot;:&quot;&quot;,&quot;orientation&quot;:&quot;1&quot;}\" data-image-title=\"Bricio &amp;#8211; (Ekim) (4)\" data-image-description=\"\" data-image-caption=\"\" data-large-file=\"https:\/\/sarimelekler.biz\/wp-content\/uploads\/2018\/10\/Bricio-Ekim-4-1024x893.jpg\" \/><\/a>\n\t\t\t<\/dt><\/dl>\n\t\t\t<br style='clear: both' \/>\n\t\t<\/div>\n\n<p>Kaynak: <a href=\"https:\/\/www.fenerbahce.org\/detay.asp?ContentID=62100\" target=\"_blank\" rel=\"noopener\">Fenerbah\u00e7e SK Resmi \u0130nternet Sitesi<\/a><\/p>\n","protected":false},"excerpt":{"rendered":"<p>Fenerbah\u00e7e Kad\u0131n Voleybol Tak\u0131m\u0131m\u0131z\u0131n yeni transferi Samantha Bricio, Fenerbah\u00e7e Spor \u2026 <a class=\"continue-reading-link\" href=\"https:\/\/sarimelekler.biz\/?p=7124\">Okumaya Devam Et.. <span class=\"meta-nav\">&rarr; <\/span><\/a><\/p>\n","protected":false},"author":1,"featured_media":7127,"comment_status":"closed","ping_status":"open","sticky":false,"template":"","format":"standard","meta":{"jetpack_post_was_ever_published":false,"_jetpack_newsletter_access":"","_jetpack_dont_email_post_to_subs":false,"_jetpack_newsletter_tier_id":0,"_jetpack_memberships_contains_paywalled_content":false,"_jetpack_memberships_contains_paid_content":false,"footnotes":"","jetpack_publicize_message":"","jetpack_publicize_feature_enabled":true,"jetpack_social_post_already_shared":true,"jetpack_social_options":{"image_generator_settings":{"template":"highway","default_image_id":0,"font":"","enabled":false},"version":2}},"categories":[17],"tags":[],"class_list":["post-7124","post","type-post","status-publish","format-standard","has-post-thumbnail","hentry","category-resmi-site-roportajlari"],"jetpack_publicize_connections":[],"jetpack_featured_media_url":"https:\/\/sarimelekler.biz\/wp-content\/uploads\/2018\/10\/Bricio-Ekim-3.jpg","jetpack_sharing_enabled":true,"jetpack_shortlink":"https:\/\/wp.me\/p8npUZ-1QU","jetpack-related-posts":[{"id":4097,"url":"https:\/\/sarimelekler.biz\/?p=4097","url_meta":{"origin":7124,"position":0},"title":"Mia Jerkov: &#8220;Bu formay\u0131 giyecek olmaktan dolay\u0131 gurur duyuyorum&#8221;","author":"Edit\u00f6r","date":"14 Haziran 2017","format":false,"excerpt":"Kad\u0131n Voleybol Tak\u0131m\u0131m\u0131z\u0131n yeni sma\u00e7\u00f6r\u00fc Mia Jerkov, transferine ili\u015fkin ilk a\u00e7\u0131klamalar\u0131 Fenerbah\u00e7e Spor Kul\u00fcb\u00fcm\u00fcz Resmi \u0130nternet Sitesine yapt\u0131. Fenerbah\u00e7e gibi b\u00fcy\u00fck bir kul\u00fcb\u00fcn formas\u0131n\u0131 giyecek olmaktan dolay\u0131 gurur duydu\u011funu dile getiren Mia Jerkov, \"Fenerbah\u00e7e\u2019de olmaktan dolay\u0131 b\u00fcy\u00fck bir gurur duyuyorum. Sar\u0131 Meleklerin bir par\u00e7as\u0131 olacak olmaktan dolay\u0131 \u00e7ok mutluyum. Fenerbah\u00e7e\u2026","rel":"","context":"&quot;T\u00fcrkiye Ligi&quot; i\u00e7inde","block_context":{"text":"T\u00fcrkiye Ligi","link":"https:\/\/sarimelekler.biz\/?cat=6"},"img":{"alt_text":"","src":"https:\/\/i0.wp.com\/sarimelekler.biz\/wp-content\/uploads\/2017\/06\/mb9_56295_4963432.jpg?resize=350%2C200&ssl=1","width":350,"height":200,"srcset":"https:\/\/i0.wp.com\/sarimelekler.biz\/wp-content\/uploads\/2017\/06\/mb9_56295_4963432.jpg?resize=350%2C200&ssl=1 1x, https:\/\/i0.wp.com\/sarimelekler.biz\/wp-content\/uploads\/2017\/06\/mb9_56295_4963432.jpg?resize=525%2C300&ssl=1 1.5x, https:\/\/i0.wp.com\/sarimelekler.biz\/wp-content\/uploads\/2017\/06\/mb9_56295_4963432.jpg?resize=700%2C400&ssl=1 2x, https:\/\/i0.wp.com\/sarimelekler.biz\/wp-content\/uploads\/2017\/06\/mb9_56295_4963432.jpg?resize=1050%2C600&ssl=1 3x, https:\/\/i0.wp.com\/sarimelekler.biz\/wp-content\/uploads\/2017\/06\/mb9_56295_4963432.jpg?resize=1400%2C800&ssl=1 4x"},"classes":[]},{"id":13594,"url":"https:\/\/sarimelekler.biz\/?p=13594","url_meta":{"origin":7124,"position":1},"title":"Bianka Bu\u0161a: Fenerbah\u00e7e\u2019nin Geli\u015fimimde Rol Oynayacak En \u0130yi Kul\u00fcp Oldu\u011funu D\u00fc\u015f\u00fcnd\u00fcm","author":"Edit\u00f6r","date":"14 Temmuz 2020","format":false,"excerpt":"Fenerbah\u00e7e Opet Kad\u0131n Voleybol Tak\u0131m\u0131m\u0131z\u0131n yeni transferlerinden Bianka Bu\u0161a, Fenerbah\u00e7e Spor Kul\u00fcb\u00fcm\u00fcz resmi internet sitesine a\u00e7\u0131klamalarda bulundu. Kendisi i\u00e7in en iyi f\u0131rsat\u0131n Fenerbah\u00e7e oldu\u011funun alt\u0131n\u0131 \u00e7izen ba\u015far\u0131l\u0131 voleybolcunun a\u00e7\u0131klamalar\u0131 \u015fu \u015fekilde: Benim i\u00e7in en iyi f\u0131rsat\u0131n Fenerbah\u00e7e oldu\u011funu d\u00fc\u015f\u00fcnd\u00fcm \u201cYurt d\u0131\u015f\u0131nda oynad\u0131\u011f\u0131m bir\u00e7ok seneden sonra hayalim T\u00fcrkiye'de oynamakt\u0131. Benim i\u00e7in\u2026","rel":"","context":"&quot;Resmi Site R\u00f6portajlar\u0131&quot; i\u00e7inde","block_context":{"text":"Resmi Site R\u00f6portajlar\u0131","link":"https:\/\/sarimelekler.biz\/?cat=17"},"img":{"alt_text":"","src":"https:\/\/i0.wp.com\/sarimelekler.biz\/wp-content\/uploads\/2020\/07\/Busa-R%C3%B6portaj-3.jpg?resize=350%2C200&ssl=1","width":350,"height":200,"srcset":"https:\/\/i0.wp.com\/sarimelekler.biz\/wp-content\/uploads\/2020\/07\/Busa-R%C3%B6portaj-3.jpg?resize=350%2C200&ssl=1 1x, https:\/\/i0.wp.com\/sarimelekler.biz\/wp-content\/uploads\/2020\/07\/Busa-R%C3%B6portaj-3.jpg?resize=525%2C300&ssl=1 1.5x, https:\/\/i0.wp.com\/sarimelekler.biz\/wp-content\/uploads\/2020\/07\/Busa-R%C3%B6portaj-3.jpg?resize=700%2C400&ssl=1 2x, https:\/\/i0.wp.com\/sarimelekler.biz\/wp-content\/uploads\/2020\/07\/Busa-R%C3%B6portaj-3.jpg?resize=1050%2C600&ssl=1 3x, https:\/\/i0.wp.com\/sarimelekler.biz\/wp-content\/uploads\/2020\/07\/Busa-R%C3%B6portaj-3.jpg?resize=1400%2C800&ssl=1 4x"},"classes":[]},{"id":4078,"url":"https:\/\/sarimelekler.biz\/?p=4078","url_meta":{"origin":7124,"position":2},"title":"Polina Rahimova: &#8220;Ba\u015far\u0131l\u0131 olmak ve kupalar kazanmak i\u00e7in gere\u011fini yapaca\u011f\u0131m&#8221;","author":"Edit\u00f6r","date":"6 Haziran 2017","format":false,"excerpt":"Fenerbah\u00e7e Kad\u0131n Voleybol Tak\u0131m\u0131m\u0131z\u0131n yeni transferlerinden Azerbaycanl\u0131 pas\u00f6r \u00e7apraz\u0131 Polina Rahimova \u0130stanbul\u2019a geldi ve ilk a\u00e7\u0131klamalar\u0131n\u0131 Fenerbah\u00e7e Spor Kul\u00fcb\u00fcm\u00fcz Resmi \u0130nternet Sitesine yapt\u0131. Mutlu ve heyecanl\u0131 oldu\u011funu dile getiren 27 ya\u015f\u0131ndaki oyuncu Polina Rahimova, \u201cBu camian\u0131n bir ferdi oldu\u011fum i\u00e7in \u00e7ok heyecanl\u0131y\u0131m. Fenerbah\u00e7e \u00e7ok b\u00fcy\u00fck bir kul\u00fcp. Bu ailenin bir\u2026","rel":"","context":"&quot;T\u00fcrkiye Ligi&quot; i\u00e7inde","block_context":{"text":"T\u00fcrkiye Ligi","link":"https:\/\/sarimelekler.biz\/?cat=6"},"img":{"alt_text":"","src":"https:\/\/i0.wp.com\/sarimelekler.biz\/wp-content\/uploads\/2017\/06\/de6p6270_56200_467206.jpg?resize=350%2C200&ssl=1","width":350,"height":200,"srcset":"https:\/\/i0.wp.com\/sarimelekler.biz\/wp-content\/uploads\/2017\/06\/de6p6270_56200_467206.jpg?resize=350%2C200&ssl=1 1x, https:\/\/i0.wp.com\/sarimelekler.biz\/wp-content\/uploads\/2017\/06\/de6p6270_56200_467206.jpg?resize=525%2C300&ssl=1 1.5x, https:\/\/i0.wp.com\/sarimelekler.biz\/wp-content\/uploads\/2017\/06\/de6p6270_56200_467206.jpg?resize=700%2C400&ssl=1 2x, https:\/\/i0.wp.com\/sarimelekler.biz\/wp-content\/uploads\/2017\/06\/de6p6270_56200_467206.jpg?resize=1050%2C600&ssl=1 3x, https:\/\/i0.wp.com\/sarimelekler.biz\/wp-content\/uploads\/2017\/06\/de6p6270_56200_467206.jpg?resize=1400%2C800&ssl=1 4x"},"classes":[]},{"id":7205,"url":"https:\/\/sarimelekler.biz\/?p=7205","url_meta":{"origin":7124,"position":3},"title":"Eda Erdem D\u00fcndar ile Samantha Bricio Be\u015fikta\u015f ma\u00e7\u0131yla ilgili konu\u015ftu","author":"Edit\u00f6r","date":"2 Kas\u0131m 2018","format":false,"excerpt":"Kad\u0131n Voleybol Tak\u0131m\u0131m\u0131z\u0131n Vestel Venus Sultanlar Ligi\u2019nde 2 Kas\u0131m Cuma g\u00fcn\u00fc Be\u015fikta\u015f ile oynayaca\u011f\u0131 kar\u015f\u0131la\u015fma \u00f6ncesi kaptan Eda Erdem D\u00fcndar ile yeni transfer Samantha Bricio, resmi \u0130nternet Sitemize a\u00e7\u0131klamalarda bulundu. Kaptan Eda Erdem D\u00fcndar haz\u0131rl\u0131klar\u0131n \u00e7ok iyi gitti\u011fini ve tak\u0131mda g\u00fczel bir enerji oldu\u011funu belirtirken, Meksikal\u0131 sma\u00e7\u00f6r Samantha Bricio ise\u2026","rel":"","context":"&quot;T\u00fcrkiye Ligi&quot; i\u00e7inde","block_context":{"text":"T\u00fcrkiye Ligi","link":"https:\/\/sarimelekler.biz\/?cat=6"},"img":{"alt_text":"","src":"https:\/\/i0.wp.com\/sarimelekler.biz\/wp-content\/uploads\/2018\/11\/1.-Hafta-2.jpg?resize=350%2C200&ssl=1","width":350,"height":200,"srcset":"https:\/\/i0.wp.com\/sarimelekler.biz\/wp-content\/uploads\/2018\/11\/1.-Hafta-2.jpg?resize=350%2C200&ssl=1 1x, https:\/\/i0.wp.com\/sarimelekler.biz\/wp-content\/uploads\/2018\/11\/1.-Hafta-2.jpg?resize=525%2C300&ssl=1 1.5x, https:\/\/i0.wp.com\/sarimelekler.biz\/wp-content\/uploads\/2018\/11\/1.-Hafta-2.jpg?resize=700%2C400&ssl=1 2x, https:\/\/i0.wp.com\/sarimelekler.biz\/wp-content\/uploads\/2018\/11\/1.-Hafta-2.jpg?resize=1050%2C600&ssl=1 3x, https:\/\/i0.wp.com\/sarimelekler.biz\/wp-content\/uploads\/2018\/11\/1.-Hafta-2.jpg?resize=1400%2C800&ssl=1 4x"},"classes":[]},{"id":6774,"url":"https:\/\/sarimelekler.biz\/?p=6774","url_meta":{"origin":7124,"position":4},"title":"Sar\u0131 Melekler Kamp \u0130\u00e7in Topuk Yaylas\u0131 Tesislerine Gitti","author":"Edit\u00f6r","date":"10 Eyl\u00fcl 2018","format":false,"excerpt":"Yeni Sezon \u00e7al\u0131\u015fmalar\u0131 do\u011frultusunda Sar\u0131 Melekler Topuk Yaylas\u0131 Tesislerine ula\u015ft\u0131. Bug\u00fcn itibar\u0131yla son kamp g\u00fcn\u00fc olan erkek voleybol tak\u0131m\u0131m\u0131zla y\u00f6neticilerimiz birarada zaman ge\u00e7irdi. Tak\u0131m\u0131m\u0131z\u0131n kamp kadrosuda Milli Tak\u0131mlar\u0131nda bulunan Eda Erdem D\u00fcndar, Ana Antonijevic ve Samantha Bricio kat\u0131lmazken, 2002 do\u011fumlu gen\u00e7 tak\u0131m pas\u00f6r\u00fcm\u00fcz Hilal Kocakara kamp kadrosuna al\u0131nd\u0131. Resmi Sitemizden\u2026","rel":"","context":"&quot;Haberler&quot; i\u00e7inde","block_context":{"text":"Haberler","link":"https:\/\/sarimelekler.biz\/?cat=7"},"img":{"alt_text":"","src":"https:\/\/i0.wp.com\/sarimelekler.biz\/wp-content\/uploads\/2018\/09\/de6p7570_61615_5374249.jpg?resize=350%2C200&ssl=1","width":350,"height":200,"srcset":"https:\/\/i0.wp.com\/sarimelekler.biz\/wp-content\/uploads\/2018\/09\/de6p7570_61615_5374249.jpg?resize=350%2C200&ssl=1 1x, https:\/\/i0.wp.com\/sarimelekler.biz\/wp-content\/uploads\/2018\/09\/de6p7570_61615_5374249.jpg?resize=525%2C300&ssl=1 1.5x, https:\/\/i0.wp.com\/sarimelekler.biz\/wp-content\/uploads\/2018\/09\/de6p7570_61615_5374249.jpg?resize=700%2C400&ssl=1 2x, https:\/\/i0.wp.com\/sarimelekler.biz\/wp-content\/uploads\/2018\/09\/de6p7570_61615_5374249.jpg?resize=1050%2C600&ssl=1 3x, https:\/\/i0.wp.com\/sarimelekler.biz\/wp-content\/uploads\/2018\/09\/de6p7570_61615_5374249.jpg?resize=1400%2C800&ssl=1 4x"},"classes":[]},{"id":11294,"url":"https:\/\/sarimelekler.biz\/?p=11294","url_meta":{"origin":7124,"position":5},"title":"Kul\u00fcb\u00fcm\u00fcz Taraf\u0131ndan Tak\u0131m\u0131m\u0131zdan Ayr\u0131lan Oyuncular A\u00e7\u0131kland\u0131.","author":"Edit\u00f6r","date":"16 May\u0131s 2019","format":false,"excerpt":"Kul\u00fcb\u00fcm\u00fcz, Fenerbah\u00e7e Opet Kad\u0131n Voleybol tak\u0131m\u0131m\u0131zdan ayr\u0131lan oyuncular\u0131 resmi sitesi ve sosyal medya hesaplar\u0131ndan a\u00e7\u0131klayarak oyunculara veda etti. Yap\u0131lan A\u00e7\u0131klamada: Fenerbah\u00e7e Opet Kad\u0131n Voleybol Tak\u0131m\u0131m\u0131z yeni sezon yap\u0131lanmas\u0131nda; Merve Dalbeler, Polen \u00dcnver, Ana Antonijevic, Dobriana Rabadzhieva, Samantha Bricio Ramos, Ezgi Da\u011fdelenler ve Merve Tanyel ile yollar\u0131n\u0131 ay\u0131rm\u0131\u015ft\u0131r. Formam\u0131z\u0131 ba\u015far\u0131yla terleten\u2026","rel":"","context":"&quot;Transfer Haberleri&quot; i\u00e7inde","block_context":{"text":"Transfer Haberleri","link":"https:\/\/sarimelekler.biz\/?cat=23"},"img":{"alt_text":"","src":"https:\/\/i0.wp.com\/sarimelekler.biz\/wp-content\/uploads\/2019\/05\/Haber-Ba%C5%9Fl%C4%B1%C4%9F%C4%B1.jpg?resize=350%2C200&ssl=1","width":350,"height":200,"srcset":"https:\/\/i0.wp.com\/sarimelekler.biz\/wp-content\/uploads\/2019\/05\/Haber-Ba%C5%9Fl%C4%B1%C4%9F%C4%B1.jpg?resize=350%2C200&ssl=1 1x, https:\/\/i0.wp.com\/sarimelekler.biz\/wp-content\/uploads\/2019\/05\/Haber-Ba%C5%9Fl%C4%B1%C4%9F%C4%B1.jpg?resize=525%2C300&ssl=1 1.5x, https:\/\/i0.wp.com\/sarimelekler.biz\/wp-content\/uploads\/2019\/05\/Haber-Ba%C5%9Fl%C4%B1%C4%9F%C4%B1.jpg?resize=700%2C400&ssl=1 2x"},"classes":[]}],"_links":{"self":[{"href":"https:\/\/sarimelekler.biz\/index.php?rest_route=\/wp\/v2\/posts\/7124","targetHints":{"allow":["GET"]}}],"collection":[{"href":"https:\/\/sarimelekler.biz\/index.php?rest_route=\/wp\/v2\/posts"}],"about":[{"href":"https:\/\/sarimelekler.biz\/index.php?rest_route=\/wp\/v2\/types\/post"}],"author":[{"embeddable":true,"href":"https:\/\/sarimelekler.biz\/index.php?rest_route=\/wp\/v2\/users\/1"}],"replies":[{"embeddable":true,"href":"https:\/\/sarimelekler.biz\/index.php?rest_route=%2Fwp%2Fv2%2Fcomments&post=7124"}],"version-history":[{"count":1,"href":"https:\/\/sarimelekler.biz\/index.php?rest_route=\/wp\/v2\/posts\/7124\/revisions"}],"predecessor-version":[{"id":7129,"href":"https:\/\/sarimelekler.biz\/index.php?rest_route=\/wp\/v2\/posts\/7124\/revisions\/7129"}],"wp:featuredmedia":[{"embeddable":true,"href":"https:\/\/sarimelekler.biz\/index.php?rest_route=\/wp\/v2\/media\/7127"}],"wp:attachment":[{"href":"https:\/\/sarimelekler.biz\/index.php?rest_route=%2Fwp%2Fv2%2Fmedia&parent=7124"}],"wp:term":[{"taxonomy":"category","embeddable":true,"href":"https:\/\/sarimelekler.biz\/index.php?rest_route=%2Fwp%2Fv2%2Fcategories&post=7124"},{"taxonomy":"post_tag","embeddable":true,"href":"https:\/\/sarimelekler.biz\/index.php?rest_route=%2Fwp%2Fv2%2Ftags&post=7124"}],"curies":[{"name":"wp","href":"https:\/\/api.w.org\/{rel}","templated":true}]}}