{"id":7259,"date":"2018-11-02T23:01:45","date_gmt":"2018-11-02T21:01:45","guid":{"rendered":"http:\/\/sarimelekler.biz\/?p=7259"},"modified":"2018-11-02T23:01:45","modified_gmt":"2018-11-02T21:01:45","slug":"kaptanimiz-eda-ve-basantrenorumuz-terzicin-mac-sonu-roportaji","status":"publish","type":"post","link":"https:\/\/sarimelekler.biz\/?p=7259","title":{"rendered":"Kaptan\u0131m\u0131z Eda ve Ba\u015fantren\u00f6r\u00fcm\u00fcz Terzic&#8217;in Ma\u00e7 Sonu R\u00f6portaj\u0131"},"content":{"rendered":"<p style=\"text-align: justify;\"><strong>Eda Erdem D\u00fcndar: Sezona g\u00fczel ba\u015flad\u0131k<\/strong><\/p>\n<p style=\"text-align: justify;\">Fenerbah\u00e7e Kad\u0131n Voleybol Tak\u0131m\u0131m\u0131z\u0131n kaptan\u0131 Eda Erdem D\u00fcndar, 3-0\u2019l\u0131k Be\u015fikta\u015f galibiyetini yay\u0131nc\u0131 kurulu\u015fa de\u011ferlendirdi.<\/p>\n<p style=\"text-align: justify;\">Oynad\u0131klar\u0131 oyundan keyif ald\u0131klar\u0131n\u0131 s\u00f6yleyen kaptan Eda, \u201cSezona derbiyle ba\u015flad\u0131k. 3-0, g\u00fczel sonu\u00e7. Daha da iyi oynayabilirdik. Be\u015fikta\u015f\u2019\u0131 da tebrik ediyorum. \u0130yi m\u00fccadele ettiler. Setler aras\u0131nda d\u00fc\u015f\u00fc\u015flerimiz oldu. Genelde iyi servis att\u0131k. Defansta agresif olmaya \u00e7al\u0131\u015ft\u0131k. Antren\u00f6r\u00fcm\u00fcz\u00fcn bizden iste\u011fi oyundan keyif almam\u0131zd\u0131. Amac\u0131m\u0131z bu ve galibiyetti. \u0130n\u015fallah b\u00f6yle g\u00fczel devam eder\u201d dedi.<\/p>\n<p style=\"text-align: justify;\">Zamanla daha iyi olacaklar\u0131na vurgu yapan Eda Erdem D\u00fcndar, \u201cTam tak\u0131m olarak yeni antrenman yapmaya ba\u015flad\u0131k. Evet, Be\u015fikta\u015f bloklarda g\u00fczel i\u015fler yapt\u0131. Zamanla uyumumuz daha iyi olacak ve daha iyi atak yapaca\u011f\u0131z\u201d diye konu\u015ftu.<\/p>\n<p style=\"text-align: justify;\"><strong>Zoran Terzic: Daha iyi olaca\u011f\u0131z<\/strong><\/p>\n<p style=\"text-align: justify;\">Kad\u0131n Voleybol Tak\u0131m\u0131m\u0131z\u0131n Vestel Ven\u00fcs Sultanlar Ligi\u2019nde sezonun ilk kar\u015f\u0131la\u015fmas\u0131nda Be\u015fikta\u015f\u2019\u0131 3-0 ma\u011flup etmesinin ard\u0131ndan ba\u015f antren\u00f6r\u00fcm\u00fcz Zoran Terzic yay\u0131nc\u0131 kurulu\u015fa a\u00e7\u0131klamalarda bulundu.<\/p>\n<p style=\"text-align: justify;\">Sezon sonuna do\u011fru daha iyi olacaklar\u0131n\u0131 ve play offlara haz\u0131r gireceklerini s\u00f6yleyen Terzic,\u201c\u00d6ncelikle tak\u0131m\u0131m\u0131 tebrik ediyorum. Sezona galibiyetle ba\u015flamak bizim i\u00e7in \u00e7ok \u00f6nemliydi. Ma\u00e7 s\u0131ras\u0131nda y\u00fckseli\u015flerin ve \u00e7\u0131k\u0131\u015flar\u0131n olmas\u0131 gayet normal. \u00c7\u00fcnk\u00fc daha ilk ma\u00e7\u0131m\u0131z, yeni bir tak\u0131m ve yeni bir hoca. Skordan olduk\u00e7a memnunum. Zaten \u0130stanbul\u2019a geleli iki hafta oldu. Ama tak\u0131m olarak her ma\u00e7ta daha iyi olaca\u011f\u0131m\u0131za inan\u0131yorum.\u201d ifadelerini kulland\u0131.<\/p>\n<p style=\"text-align: justify;\">D\u00fcnya \u015eampiyonas\u0131\u2019nda S\u0131rbistan ile elde etti\u011fi \u015fampiyonluk i\u00e7in de tebrikleri kabul eden tecr\u00fcbeli teknik adam, \u201cTahmin edersiniz ki bizim i\u015fimiz \u00e7ok zor. D\u00fcnya \u015fampiyonas\u0131 s\u0131ras\u0131nda yo\u011fun bir program ya\u015fad\u0131k. Neredeyse birka\u00e7 g\u00fcn dinlenme vaktimiz oldu. \u0130stanbul\u2019a yeni geldim ve art\u0131k Fenerbah\u00e7e\u2019ye yo\u011funla\u015fmak istiyorum. B\u00fct\u00fcn zihnim burada ve buraya konsantreyim.\u201d dedi.<\/p>\n<p>Kaynak: <a href=\"https:\/\/www.fenerbahce.org\/detay.asp?ContentID=62267\" target=\"_blank\" rel=\"noopener\">1<\/a> &#8211; <a href=\"https:\/\/www.fenerbahce.org\/detay.asp?ContentID=62268\" target=\"_blank\" rel=\"noopener\">2<\/a><\/p>\n","protected":false},"excerpt":{"rendered":"<p>Eda Erdem D\u00fcndar: Sezona g\u00fczel ba\u015flad\u0131k Fenerbah\u00e7e Kad\u0131n Voleybol Tak\u0131m\u0131m\u0131z\u0131n \u2026 <a class=\"continue-reading-link\" href=\"https:\/\/sarimelekler.biz\/?p=7259\">Okumaya Devam Et.. <span class=\"meta-nav\">&rarr; <\/span><\/a><\/p>\n","protected":false},"author":1,"featured_media":7243,"comment_status":"closed","ping_status":"open","sticky":false,"template":"","format":"standard","meta":{"jetpack_post_was_ever_published":false,"_jetpack_newsletter_access":"","_jetpack_dont_email_post_to_subs":false,"_jetpack_newsletter_tier_id":0,"_jetpack_memberships_contains_paywalled_content":false,"_jetpack_memberships_contains_paid_content":false,"footnotes":"","jetpack_publicize_message":"","jetpack_publicize_feature_enabled":true,"jetpack_social_post_already_shared":true,"jetpack_social_options":{"image_generator_settings":{"template":"highway","default_image_id":0,"font":"","enabled":false},"version":2}},"categories":[6],"tags":[],"class_list":["post-7259","post","type-post","status-publish","format-standard","has-post-thumbnail","hentry","category-turkiye-ligi"],"jetpack_publicize_connections":[],"jetpack_featured_media_url":"https:\/\/sarimelekler.biz\/wp-content\/uploads\/2018\/11\/1-18-19-33.jpg","jetpack_sharing_enabled":true,"jetpack_shortlink":"https:\/\/wp.me\/p8npUZ-1T5","jetpack-related-posts":[{"id":9599,"url":"https:\/\/sarimelekler.biz\/?p=9599","url_meta":{"origin":7259,"position":0},"title":"Halkbank Ma\u00e7\u0131 Sonras\u0131 R\u00f6portajlar","author":"Edit\u00f6r","date":"24 Aral\u0131k 2018","format":false,"excerpt":"Kaptan\u0131m\u0131z Eda ve Ba\u015fantren\u00f6r\u00fcm\u00fcz Terzic bug\u00fcn oynanan Halkbank ma\u00e7\u0131 sonras\u0131 kul\u00fcb\u00fcm\u00fcz\u00fcn televizyon kanal\u0131na yapt\u0131\u011f\u0131 a\u00e7\u0131klamalar kul\u00fcb\u00fcm\u00fcz\u00fcn resmi internet sitesine yay\u0131nland\u0131. Eda Erdem D\u00fcndar: Keyif veren bir voleybol oynad\u0131k Fenerbah\u00e7e Opet Kad\u0131n Voleybol Tak\u0131m\u0131m\u0131z\u0131n kaptan\u0131 Eda Erdem D\u00fcndar, Halkbank kar\u015f\u0131s\u0131nda iyi servis att\u0131klar\u0131n\u0131 ve iyi savunma yapt\u0131klar\u0131n\u0131 s\u00f6yledi. Keyif veren bir\u2026","rel":"","context":"&quot;T\u00fcrkiye Ligi&quot; i\u00e7inde","block_context":{"text":"T\u00fcrkiye Ligi","link":"https:\/\/sarimelekler.biz\/?cat=6"},"img":{"alt_text":"","src":"https:\/\/i0.wp.com\/sarimelekler.biz\/wp-content\/uploads\/2018\/12\/Eda-11-18-19.jpg?resize=350%2C200&ssl=1","width":350,"height":200,"srcset":"https:\/\/i0.wp.com\/sarimelekler.biz\/wp-content\/uploads\/2018\/12\/Eda-11-18-19.jpg?resize=350%2C200&ssl=1 1x, https:\/\/i0.wp.com\/sarimelekler.biz\/wp-content\/uploads\/2018\/12\/Eda-11-18-19.jpg?resize=525%2C300&ssl=1 1.5x, https:\/\/i0.wp.com\/sarimelekler.biz\/wp-content\/uploads\/2018\/12\/Eda-11-18-19.jpg?resize=700%2C400&ssl=1 2x, https:\/\/i0.wp.com\/sarimelekler.biz\/wp-content\/uploads\/2018\/12\/Eda-11-18-19.jpg?resize=1050%2C600&ssl=1 3x"},"classes":[]},{"id":7205,"url":"https:\/\/sarimelekler.biz\/?p=7205","url_meta":{"origin":7259,"position":1},"title":"Eda Erdem D\u00fcndar ile Samantha Bricio Be\u015fikta\u015f ma\u00e7\u0131yla ilgili konu\u015ftu","author":"Edit\u00f6r","date":"2 Kas\u0131m 2018","format":false,"excerpt":"Kad\u0131n Voleybol Tak\u0131m\u0131m\u0131z\u0131n Vestel Venus Sultanlar Ligi\u2019nde 2 Kas\u0131m Cuma g\u00fcn\u00fc Be\u015fikta\u015f ile oynayaca\u011f\u0131 kar\u015f\u0131la\u015fma \u00f6ncesi kaptan Eda Erdem D\u00fcndar ile yeni transfer Samantha Bricio, resmi \u0130nternet Sitemize a\u00e7\u0131klamalarda bulundu. Kaptan Eda Erdem D\u00fcndar haz\u0131rl\u0131klar\u0131n \u00e7ok iyi gitti\u011fini ve tak\u0131mda g\u00fczel bir enerji oldu\u011funu belirtirken, Meksikal\u0131 sma\u00e7\u00f6r Samantha Bricio ise\u2026","rel":"","context":"&quot;T\u00fcrkiye Ligi&quot; i\u00e7inde","block_context":{"text":"T\u00fcrkiye Ligi","link":"https:\/\/sarimelekler.biz\/?cat=6"},"img":{"alt_text":"","src":"https:\/\/i0.wp.com\/sarimelekler.biz\/wp-content\/uploads\/2018\/11\/1.-Hafta-2.jpg?resize=350%2C200&ssl=1","width":350,"height":200,"srcset":"https:\/\/i0.wp.com\/sarimelekler.biz\/wp-content\/uploads\/2018\/11\/1.-Hafta-2.jpg?resize=350%2C200&ssl=1 1x, https:\/\/i0.wp.com\/sarimelekler.biz\/wp-content\/uploads\/2018\/11\/1.-Hafta-2.jpg?resize=525%2C300&ssl=1 1.5x, https:\/\/i0.wp.com\/sarimelekler.biz\/wp-content\/uploads\/2018\/11\/1.-Hafta-2.jpg?resize=700%2C400&ssl=1 2x, https:\/\/i0.wp.com\/sarimelekler.biz\/wp-content\/uploads\/2018\/11\/1.-Hafta-2.jpg?resize=1050%2C600&ssl=1 3x, https:\/\/i0.wp.com\/sarimelekler.biz\/wp-content\/uploads\/2018\/11\/1.-Hafta-2.jpg?resize=1400%2C800&ssl=1 4x"},"classes":[]},{"id":4295,"url":"https:\/\/sarimelekler.biz\/?p=4295","url_meta":{"origin":7259,"position":2},"title":"Eda Erdem D\u00fcndar: &#8220;Avrupa \u015eampiyonas\u0131\u2019n\u0131 Madalya \u0130le Tamamlad\u0131\u011f\u0131m\u0131z \u0130\u00e7in Mutluyum&#8221;","author":"Edit\u00f6r","date":"5 Ekim 2017","format":false,"excerpt":"Azerbaycan\u2019da d\u00fczenlenen Avrupa \u015eampiyonas\u0131\u2019nda, A Milli Kad\u0131n Voleybol Tak\u0131m\u0131m\u0131z\u0131n elde etti\u011fi Avrupa 3.\u2019l\u00fc\u011f\u00fcn\u00fcn ard\u0131ndan \u0130stanbul\u2019a d\u00f6nen milli voleybolcumuz Eda Erdem D\u00fcndar, Fenerbah\u00e7e Spor Kul\u00fcb\u00fcm\u00fcz Resmi \u0130nternet Sitemize a\u00e7\u0131klamalarda bulundu. Ba\u015far\u0131l\u0131 voleybolcu, Avrupa \u015eampiyonas\u0131\u2019n\u0131 madalyayla tamamlam\u0131\u015f olman\u0131n kendisini mutlu etti\u011fini dile getirirken, Fenerbah\u00e7e Kad\u0131n Voleybol Tak\u0131m\u0131m\u0131z\u0131n da hedeflerinden s\u00f6z etti. A\u2026","rel":"","context":"&quot;Haberler&quot; i\u00e7inde","block_context":{"text":"Haberler","link":"https:\/\/sarimelekler.biz\/?cat=7"},"img":{"alt_text":"","src":"https:\/\/i0.wp.com\/sarimelekler.biz\/wp-content\/uploads\/2017\/10\/de6p6160_57488_6278113.jpg?resize=350%2C200&ssl=1","width":350,"height":200,"srcset":"https:\/\/i0.wp.com\/sarimelekler.biz\/wp-content\/uploads\/2017\/10\/de6p6160_57488_6278113.jpg?resize=350%2C200&ssl=1 1x, https:\/\/i0.wp.com\/sarimelekler.biz\/wp-content\/uploads\/2017\/10\/de6p6160_57488_6278113.jpg?resize=525%2C300&ssl=1 1.5x, https:\/\/i0.wp.com\/sarimelekler.biz\/wp-content\/uploads\/2017\/10\/de6p6160_57488_6278113.jpg?resize=700%2C400&ssl=1 2x, https:\/\/i0.wp.com\/sarimelekler.biz\/wp-content\/uploads\/2017\/10\/de6p6160_57488_6278113.jpg?resize=1050%2C600&ssl=1 3x, https:\/\/i0.wp.com\/sarimelekler.biz\/wp-content\/uploads\/2017\/10\/de6p6160_57488_6278113.jpg?resize=1400%2C800&ssl=1 4x"},"classes":[]},{"id":9410,"url":"https:\/\/sarimelekler.biz\/?p=9410","url_meta":{"origin":7259,"position":3},"title":"Eda Erdem D\u00fcndar ve Ana Antonijevic\u2019ten Chemik Police ma\u00e7\u0131 \u00f6ncesi a\u00e7\u0131klamalar","author":"Edit\u00f6r","date":"19 Aral\u0131k 2018","format":false,"excerpt":"Kad\u0131n Voleybol Tak\u0131m\u0131m\u0131z Fenerbah\u00e7e OPET'in CEV Kad\u0131nlar \u015eampiyonlar Ligi E Grubu 2.haftas\u0131nda Chemik Police ile bug\u00fcn oynayaca\u011f\u0131 ma\u00e7 \u00f6ncesi Kaptan\u0131m\u0131z Eda Erdem D\u00fcndar ve Ana Antonijevic, Fenerbah\u00e7e Spor Kul\u00fcb\u00fcm\u00fcz resmi sitemize a\u00e7\u0131klamalarda bulundu. Kaptan Eda Erdem D\u00fcndar taraftarlar varken daha iyi voleybol oynad\u0131klar\u0131n\u0131 vurgularken, Antonijevic hedeflerinin grupta birinci olarak bir\u2026","rel":"","context":"&quot;Avrupa Kupalar\u0131&quot; i\u00e7inde","block_context":{"text":"Avrupa Kupalar\u0131","link":"https:\/\/sarimelekler.biz\/?cat=1"},"img":{"alt_text":"","src":"https:\/\/i0.wp.com\/sarimelekler.biz\/wp-content\/uploads\/2018\/12\/Chemik-2.jpg?resize=350%2C200&ssl=1","width":350,"height":200,"srcset":"https:\/\/i0.wp.com\/sarimelekler.biz\/wp-content\/uploads\/2018\/12\/Chemik-2.jpg?resize=350%2C200&ssl=1 1x, https:\/\/i0.wp.com\/sarimelekler.biz\/wp-content\/uploads\/2018\/12\/Chemik-2.jpg?resize=525%2C300&ssl=1 1.5x, https:\/\/i0.wp.com\/sarimelekler.biz\/wp-content\/uploads\/2018\/12\/Chemik-2.jpg?resize=700%2C400&ssl=1 2x, https:\/\/i0.wp.com\/sarimelekler.biz\/wp-content\/uploads\/2018\/12\/Chemik-2.jpg?resize=1050%2C600&ssl=1 3x, https:\/\/i0.wp.com\/sarimelekler.biz\/wp-content\/uploads\/2018\/12\/Chemik-2.jpg?resize=1400%2C800&ssl=1 4x"},"classes":[]},{"id":11387,"url":"https:\/\/sarimelekler.biz\/?p=11387","url_meta":{"origin":7259,"position":4},"title":"Eda Erdem D\u00fcndar, Fenerbah\u00e7e Televizyonu\u2019na konuk oldu.","author":"Edit\u00f6r","date":"14 Temmuz 2019","format":false,"excerpt":"Fenerbah\u00e7e Opet Kad\u0131n Voleybol Tak\u0131m\u0131m\u0131z\u0131n kaptan\u0131 Eda Erdem D\u00fcndar, Fenerbah\u00e7e Televizyonu\u2019na konuk oldu. Geride b\u0131rakt\u0131\u011f\u0131m\u0131z sezonu de\u011ferlendiren kaptan Eda Erdem D\u00fcndar, yeni sezon \u00f6ncesi tak\u0131ma kat\u0131lan isimlerle birlikte kalitenin \u00e7ok daha \u00fcst seviyelere \u00e7\u0131kt\u0131\u011f\u0131na vurgu yapt\u0131. Kaptan, Kul\u00fcb\u00fcm\u00fcz\u00fcn, ge\u00e7ti\u011fimiz y\u0131l T\u00fcpra\u015f\u2019\u0131n deste\u011fiyle Birle\u015fmi\u015f Milletler Kad\u0131n Birimi (UN Women) ile yapt\u0131\u011f\u0131\u2026","rel":"","context":"&quot;Resmi Site R\u00f6portajlar\u0131&quot; i\u00e7inde","block_context":{"text":"Resmi Site R\u00f6portajlar\u0131","link":"https:\/\/sarimelekler.biz\/?cat=17"},"img":{"alt_text":"","src":"https:\/\/i0.wp.com\/sarimelekler.biz\/wp-content\/uploads\/2019\/07\/Eda-HeForShe-3.jpg?resize=350%2C200&ssl=1","width":350,"height":200,"srcset":"https:\/\/i0.wp.com\/sarimelekler.biz\/wp-content\/uploads\/2019\/07\/Eda-HeForShe-3.jpg?resize=350%2C200&ssl=1 1x, https:\/\/i0.wp.com\/sarimelekler.biz\/wp-content\/uploads\/2019\/07\/Eda-HeForShe-3.jpg?resize=525%2C300&ssl=1 1.5x, https:\/\/i0.wp.com\/sarimelekler.biz\/wp-content\/uploads\/2019\/07\/Eda-HeForShe-3.jpg?resize=700%2C400&ssl=1 2x, https:\/\/i0.wp.com\/sarimelekler.biz\/wp-content\/uploads\/2019\/07\/Eda-HeForShe-3.jpg?resize=1050%2C600&ssl=1 3x, https:\/\/i0.wp.com\/sarimelekler.biz\/wp-content\/uploads\/2019\/07\/Eda-HeForShe-3.jpg?resize=1400%2C800&ssl=1 4x"},"classes":[]},{"id":3516,"url":"https:\/\/sarimelekler.biz\/?p=3516","url_meta":{"origin":7259,"position":5},"title":"Eda Erdem D\u00fcndar: &#8220;Tak\u0131m oyunu oynayarak ba\u015fard\u0131k&#8221;","author":"Edit\u00f6r","date":"23 Mart 2017","format":false,"excerpt":"CEV \u015eampiyonlar Ligi 6'l\u0131 Play Off turu ilk ma\u00e7\u0131 olan Eczac\u0131ba\u015f\u0131 VitrA kar\u015f\u0131s\u0131nda \u00f6zellikle bloklar\u0131yla galibiyette \u00f6nemli bir rol oynayan kaptan Eda Erdem D\u00fcndar, tak\u0131m oyunu oynayarak galibiyete ula\u015ft\u0131klar\u0131n\u0131 s\u00f6yledi. Rakipteki oyuncular \u00e7ok iyi orta oyuncular. Onlar da biz de \u00e7ok istedik. Tak\u0131m oyunu oynayarak ba\u015fard\u0131k. Her \u015feyimle tak\u0131m\u0131ma yard\u0131mc\u0131\u2026","rel":"","context":"&quot;Avrupa Kupalar\u0131&quot; i\u00e7inde","block_context":{"text":"Avrupa Kupalar\u0131","link":"https:\/\/sarimelekler.biz\/?cat=1"},"img":{"alt_text":"","src":"https:\/\/i0.wp.com\/sarimelekler.biz\/wp-content\/uploads\/2017\/03\/cats.jpg?resize=350%2C200&ssl=1","width":350,"height":200,"srcset":"https:\/\/i0.wp.com\/sarimelekler.biz\/wp-content\/uploads\/2017\/03\/cats.jpg?resize=350%2C200&ssl=1 1x, https:\/\/i0.wp.com\/sarimelekler.biz\/wp-content\/uploads\/2017\/03\/cats.jpg?resize=525%2C300&ssl=1 1.5x, https:\/\/i0.wp.com\/sarimelekler.biz\/wp-content\/uploads\/2017\/03\/cats.jpg?resize=700%2C400&ssl=1 2x, https:\/\/i0.wp.com\/sarimelekler.biz\/wp-content\/uploads\/2017\/03\/cats.jpg?resize=1050%2C600&ssl=1 3x, https:\/\/i0.wp.com\/sarimelekler.biz\/wp-content\/uploads\/2017\/03\/cats.jpg?resize=1400%2C800&ssl=1 4x"},"classes":[]}],"_links":{"self":[{"href":"https:\/\/sarimelekler.biz\/index.php?rest_route=\/wp\/v2\/posts\/7259","targetHints":{"allow":["GET"]}}],"collection":[{"href":"https:\/\/sarimelekler.biz\/index.php?rest_route=\/wp\/v2\/posts"}],"about":[{"href":"https:\/\/sarimelekler.biz\/index.php?rest_route=\/wp\/v2\/types\/post"}],"author":[{"embeddable":true,"href":"https:\/\/sarimelekler.biz\/index.php?rest_route=\/wp\/v2\/users\/1"}],"replies":[{"embeddable":true,"href":"https:\/\/sarimelekler.biz\/index.php?rest_route=%2Fwp%2Fv2%2Fcomments&post=7259"}],"version-history":[{"count":1,"href":"https:\/\/sarimelekler.biz\/index.php?rest_route=\/wp\/v2\/posts\/7259\/revisions"}],"predecessor-version":[{"id":7260,"href":"https:\/\/sarimelekler.biz\/index.php?rest_route=\/wp\/v2\/posts\/7259\/revisions\/7260"}],"wp:featuredmedia":[{"embeddable":true,"href":"https:\/\/sarimelekler.biz\/index.php?rest_route=\/wp\/v2\/media\/7243"}],"wp:attachment":[{"href":"https:\/\/sarimelekler.biz\/index.php?rest_route=%2Fwp%2Fv2%2Fmedia&parent=7259"}],"wp:term":[{"taxonomy":"category","embeddable":true,"href":"https:\/\/sarimelekler.biz\/index.php?rest_route=%2Fwp%2Fv2%2Fcategories&post=7259"},{"taxonomy":"post_tag","embeddable":true,"href":"https:\/\/sarimelekler.biz\/index.php?rest_route=%2Fwp%2Fv2%2Ftags&post=7259"}],"curies":[{"name":"wp","href":"https:\/\/api.w.org\/{rel}","templated":true}]}}