{"id":7261,"date":"2018-11-02T23:42:32","date_gmt":"2018-11-02T21:42:32","guid":{"rendered":"http:\/\/sarimelekler.biz\/?p=7261"},"modified":"2018-11-02T23:42:32","modified_gmt":"2018-11-02T21:42:32","slug":"sari-meleklerin-sampiyonlar-ligindeki-rakipleri-belli-oldu","status":"publish","type":"post","link":"https:\/\/sarimelekler.biz\/?p=7261","title":{"rendered":"Sar\u0131 Meleklerin \u015eampiyonlar Ligi\u2019ndeki rakipleri belli oldu"},"content":{"rendered":"<p style=\"text-align: justify;\">Fenerbah\u00e7e Kad\u0131n Voleybol Tak\u0131m\u0131m\u0131z\u0131n CEV \u015eampiyonlar Ligi\u2019ndeki rakipleri, Avrupa Voleybol Galas\u0131\u2019ndaki kura \u00e7ekimiyle belli oldu.<\/p>\n<p style=\"text-align: justify;\">Macaristan\u2019\u0131n ba\u015fkenti Budape\u015fte\u2019nin ev sahipli\u011finde ger\u00e7ekle\u015ftirilen kuraya 4. torbadan kat\u0131lan Fenerbah\u00e7e Kad\u0131n Voleybol Tak\u0131m\u0131m\u0131z, E Grubu\u2019nda Dinamo Moskova (Rusya), Chemik Police (Polonya), CSM Bukres (Romanya) ile e\u015fle\u015fti.<\/p>\n<p style=\"text-align: justify;\">Kura \u00e7ekiminde Kul\u00fcb\u00fcm\u00fcz\u00fc; Erkek Voleybol Tak\u0131m\u0131m\u0131z\u0131n Teknik Menajeri Dariuzs Stanicki ile Voleybol Tak\u0131mlar\u0131m\u0131z\u0131n D\u0131\u015f \u0130li\u015fkiler ve Organizasyon Sorumlusu Ayb\u00fcke Turan temsil etti.<\/p>\n<p style=\"text-align: justify;\">2019 CEV \u015eampiyonlar Ligi\u2019ndeki ma\u00e7 program\u0131, Avrupa Voleybol Konfederasyonu taraf\u0131ndan \u00f6n\u00fcm\u00fczdeki g\u00fcnlerde a\u00e7\u0131klanacak.<\/p>\n<p style=\"text-align: justify;\">2019 CEV \u015eampiyonlar Ligi 4. Etap\u2019tan (grup a\u015famas\u0131) itibaren; bayanlarda ve erkeklerde 20 tak\u0131m m\u00fccadele edecek. Tak\u0131mlar; grup a\u015famas\u0131nda d\u00f6rderli be\u015f gruba ayr\u0131lacak.<\/p>\n<p style=\"text-align: justify;\">CEV \u015eampiyonlar Ligi\u2019nde bayanlarda grup ma\u00e7lar\u0131 20 Kas\u0131m 2018 \u2013 26 \u015eubat 2019, 4\u2019l\u00fc Finaller etab\u0131 12-21 Mart 2019, Yar\u0131 Finaller 02-11 Nisan 2019 tarihleri aras\u0131nda, final kar\u015f\u0131la\u015fmas\u0131 ise 18 May\u0131s 2019 tarihinde oynanacak.<\/p>\n\n\t\t<style type=\"text\/css\">\n\t\t\t#gallery-1 {\n\t\t\t\tmargin: auto;\n\t\t\t}\n\t\t\t#gallery-1 .gallery-item {\n\t\t\t\tfloat: left;\n\t\t\t\tmargin-top: 10px;\n\t\t\t\ttext-align: center;\n\t\t\t\twidth: 33%;\n\t\t\t}\n\t\t\t#gallery-1 img {\n\t\t\t\tborder: 2px solid #cfcfcf;\n\t\t\t}\n\t\t\t#gallery-1 .gallery-caption {\n\t\t\t\tmargin-left: 0;\n\t\t\t}\n\t\t\t\/* see gallery_shortcode() in wp-includes\/media.php *\/\n\t\t<\/style>\n\t\t<div data-carousel-extra='{&quot;blog_id&quot;:1,&quot;permalink&quot;:&quot;https:\/\/sarimelekler.biz\/?p=7261&quot;}' id='gallery-1' class='gallery galleryid-7261 gallery-columns-3 gallery-size-large'><dl class='gallery-item'>\n\t\t\t<dt class='gallery-icon landscape'>\n\t\t\t\t<a href='https:\/\/sarimelekler.biz\/?attachment_id=7262'><img loading=\"lazy\" decoding=\"async\" width=\"847\" height=\"476\" src=\"https:\/\/sarimelekler.biz\/wp-content\/uploads\/2018\/11\/cl.jpg\" class=\"attachment-large size-large\" alt=\"\" srcset=\"https:\/\/sarimelekler.biz\/wp-content\/uploads\/2018\/11\/cl.jpg 847w, https:\/\/sarimelekler.biz\/wp-content\/uploads\/2018\/11\/cl-300x169.jpg 300w, https:\/\/sarimelekler.biz\/wp-content\/uploads\/2018\/11\/cl-768x432.jpg 768w, https:\/\/sarimelekler.biz\/wp-content\/uploads\/2018\/11\/cl-150x84.jpg 150w, https:\/\/sarimelekler.biz\/wp-content\/uploads\/2018\/11\/cl-800x450.jpg 800w\" sizes=\"auto, (max-width: 847px) 100vw, 847px\" data-attachment-id=\"7262\" data-permalink=\"https:\/\/sarimelekler.biz\/?attachment_id=7262\" data-orig-file=\"https:\/\/sarimelekler.biz\/wp-content\/uploads\/2018\/11\/cl.jpg\" data-orig-size=\"847,476\" data-comments-opened=\"0\" data-image-meta=\"{&quot;aperture&quot;:&quot;0&quot;,&quot;credit&quot;:&quot;Sarma Reitere&quot;,&quot;camera&quot;:&quot;&quot;,&quot;caption&quot;:&quot;&quot;,&quot;created_timestamp&quot;:&quot;0&quot;,&quot;copyright&quot;:&quot;&quot;,&quot;focal_length&quot;:&quot;0&quot;,&quot;iso&quot;:&quot;0&quot;,&quot;shutter_speed&quot;:&quot;0&quot;,&quot;title&quot;:&quot;&quot;,&quot;orientation&quot;:&quot;0&quot;}\" data-image-title=\"cl\" data-image-description=\"\" data-image-caption=\"\" data-large-file=\"https:\/\/sarimelekler.biz\/wp-content\/uploads\/2018\/11\/cl.jpg\" \/><\/a>\n\t\t\t<\/dt><\/dl><dl class='gallery-item'>\n\t\t\t<dt class='gallery-icon landscape'>\n\t\t\t\t<a href='https:\/\/sarimelekler.biz\/?attachment_id=7263'><img loading=\"lazy\" decoding=\"async\" width=\"600\" height=\"337\" src=\"https:\/\/sarimelekler.biz\/wp-content\/uploads\/2018\/11\/cl2.png\" class=\"attachment-large size-large\" alt=\"\" srcset=\"https:\/\/sarimelekler.biz\/wp-content\/uploads\/2018\/11\/cl2.png 600w, https:\/\/sarimelekler.biz\/wp-content\/uploads\/2018\/11\/cl2-300x169.png 300w, https:\/\/sarimelekler.biz\/wp-content\/uploads\/2018\/11\/cl2-150x84.png 150w\" sizes=\"auto, (max-width: 600px) 100vw, 600px\" data-attachment-id=\"7263\" data-permalink=\"https:\/\/sarimelekler.biz\/?attachment_id=7263\" data-orig-file=\"https:\/\/sarimelekler.biz\/wp-content\/uploads\/2018\/11\/cl2.png\" data-orig-size=\"600,337\" data-comments-opened=\"0\" data-image-meta=\"{&quot;aperture&quot;:&quot;0&quot;,&quot;credit&quot;:&quot;&quot;,&quot;camera&quot;:&quot;&quot;,&quot;caption&quot;:&quot;&quot;,&quot;created_timestamp&quot;:&quot;0&quot;,&quot;copyright&quot;:&quot;&quot;,&quot;focal_length&quot;:&quot;0&quot;,&quot;iso&quot;:&quot;0&quot;,&quot;shutter_speed&quot;:&quot;0&quot;,&quot;title&quot;:&quot;&quot;,&quot;orientation&quot;:&quot;0&quot;}\" data-image-title=\"cl2\" data-image-description=\"\" data-image-caption=\"\" data-large-file=\"https:\/\/sarimelekler.biz\/wp-content\/uploads\/2018\/11\/cl2.png\" \/><\/a>\n\t\t\t<\/dt><\/dl>\n\t\t\t<br style='clear: both' \/>\n\t\t<\/div>\n\n<p>Kaynak:\u00a0<a href=\"https:\/\/www.fenerbahce.org\/detay.asp?ContentID=62274\" target=\"_blank\" rel=\"noopener\">Fenerbah\u00e7e SK Resmi \u0130nternet Sitesi<\/a><\/p>\n","protected":false},"excerpt":{"rendered":"<p>Fenerbah\u00e7e Kad\u0131n Voleybol Tak\u0131m\u0131m\u0131z\u0131n CEV \u015eampiyonlar Ligi\u2019ndeki rakipleri, Avrupa Voleybol \u2026 <a class=\"continue-reading-link\" href=\"https:\/\/sarimelekler.biz\/?p=7261\">Okumaya Devam Et.. <span class=\"meta-nav\">&rarr; <\/span><\/a><\/p>\n","protected":false},"author":1,"featured_media":7262,"comment_status":"closed","ping_status":"open","sticky":false,"template":"","format":"standard","meta":{"jetpack_post_was_ever_published":false,"_jetpack_newsletter_access":"","_jetpack_dont_email_post_to_subs":false,"_jetpack_newsletter_tier_id":0,"_jetpack_memberships_contains_paywalled_content":false,"_jetpack_memberships_contains_paid_content":false,"footnotes":"","jetpack_publicize_message":"","jetpack_publicize_feature_enabled":true,"jetpack_social_post_already_shared":true,"jetpack_social_options":{"image_generator_settings":{"template":"highway","default_image_id":0,"font":"","enabled":false},"version":2}},"categories":[1],"tags":[],"class_list":["post-7261","post","type-post","status-publish","format-standard","has-post-thumbnail","hentry","category-avp"],"jetpack_publicize_connections":[],"jetpack_featured_media_url":"https:\/\/sarimelekler.biz\/wp-content\/uploads\/2018\/11\/cl.jpg","jetpack_sharing_enabled":true,"jetpack_shortlink":"https:\/\/wp.me\/p8npUZ-1T7","jetpack-related-posts":[{"id":12231,"url":"https:\/\/sarimelekler.biz\/?p=12231","url_meta":{"origin":7261,"position":0},"title":"Sar\u0131 Meleklerin CEV \u015eampiyonlar Ligi\u2019ndeki Rakipleri Belli Oldu.","author":"Edit\u00f6r","date":"25 Ekim 2019","format":false,"excerpt":"CEV Kad\u0131nlar ve Erkekler \u015eampiyonlar Ligi kura \u00e7ekimi, Bulgaristan\u2019\u0131n ba\u015fkenti Sofya\u2019da d\u00fczenlenen Avrupa Voleybol Galas\u0131\u2019nda ger\u00e7ekle\u015ftirildi. Fenerbah\u00e7e Opet Kad\u0131n Voleybol Tak\u0131m\u0131m\u0131z, A Grubu\u2019nda Eczac\u0131ba\u015f\u0131 Vitra, Budowlani Lodz (Polonya) ve Salo (Finalndiya) ile e\u015fle\u015fti. Fenerbah\u00e7e HDI Sigorta Erkek Voleybol Tak\u0131m\u0131m\u0131z ise, A Grubu\u2019nda Cucine Lube Civitanova (\u0130talya), Jihostroj Ceske Budejovice (\u00c7ekya),\u2026","rel":"","context":"&quot;Avrupa Kupalar\u0131&quot; i\u00e7inde","block_context":{"text":"Avrupa Kupalar\u0131","link":"https:\/\/sarimelekler.biz\/?cat=1"},"img":{"alt_text":"","src":"https:\/\/i0.wp.com\/sarimelekler.biz\/wp-content\/uploads\/2017\/02\/2011-2012-%C5%9Famp.jpg?resize=350%2C200&ssl=1","width":350,"height":200},"classes":[]},{"id":16076,"url":"https:\/\/sarimelekler.biz\/?p=16076","url_meta":{"origin":7261,"position":1},"title":"CEV \u015eampiyonlar Ligi\u2019ndeki Rakiplerimiz Belli Oldu","author":"Edit\u00f6r","date":"24 Eyl\u00fcl 2021","format":false,"excerpt":"CEV Kad\u0131nlar ve Erkekler \u015eampiyonlar Ligi kura \u00e7ekimi, Slovenya\u2019n\u0131n ba\u015fkenti Ljubljana\u2019da d\u00fczenlenen organizasyonla ger\u00e7ekle\u015ftirildi. Kuraya birinci torbadan kat\u0131lan Fenerbah\u00e7e Opet Kad\u0131n Voleybol Tak\u0131m\u0131m\u0131z D Grubu\u2019nda Beziers Volley (Fransa), Maritza Plovdiv (Bulgaristan) Dinamo Kazan (Rusya) ile e\u015fle\u015fti. Kuraya ikinci torbadan kat\u0131lan Fenerbah\u00e7e HDI Sigorta Erkek Voleybol Tak\u0131m\u0131m\u0131z ise E Grubu\u2019nda Sir\u2026","rel":"","context":"&quot;Avrupa Kupalar\u0131&quot; i\u00e7inde","block_context":{"text":"Avrupa Kupalar\u0131","link":"https:\/\/sarimelekler.biz\/?cat=1"},"img":{"alt_text":"","src":"https:\/\/i0.wp.com\/sarimelekler.biz\/wp-content\/uploads\/2017\/11\/cev538_58025_6676227.jpg?resize=350%2C200&ssl=1","width":350,"height":200,"srcset":"https:\/\/i0.wp.com\/sarimelekler.biz\/wp-content\/uploads\/2017\/11\/cev538_58025_6676227.jpg?resize=350%2C200&ssl=1 1x, https:\/\/i0.wp.com\/sarimelekler.biz\/wp-content\/uploads\/2017\/11\/cev538_58025_6676227.jpg?resize=525%2C300&ssl=1 1.5x"},"classes":[]},{"id":13088,"url":"https:\/\/sarimelekler.biz\/?p=13088","url_meta":{"origin":7261,"position":2},"title":"Sar\u0131 Meleklerin \u015eampiyonlar Ligi \u00e7eyrek finalindeki rakibi \u0130talyan ekibi Igor Gorgonzola Novara oldu.","author":"Edit\u00f6r","date":"20 \u015eubat 2020","format":false,"excerpt":"Avrupa voleybolunun kul\u00fcpler d\u00fczeyindeki en \u00f6nemli organizasyonu olan CEV \u015eampiyonlar Ligi\u2019nde \u00e7eyrek final e\u015fle\u015fmelerinin kura \u00e7ekimi L\u00fcksemburg\u2019ta yap\u0131ld\u0131. Avrupa Voleybol Konfederasyonu (CEV)\u2019nun genel merkezinde ger\u00e7ekle\u015ftirilen kura \u00e7ekiminin ard\u0131ndan Fenerbah\u00e7e Opet Kad\u0131n Voleybol Tak\u0131m\u0131m\u0131z\u0131n \u00e7eyrek final turundaki rakibi \u0130talyan ekibi Igor Gorgonzola Novara oldu. 2020 CEV \u015eampiyonlar Ligi\u2019nde \u00e7eyrek final ilk\u2026","rel":"","context":"&quot;Avrupa Kupalar\u0131&quot; i\u00e7inde","block_context":{"text":"Avrupa Kupalar\u0131","link":"https:\/\/sarimelekler.biz\/?cat=1"},"img":{"alt_text":"","src":"https:\/\/i0.wp.com\/sarimelekler.biz\/wp-content\/uploads\/2017\/11\/cev538_58025_6676227.jpg?resize=350%2C200&ssl=1","width":350,"height":200,"srcset":"https:\/\/i0.wp.com\/sarimelekler.biz\/wp-content\/uploads\/2017\/11\/cev538_58025_6676227.jpg?resize=350%2C200&ssl=1 1x, https:\/\/i0.wp.com\/sarimelekler.biz\/wp-content\/uploads\/2017\/11\/cev538_58025_6676227.jpg?resize=525%2C300&ssl=1 1.5x"},"classes":[]},{"id":13722,"url":"https:\/\/sarimelekler.biz\/?p=13722","url_meta":{"origin":7261,"position":3},"title":"CEV \u015eampiyonlar Ligi\u2019ndeki Rakiplerimiz Belli Oldu","author":"Edit\u00f6r","date":"21 A\u011fustos 2020","format":false,"excerpt":"CEV Kad\u0131nlar ve Erkekler \u015eampiyonlar Ligi kura \u00e7ekimi, bug\u00fcn L\u00fcksemburg\u2019da bulunan Avrupa Yay\u0131n Merkezi\u2019nde ger\u00e7ekle\u015ftirildi. Fenerbah\u00e7e Opet Kad\u0131n Voleybol Tak\u0131m\u0131m\u0131z, B Grubu\u2019nda Imoco Conegliano (\u0130talya), VB Nantes (Fransa), Uralochka Ekaterinburg (Rusya) ile e\u015fle\u015fti. Fenerbah\u00e7e HDI Sigorta Erkek Voleybol Tak\u0131m\u0131m\u0131z ise, A Grubu\u2019nda ZAKSA Kedzierzyn-Kozle (Polonya), Lindemans Aalst (Bel\u00e7ika) ve PGE\u2026","rel":"","context":"&quot;Avrupa Kupalar\u0131&quot; i\u00e7inde","block_context":{"text":"Avrupa Kupalar\u0131","link":"https:\/\/sarimelekler.biz\/?cat=1"},"img":{"alt_text":"","src":"https:\/\/i0.wp.com\/sarimelekler.biz\/wp-content\/uploads\/2020\/08\/cev-logo-2020.jpg?resize=350%2C200&ssl=1","width":350,"height":200,"srcset":"https:\/\/i0.wp.com\/sarimelekler.biz\/wp-content\/uploads\/2020\/08\/cev-logo-2020.jpg?resize=350%2C200&ssl=1 1x, https:\/\/i0.wp.com\/sarimelekler.biz\/wp-content\/uploads\/2020\/08\/cev-logo-2020.jpg?resize=525%2C300&ssl=1 1.5x, https:\/\/i0.wp.com\/sarimelekler.biz\/wp-content\/uploads\/2020\/08\/cev-logo-2020.jpg?resize=700%2C400&ssl=1 2x, https:\/\/i0.wp.com\/sarimelekler.biz\/wp-content\/uploads\/2020\/08\/cev-logo-2020.jpg?resize=1050%2C600&ssl=1 3x"},"classes":[]},{"id":17327,"url":"https:\/\/sarimelekler.biz\/?p=17327","url_meta":{"origin":7261,"position":4},"title":"Sar\u0131 Meleklerin \u015eampiyonlar Ligi \u00c7eyrek Finaldeki Rakibi Rusya Temsilcisi Lokomotiv Kaliningrad Region Oldu","author":"Edit\u00f6r","date":"18 \u015eubat 2022","format":false,"excerpt":"Avrupa Voleybol Konfederasyonu (CEV)\u2019nun kul\u00fcpler d\u00fczeyindeki en prestijli organizasyonu \u015eampiyonlar Ligi\u2019nde m\u00fccadele eden Fenerbah\u00e7e Opet Kad\u0131n Voleybol Tak\u0131m\u0131m\u0131z\u0131n CEV Kad\u0131nlar \u015eampiyonlar Ligi \u00e7eyrek finaldeki rakibi belli oldu. L\u00fcksemburg\u2019ta bulunan CEV Genel Merkezi\u2019nde d\u00fczenlenen kura \u00e7ekimi sonunda rakibimiz A grubunu 4 galibiyet, 2 ma\u011flubiyetle ikinci s\u0131rada tamamlayan Rusya temsilcisi Lokomotiv Kaliningrad\u2026","rel":"","context":"&quot;Avrupa Kupalar\u0131&quot; i\u00e7inde","block_context":{"text":"Avrupa Kupalar\u0131","link":"https:\/\/sarimelekler.biz\/?cat=1"},"img":{"alt_text":"","src":"https:\/\/i0.wp.com\/sarimelekler.biz\/wp-content\/uploads\/2022\/02\/cev-2022-logo.jpg?resize=350%2C200&ssl=1","width":350,"height":200,"srcset":"https:\/\/i0.wp.com\/sarimelekler.biz\/wp-content\/uploads\/2022\/02\/cev-2022-logo.jpg?resize=350%2C200&ssl=1 1x, https:\/\/i0.wp.com\/sarimelekler.biz\/wp-content\/uploads\/2022\/02\/cev-2022-logo.jpg?resize=525%2C300&ssl=1 1.5x, https:\/\/i0.wp.com\/sarimelekler.biz\/wp-content\/uploads\/2022\/02\/cev-2022-logo.jpg?resize=700%2C400&ssl=1 2x, https:\/\/i0.wp.com\/sarimelekler.biz\/wp-content\/uploads\/2022\/02\/cev-2022-logo.jpg?resize=1050%2C600&ssl=1 3x"},"classes":[]},{"id":12404,"url":"https:\/\/sarimelekler.biz\/?p=12404","url_meta":{"origin":7261,"position":5},"title":"Fenerbah\u00e7e Opet, CEV \u015eampiyonlar Ligi\u2019ndeki ilk ma\u00e7\u0131na \u00e7\u0131k\u0131yor","author":"Edit\u00f6r","date":"18 Kas\u0131m 2019","format":false,"excerpt":"Kad\u0131n Voleybol Tak\u0131m\u0131m\u0131z Fenerbah\u00e7e Opet\u2019in 2019-2020 Sezonu CEV \u015eampiyonlar Ligi maceras\u0131 ba\u015fl\u0131yor. Tak\u0131m\u0131m\u0131z, CEV \u015eampiyonlar Ligi A Grubu ilk ma\u00e7\u0131nda yar\u0131n saat 17.30\u2019da deplasman tak\u0131m\u0131 olarak Eczac\u0131ba\u015f\u0131 Vitra ile kar\u015f\u0131la\u015facak. Burhan Felek Voleybol Salonu\u2019nda oynanacak m\u00fccadele Spor Smart\u2019tan canl\u0131 olarak ekranlara gelecek. Sar\u0131 Melekler, bir di\u011fer T\u00fcrk temsilcisi Eczaciba\u015f\u0131 Vitra,\u2026","rel":"","context":"&quot;Avrupa Kupalar\u0131&quot; i\u00e7inde","block_context":{"text":"Avrupa Kupalar\u0131","link":"https:\/\/sarimelekler.biz\/?cat=1"},"img":{"alt_text":"","src":"https:\/\/i0.wp.com\/sarimelekler.biz\/wp-content\/uploads\/2019\/10\/3-19-20-21.jpg?resize=350%2C200&ssl=1","width":350,"height":200,"srcset":"https:\/\/i0.wp.com\/sarimelekler.biz\/wp-content\/uploads\/2019\/10\/3-19-20-21.jpg?resize=350%2C200&ssl=1 1x, https:\/\/i0.wp.com\/sarimelekler.biz\/wp-content\/uploads\/2019\/10\/3-19-20-21.jpg?resize=525%2C300&ssl=1 1.5x, https:\/\/i0.wp.com\/sarimelekler.biz\/wp-content\/uploads\/2019\/10\/3-19-20-21.jpg?resize=700%2C400&ssl=1 2x, https:\/\/i0.wp.com\/sarimelekler.biz\/wp-content\/uploads\/2019\/10\/3-19-20-21.jpg?resize=1050%2C600&ssl=1 3x, https:\/\/i0.wp.com\/sarimelekler.biz\/wp-content\/uploads\/2019\/10\/3-19-20-21.jpg?resize=1400%2C800&ssl=1 4x"},"classes":[]}],"_links":{"self":[{"href":"https:\/\/sarimelekler.biz\/index.php?rest_route=\/wp\/v2\/posts\/7261","targetHints":{"allow":["GET"]}}],"collection":[{"href":"https:\/\/sarimelekler.biz\/index.php?rest_route=\/wp\/v2\/posts"}],"about":[{"href":"https:\/\/sarimelekler.biz\/index.php?rest_route=\/wp\/v2\/types\/post"}],"author":[{"embeddable":true,"href":"https:\/\/sarimelekler.biz\/index.php?rest_route=\/wp\/v2\/users\/1"}],"replies":[{"embeddable":true,"href":"https:\/\/sarimelekler.biz\/index.php?rest_route=%2Fwp%2Fv2%2Fcomments&post=7261"}],"version-history":[{"count":1,"href":"https:\/\/sarimelekler.biz\/index.php?rest_route=\/wp\/v2\/posts\/7261\/revisions"}],"predecessor-version":[{"id":7264,"href":"https:\/\/sarimelekler.biz\/index.php?rest_route=\/wp\/v2\/posts\/7261\/revisions\/7264"}],"wp:featuredmedia":[{"embeddable":true,"href":"https:\/\/sarimelekler.biz\/index.php?rest_route=\/wp\/v2\/media\/7262"}],"wp:attachment":[{"href":"https:\/\/sarimelekler.biz\/index.php?rest_route=%2Fwp%2Fv2%2Fmedia&parent=7261"}],"wp:term":[{"taxonomy":"category","embeddable":true,"href":"https:\/\/sarimelekler.biz\/index.php?rest_route=%2Fwp%2Fv2%2Fcategories&post=7261"},{"taxonomy":"post_tag","embeddable":true,"href":"https:\/\/sarimelekler.biz\/index.php?rest_route=%2Fwp%2Fv2%2Ftags&post=7261"}],"curies":[{"name":"wp","href":"https:\/\/api.w.org\/{rel}","templated":true}]}}