{"id":7493,"date":"2018-11-19T20:51:46","date_gmt":"2018-11-19T18:51:46","guid":{"rendered":"http:\/\/sarimelekler.biz\/?p=7493"},"modified":"2019-01-10T01:48:14","modified_gmt":"2019-01-09T22:48:14","slug":"dicle-nur-babat-14-16-programina-konuk-oldu","status":"publish","type":"post","link":"https:\/\/sarimelekler.biz\/?p=7493","title":{"rendered":"Dicle Nur Babat, 14\/16 Program\u0131na Konuk Oldu."},"content":{"rendered":"<p>Ba\u015far\u0131l\u0131 oyuncumuz Dicle Nur Babat FB Tv\u2019de yay\u0131nlanan 14\/16 program\u0131na konuk oldu.<\/p>\n<iframe loading=\"lazy\"  id=\"_ytid_81878\"  width=\"860\" height=\"484\"  data-origwidth=\"860\" data-origheight=\"484\" src=\"https:\/\/www.youtube.com\/embed\/3RlRPLK9NBk?enablejsapi=1&autoplay=0&cc_load_policy=0&cc_lang_pref=&iv_load_policy=1&loop=0&rel=1&fs=1&playsinline=0&autohide=2&theme=dark&color=red&controls=1&disablekb=0&\" class=\"__youtube_prefs__  no-lazyload\" title=\"YouTube player\"  allow=\"fullscreen; accelerometer; autoplay; clipboard-write; encrypted-media; gyroscope; picture-in-picture; web-share\" referrerpolicy=\"strict-origin-when-cross-origin\" allowfullscreen data-no-lazy=\"1\" data-skipgform_ajax_framebjll=\"\"><\/iframe>\n","protected":false},"excerpt":{"rendered":"<p>Ba\u015far\u0131l\u0131 oyuncumuz Dicle Nur Babat FB Tv\u2019de yay\u0131nlanan 14\/16 program\u0131na \u2026 <a class=\"continue-reading-link\" href=\"https:\/\/sarimelekler.biz\/?p=7493\">Okumaya Devam Et.. <span class=\"meta-nav\">&rarr; <\/span><\/a><\/p>\n","protected":false},"author":1,"featured_media":7494,"comment_status":"closed","ping_status":"open","sticky":false,"template":"","format":"standard","meta":{"jetpack_post_was_ever_published":false,"_jetpack_newsletter_access":"","_jetpack_dont_email_post_to_subs":false,"_jetpack_newsletter_tier_id":0,"_jetpack_memberships_contains_paywalled_content":false,"_jetpack_memberships_contains_paid_content":false,"footnotes":"","jetpack_publicize_message":"","jetpack_publicize_feature_enabled":true,"jetpack_social_post_already_shared":true,"jetpack_social_options":{"image_generator_settings":{"template":"highway","default_image_id":0,"font":"","enabled":false},"version":2}},"categories":[22],"tags":[],"class_list":["post-7493","post","type-post","status-publish","format-standard","has-post-thumbnail","hentry","category-video-programlar"],"jetpack_publicize_connections":[],"jetpack_featured_media_url":"https:\/\/sarimelekler.biz\/wp-content\/uploads\/2018\/11\/Dicle-FB-TV.jpg","jetpack_sharing_enabled":true,"jetpack_shortlink":"https:\/\/wp.me\/p8npUZ-1WR","jetpack-related-posts":[{"id":16009,"url":"https:\/\/sarimelekler.biz\/?p=16009","url_meta":{"origin":7493,"position":0},"title":"Dicle Nur Babat Topuk Yaylas\u0131 Kamp\u0131nda FB Tv\u2019ye Konuk Oldu","author":"Edit\u00f6r","date":"22 A\u011fustos 2021","format":false,"excerpt":"Yeni Sezon \u00e7al\u0131\u015fmalar\u0131n\u0131 Topuk Yaylas\u0131nda s\u00fcrd\u00fcren Fenerbah\u00e7e Opet Kad\u0131n Voleybol tak\u0131m\u0131m\u0131z\u0131n orta oyuncusu Dicle Nur Babat Fenerbah\u00e7e Televizyonunda yay\u0131nlanan Sma\u00e7\u00f6r program\u0131na konuk oldu. \u00a0 \u00a0 \u00a0 \u00a0 \u00a0 \u00a0 Bu g\u00f6nderiyi Instagram'da g\u00f6r \u00a0 \u00a0 \u00a0 \u00a0 \u00a0 \u00a0 \u00a0 \u00a0 \u00a0 \u00a0 \u00a0 Sar\u0131 Melekler (@sari_melekler)'in payla\u015ft\u0131\u011f\u0131 bir g\u00f6nderi\u2026","rel":"","context":"&quot;Video Programlar&quot; i\u00e7inde","block_context":{"text":"Video Programlar","link":"https:\/\/sarimelekler.biz\/?cat=22"},"img":{"alt_text":"","src":"https:\/\/i0.wp.com\/sarimelekler.biz\/wp-content\/uploads\/2021\/08\/Dicle-Smacor-21-22.jpg?resize=350%2C200&ssl=1","width":350,"height":200,"srcset":"https:\/\/i0.wp.com\/sarimelekler.biz\/wp-content\/uploads\/2021\/08\/Dicle-Smacor-21-22.jpg?resize=350%2C200&ssl=1 1x, https:\/\/i0.wp.com\/sarimelekler.biz\/wp-content\/uploads\/2021\/08\/Dicle-Smacor-21-22.jpg?resize=525%2C300&ssl=1 1.5x, https:\/\/i0.wp.com\/sarimelekler.biz\/wp-content\/uploads\/2021\/08\/Dicle-Smacor-21-22.jpg?resize=700%2C400&ssl=1 2x, https:\/\/i0.wp.com\/sarimelekler.biz\/wp-content\/uploads\/2021\/08\/Dicle-Smacor-21-22.jpg?resize=1050%2C600&ssl=1 3x, https:\/\/i0.wp.com\/sarimelekler.biz\/wp-content\/uploads\/2021\/08\/Dicle-Smacor-21-22.jpg?resize=1400%2C800&ssl=1 4x"},"classes":[]},{"id":13708,"url":"https:\/\/sarimelekler.biz\/?p=13708","url_meta":{"origin":7493,"position":1},"title":"Eda Erdem D\u00fcndar ve Dicle Nur Babat Topuk Yaylas\u0131 Kamp\u0131nda FB Tv&#8217;ye Konuk Oldular","author":"Edit\u00f6r","date":"28 Temmuz 2020","format":false,"excerpt":"Yeni Sezon \u00e7al\u0131\u015fmalar\u0131n\u0131 Topuk Yaylas\u0131nda s\u00fcrd\u00fcren Fenerbah\u00e7e Opet Kad\u0131n Voleybol tak\u0131m\u0131m\u0131z\u0131n kaptan\u0131 Eda Erdem D\u00fcndar ve orta oyuncumuz Dicle Nur Babat Fenerbah\u00e7e Televizyonunda yay\u0131nlanan G\u00fcncel program\u0131na konuk oldular. Bu g\u00f6nderiyi Instagram'da g\u00f6r Sar\u0131 Melekler (@sari_melekler)'in payla\u015ft\u0131\u011f\u0131 bir g\u00f6nderi (27 Tem, 2020, 12:42\u00f6s PDT) Kaynak: Fenerbah\u00e7e Televizyonu","rel":"","context":"&quot;Video Programlar&quot; i\u00e7inde","block_context":{"text":"Video Programlar","link":"https:\/\/sarimelekler.biz\/?cat=22"},"img":{"alt_text":"","src":"https:\/\/i0.wp.com\/sarimelekler.biz\/wp-content\/uploads\/2020\/07\/Topuk-Yaylas%C4%B1-20-21-28.jpg?resize=350%2C200&ssl=1","width":350,"height":200,"srcset":"https:\/\/i0.wp.com\/sarimelekler.biz\/wp-content\/uploads\/2020\/07\/Topuk-Yaylas%C4%B1-20-21-28.jpg?resize=350%2C200&ssl=1 1x, https:\/\/i0.wp.com\/sarimelekler.biz\/wp-content\/uploads\/2020\/07\/Topuk-Yaylas%C4%B1-20-21-28.jpg?resize=525%2C300&ssl=1 1.5x, https:\/\/i0.wp.com\/sarimelekler.biz\/wp-content\/uploads\/2020\/07\/Topuk-Yaylas%C4%B1-20-21-28.jpg?resize=700%2C400&ssl=1 2x, https:\/\/i0.wp.com\/sarimelekler.biz\/wp-content\/uploads\/2020\/07\/Topuk-Yaylas%C4%B1-20-21-28.jpg?resize=1050%2C600&ssl=1 3x, https:\/\/i0.wp.com\/sarimelekler.biz\/wp-content\/uploads\/2020\/07\/Topuk-Yaylas%C4%B1-20-21-28.jpg?resize=1400%2C800&ssl=1 4x"},"classes":[]},{"id":11457,"url":"https:\/\/sarimelekler.biz\/?p=11457","url_meta":{"origin":7493,"position":2},"title":"Dicle Nur Babat Omzundan Ameliyat Oldu.","author":"Edit\u00f6r","date":"25 A\u011fustos 2019","format":false,"excerpt":"Fenerbah\u00e7e Opet Kad\u0131n Voleybol Tak\u0131m\u0131m\u0131z\u0131n ba\u015far\u0131l\u0131 orta oyuncusu Dicle Nur Babat Liv Hospital\u2019da sa\u011f omzundan artroskopik omuz ameliyat\u0131 oldu. Dicle Nur Babat\u2019a ge\u00e7mi\u015f olsun diyor, en k\u0131sa s\u00fcrede eski sa\u011fl\u0131\u011f\u0131na kavu\u015fmas\u0131n\u0131 temenni ediyoruz. 25.08.2019","rel":"","context":"&quot;Haberler&quot; i\u00e7inde","block_context":{"text":"Haberler","link":"https:\/\/sarimelekler.biz\/?cat=7"},"img":{"alt_text":"","src":"https:\/\/i0.wp.com\/sarimelekler.biz\/wp-content\/uploads\/2019\/08\/Dicle-Ameliyat-kapak.jpg?resize=350%2C200&ssl=1","width":350,"height":200},"classes":[]},{"id":6748,"url":"https:\/\/sarimelekler.biz\/?p=6748","url_meta":{"origin":7493,"position":3},"title":"Fatma Y\u0131ld\u0131r\u0131m ve Dicle Nur Babat Yeni Sezonu De\u011ferlendirdi.","author":"Edit\u00f6r","date":"3 Eyl\u00fcl 2018","format":false,"excerpt":"Ba\u015far\u0131l\u0131 sma\u00e7\u00f6r Fatma Y\u0131ld\u0131r\u0131m ile Orta oyuncumuz Dicle Nur Babat sezonun ilk antrenman\u0131 sonras\u0131 Resmi Sitemize a\u00e7\u0131klamalarda bulundular. Fatma Y\u0131ld\u0131r\u0131m heyecanl\u0131 ve mutlu oldu\u011fu ifade etti. \u00d6nlerinde 2 ayl\u0131k bir haz\u0131rl\u0131k s\u00fcrecinin oldu\u011funu dile getiren Y\u0131ld\u0131r\u0131m, \"Uzun bir aran\u0131n ard\u0131ndan sezona ba\u015flamak g\u00fczel oldu. Yeni tak\u0131m ve heyecan. Fenerbah\u00e7e\u2019de oldu\u011fum\u2026","rel":"","context":"&quot;Haberler&quot; i\u00e7inde","block_context":{"text":"Haberler","link":"https:\/\/sarimelekler.biz\/?cat=7"},"img":{"alt_text":"","src":"https:\/\/i0.wp.com\/sarimelekler.biz\/wp-content\/uploads\/2018\/09\/Dicle-Fatma.jpg?resize=350%2C200&ssl=1","width":350,"height":200,"srcset":"https:\/\/i0.wp.com\/sarimelekler.biz\/wp-content\/uploads\/2018\/09\/Dicle-Fatma.jpg?resize=350%2C200&ssl=1 1x, https:\/\/i0.wp.com\/sarimelekler.biz\/wp-content\/uploads\/2018\/09\/Dicle-Fatma.jpg?resize=525%2C300&ssl=1 1.5x, https:\/\/i0.wp.com\/sarimelekler.biz\/wp-content\/uploads\/2018\/09\/Dicle-Fatma.jpg?resize=700%2C400&ssl=1 2x, https:\/\/i0.wp.com\/sarimelekler.biz\/wp-content\/uploads\/2018\/09\/Dicle-Fatma.jpg?resize=1050%2C600&ssl=1 3x, https:\/\/i0.wp.com\/sarimelekler.biz\/wp-content\/uploads\/2018\/09\/Dicle-Fatma.jpg?resize=1400%2C800&ssl=1 4x"},"classes":[]},{"id":22521,"url":"https:\/\/sarimelekler.biz\/?p=22521","url_meta":{"origin":7493,"position":4},"title":"Dicle Nur Babat Tekrar Tak\u0131m\u0131m\u0131za Kat\u0131ld\u0131","author":"Edit\u00f6r","date":"1 \u015eubat 2026","format":false,"excerpt":"Ge\u00e7ti\u011fimiz sezon sonunda tak\u0131m\u0131m\u0131zdan ayr\u0131larak Kuzeyboru tak\u0131m\u0131na transfer olan eski oyuncumuz Dicle Nur Babat tekrar tak\u0131m\u0131m\u0131za transfer oldu. Kendisine ba\u015far\u0131lar dileriz. Kul\u00fcb\u00fcm\u00fcz\u00fcn resmi internet sitesinde yap\u0131lan a\u00e7\u0131klama \u015f\u00f6yle: Fenerbah\u00e7e Medicana Kad\u0131n Voleybol Tak\u0131m\u0131m\u0131z, tecr\u00fcbeli orta oyuncu Dicle Nur Babat\u2019\u0131 kadrosuna katt\u0131. Fenerbah\u00e7e formas\u0131n\u0131 daha \u00f6nce 2014-2022 ve 2024-2025 sezonlar\u0131nda terleten\u2026","rel":"","context":"&quot;Transfer Haberleri&quot; i\u00e7inde","block_context":{"text":"Transfer Haberleri","link":"https:\/\/sarimelekler.biz\/?cat=23"},"img":{"alt_text":"","src":"https:\/\/i0.wp.com\/sarimelekler.biz\/wp-content\/uploads\/2021\/04\/Dicle-Nur-Babat.png?resize=350%2C200&ssl=1","width":350,"height":200,"srcset":"https:\/\/i0.wp.com\/sarimelekler.biz\/wp-content\/uploads\/2021\/04\/Dicle-Nur-Babat.png?resize=350%2C200&ssl=1 1x, https:\/\/i0.wp.com\/sarimelekler.biz\/wp-content\/uploads\/2021\/04\/Dicle-Nur-Babat.png?resize=525%2C300&ssl=1 1.5x, https:\/\/i0.wp.com\/sarimelekler.biz\/wp-content\/uploads\/2021\/04\/Dicle-Nur-Babat.png?resize=700%2C400&ssl=1 2x, https:\/\/i0.wp.com\/sarimelekler.biz\/wp-content\/uploads\/2021\/04\/Dicle-Nur-Babat.png?resize=1050%2C600&ssl=1 3x"},"classes":[]},{"id":6516,"url":"https:\/\/sarimelekler.biz\/?p=6516","url_meta":{"origin":7493,"position":5},"title":"Yeni Transferimiz S\u0131la \u00c7al\u0131\u015fkan FB Tv G\u00fcncel program\u0131na konuk oldu.","author":"Edit\u00f6r","date":"4 Temmuz 2018","format":false,"excerpt":"Yeni Transferimiz S\u0131la \u00c7al\u0131\u015fkan FB Tv G\u00fcncel program\u0131na konuk oldu. \u00a0 Kaynak: primarymaster","rel":"","context":"&quot;Video Programlar&quot; i\u00e7inde","block_context":{"text":"Video Programlar","link":"https:\/\/sarimelekler.biz\/?cat=22"},"img":{"alt_text":"","src":"https:\/\/i0.wp.com\/sarimelekler.biz\/wp-content\/uploads\/2018\/07\/36507713_10155662487336903_1059824875830509568_n.jpg?resize=350%2C200&ssl=1","width":350,"height":200,"srcset":"https:\/\/i0.wp.com\/sarimelekler.biz\/wp-content\/uploads\/2018\/07\/36507713_10155662487336903_1059824875830509568_n.jpg?resize=350%2C200&ssl=1 1x, https:\/\/i0.wp.com\/sarimelekler.biz\/wp-content\/uploads\/2018\/07\/36507713_10155662487336903_1059824875830509568_n.jpg?resize=525%2C300&ssl=1 1.5x, https:\/\/i0.wp.com\/sarimelekler.biz\/wp-content\/uploads\/2018\/07\/36507713_10155662487336903_1059824875830509568_n.jpg?resize=700%2C400&ssl=1 2x"},"classes":[]}],"_links":{"self":[{"href":"https:\/\/sarimelekler.biz\/index.php?rest_route=\/wp\/v2\/posts\/7493","targetHints":{"allow":["GET"]}}],"collection":[{"href":"https:\/\/sarimelekler.biz\/index.php?rest_route=\/wp\/v2\/posts"}],"about":[{"href":"https:\/\/sarimelekler.biz\/index.php?rest_route=\/wp\/v2\/types\/post"}],"author":[{"embeddable":true,"href":"https:\/\/sarimelekler.biz\/index.php?rest_route=\/wp\/v2\/users\/1"}],"replies":[{"embeddable":true,"href":"https:\/\/sarimelekler.biz\/index.php?rest_route=%2Fwp%2Fv2%2Fcomments&post=7493"}],"version-history":[{"count":1,"href":"https:\/\/sarimelekler.biz\/index.php?rest_route=\/wp\/v2\/posts\/7493\/revisions"}],"predecessor-version":[{"id":7495,"href":"https:\/\/sarimelekler.biz\/index.php?rest_route=\/wp\/v2\/posts\/7493\/revisions\/7495"}],"wp:featuredmedia":[{"embeddable":true,"href":"https:\/\/sarimelekler.biz\/index.php?rest_route=\/wp\/v2\/media\/7494"}],"wp:attachment":[{"href":"https:\/\/sarimelekler.biz\/index.php?rest_route=%2Fwp%2Fv2%2Fmedia&parent=7493"}],"wp:term":[{"taxonomy":"category","embeddable":true,"href":"https:\/\/sarimelekler.biz\/index.php?rest_route=%2Fwp%2Fv2%2Fcategories&post=7493"},{"taxonomy":"post_tag","embeddable":true,"href":"https:\/\/sarimelekler.biz\/index.php?rest_route=%2Fwp%2Fv2%2Ftags&post=7493"}],"curies":[{"name":"wp","href":"https:\/\/api.w.org\/{rel}","templated":true}]}}