{"id":9410,"date":"2018-12-19T17:01:34","date_gmt":"2018-12-19T15:01:34","guid":{"rendered":"http:\/\/sarimelekler.biz\/?p=9410"},"modified":"2018-12-19T17:02:53","modified_gmt":"2018-12-19T15:02:53","slug":"eda-erdem-dundar-ve-ana-antonijevicten-chemik-police-maci-oncesi-aciklamalar","status":"publish","type":"post","link":"https:\/\/sarimelekler.biz\/?p=9410","title":{"rendered":"Eda Erdem D\u00fcndar ve Ana Antonijevic\u2019ten Chemik Police ma\u00e7\u0131 \u00f6ncesi a\u00e7\u0131klamalar"},"content":{"rendered":"<p style=\"text-align: justify;\">Kad\u0131n Voleybol Tak\u0131m\u0131m\u0131z Fenerbah\u00e7e OPET&#8217;in CEV Kad\u0131nlar \u015eampiyonlar Ligi E Grubu 2.haftas\u0131nda Chemik Police ile bug\u00fcn oynayaca\u011f\u0131 ma\u00e7 \u00f6ncesi Kaptan\u0131m\u0131z Eda Erdem D\u00fcndar ve Ana Antonijevic, Fenerbah\u00e7e Spor Kul\u00fcb\u00fcm\u00fcz resmi sitemize a\u00e7\u0131klamalarda bulundu.<\/p>\n<p style=\"text-align: justify;\">Kaptan Eda Erdem D\u00fcndar taraftarlar varken daha iyi voleybol oynad\u0131klar\u0131n\u0131 vurgularken, Antonijevic hedeflerinin grupta birinci olarak bir \u00fcst tura \u00e7\u0131kmak oldu\u011funu belirtti.<\/p>\n<p style=\"text-align: justify;\"><strong>Eda Erdem: \u0130n\u015fallah sahadan g\u00fczel voleybolla, galibiyetle ayr\u0131l\u0131r\u0131z<\/strong><\/p>\n<p style=\"text-align: justify;\">Kaptan\u0131m\u0131z Eda Erdem D\u00fcndar \u015eampiyonlar Ligi\u2019ne g\u00fczel bir ba\u015flang\u0131\u00e7 yapt\u0131klar\u0131na de\u011finirken, &#8220;Bu ba\u015flang\u0131c\u0131 devam ettirmek istiyoruz. Chemik Police ge\u00e7mi\u015f y\u0131llara g\u00f6re daha yeni bir ekip, daha gen\u00e7 oyunculardan kurulu. Onlarda grupta ilk ma\u00e7lar\u0131n\u0131 kaybettiler. G\u00fczel bir ma\u00e7 olacak diye \u00fcmit ediyorum. \u0130n\u015fallah sahadan g\u00fczel voleybolla, galibiyetle ayr\u0131l\u0131r\u0131z. Taraftarlar\u0131m\u0131z\u0131 her ma\u00e7a bekliyoruz. Bizi yaln\u0131z b\u0131rakmas\u0131nlar, bizi desteklesinler. Onlar varken biz daha iyi voleybol oynuyoruz.&#8221; ifadelerini kulland\u0131.<\/p>\n<p style=\"text-align: justify;\"><strong>Ana Antonijevic: Hedefimiz grupta birinci olup bir \u00fcst tura \u00e7\u0131kmak<\/strong><\/p>\n<p style=\"text-align: justify;\">Ana Antonijevic ise, &#8220;Dinamo Moskova ma\u00e7\u0131n\u0131 kazand\u0131\u011f\u0131m\u0131z i\u00e7in daha b\u00fcy\u00fck bir motivasyonla sahaya \u00e7\u0131kaca\u011f\u0131z. Rakibimizi analiz ettik ve tan\u0131yoruz. Bizim hedefimiz grupta birinci olup bir \u00fcst tura \u00e7\u0131kmak. Bunun i\u00e7in de \u00e7al\u0131\u015fmalar\u0131m\u0131za ciddi \u015fekilde devam ediyoruz.&#8221; dedi.<\/p>\n\n\t\t<style type=\"text\/css\">\n\t\t\t#gallery-1 {\n\t\t\t\tmargin: auto;\n\t\t\t}\n\t\t\t#gallery-1 .gallery-item {\n\t\t\t\tfloat: left;\n\t\t\t\tmargin-top: 10px;\n\t\t\t\ttext-align: center;\n\t\t\t\twidth: 33%;\n\t\t\t}\n\t\t\t#gallery-1 img {\n\t\t\t\tborder: 2px solid #cfcfcf;\n\t\t\t}\n\t\t\t#gallery-1 .gallery-caption {\n\t\t\t\tmargin-left: 0;\n\t\t\t}\n\t\t\t\/* see gallery_shortcode() in wp-includes\/media.php *\/\n\t\t<\/style>\n\t\t<div data-carousel-extra='{&quot;blog_id&quot;:1,&quot;permalink&quot;:&quot;https:\/\/sarimelekler.biz\/?p=9410&quot;}' id='gallery-1' class='gallery galleryid-9410 gallery-columns-3 gallery-size-large'><dl class='gallery-item'>\n\t\t\t<dt class='gallery-icon landscape'>\n\t\t\t\t<a href='https:\/\/sarimelekler.biz\/?attachment_id=9411'><img loading=\"lazy\" decoding=\"async\" width=\"860\" height=\"706\" src=\"https:\/\/sarimelekler.biz\/wp-content\/uploads\/2018\/12\/Chemik-1-1024x841.jpg\" class=\"attachment-large size-large\" alt=\"\" srcset=\"https:\/\/sarimelekler.biz\/wp-content\/uploads\/2018\/12\/Chemik-1-1024x841.jpg 1024w, https:\/\/sarimelekler.biz\/wp-content\/uploads\/2018\/12\/Chemik-1-300x246.jpg 300w, https:\/\/sarimelekler.biz\/wp-content\/uploads\/2018\/12\/Chemik-1-768x631.jpg 768w, https:\/\/sarimelekler.biz\/wp-content\/uploads\/2018\/12\/Chemik-1-150x123.jpg 150w\" sizes=\"auto, (max-width: 860px) 100vw, 860px\" data-attachment-id=\"9411\" data-permalink=\"https:\/\/sarimelekler.biz\/?attachment_id=9411\" data-orig-file=\"https:\/\/sarimelekler.biz\/wp-content\/uploads\/2018\/12\/Chemik-1.jpg\" data-orig-size=\"2500,2054\" data-comments-opened=\"0\" data-image-meta=\"{&quot;aperture&quot;:&quot;3.5&quot;,&quot;credit&quot;:&quot;&quot;,&quot;camera&quot;:&quot;Canon EOS-1D X&quot;,&quot;caption&quot;:&quot;&quot;,&quot;created_timestamp&quot;:&quot;1544975883&quot;,&quot;copyright&quot;:&quot;&quot;,&quot;focal_length&quot;:&quot;70&quot;,&quot;iso&quot;:&quot;640&quot;,&quot;shutter_speed&quot;:&quot;0.004&quot;,&quot;title&quot;:&quot;&quot;,&quot;orientation&quot;:&quot;1&quot;}\" data-image-title=\"Chemik (1)\" data-image-description=\"\" data-image-caption=\"\" data-large-file=\"https:\/\/sarimelekler.biz\/wp-content\/uploads\/2018\/12\/Chemik-1-1024x841.jpg\" \/><\/a>\n\t\t\t<\/dt><\/dl><dl class='gallery-item'>\n\t\t\t<dt class='gallery-icon landscape'>\n\t\t\t\t<a href='https:\/\/sarimelekler.biz\/?attachment_id=9412'><img loading=\"lazy\" decoding=\"async\" width=\"860\" height=\"684\" src=\"https:\/\/sarimelekler.biz\/wp-content\/uploads\/2018\/12\/Chemik-2-1024x814.jpg\" class=\"attachment-large size-large\" alt=\"\" srcset=\"https:\/\/sarimelekler.biz\/wp-content\/uploads\/2018\/12\/Chemik-2-1024x814.jpg 1024w, https:\/\/sarimelekler.biz\/wp-content\/uploads\/2018\/12\/Chemik-2-300x238.jpg 300w, https:\/\/sarimelekler.biz\/wp-content\/uploads\/2018\/12\/Chemik-2-768x610.jpg 768w, https:\/\/sarimelekler.biz\/wp-content\/uploads\/2018\/12\/Chemik-2-150x119.jpg 150w\" sizes=\"auto, (max-width: 860px) 100vw, 860px\" data-attachment-id=\"9412\" data-permalink=\"https:\/\/sarimelekler.biz\/?attachment_id=9412\" data-orig-file=\"https:\/\/sarimelekler.biz\/wp-content\/uploads\/2018\/12\/Chemik-2.jpg\" data-orig-size=\"2500,1987\" data-comments-opened=\"0\" data-image-meta=\"{&quot;aperture&quot;:&quot;3.5&quot;,&quot;credit&quot;:&quot;&quot;,&quot;camera&quot;:&quot;Canon EOS-1D X&quot;,&quot;caption&quot;:&quot;&quot;,&quot;created_timestamp&quot;:&quot;1544975870&quot;,&quot;copyright&quot;:&quot;&quot;,&quot;focal_length&quot;:&quot;70&quot;,&quot;iso&quot;:&quot;640&quot;,&quot;shutter_speed&quot;:&quot;0.004&quot;,&quot;title&quot;:&quot;&quot;,&quot;orientation&quot;:&quot;1&quot;}\" data-image-title=\"Chemik (2)\" data-image-description=\"\" data-image-caption=\"\" data-large-file=\"https:\/\/sarimelekler.biz\/wp-content\/uploads\/2018\/12\/Chemik-2-1024x814.jpg\" \/><\/a>\n\t\t\t<\/dt><\/dl>\n\t\t\t<br style='clear: both' \/>\n\t\t<\/div>\n\n<p>Kaynak:\u00a0<a href=\"https:\/\/www.fenerbahce.org\/detay.asp?ContentID=62857\" target=\"_blank\" rel=\"noopener\">Fenerbah\u00e7e SK Resmi \u0130nternet Sitesi<\/a><\/p>\n","protected":false},"excerpt":{"rendered":"<p>Kad\u0131n Voleybol Tak\u0131m\u0131m\u0131z Fenerbah\u00e7e OPET&#8217;in CEV Kad\u0131nlar \u015eampiyonlar Ligi E \u2026 <a class=\"continue-reading-link\" href=\"https:\/\/sarimelekler.biz\/?p=9410\">Okumaya Devam Et.. <span class=\"meta-nav\">&rarr; <\/span><\/a><\/p>\n","protected":false},"author":1,"featured_media":9412,"comment_status":"closed","ping_status":"open","sticky":false,"template":"","format":"standard","meta":{"jetpack_post_was_ever_published":false,"_jetpack_newsletter_access":"","_jetpack_dont_email_post_to_subs":false,"_jetpack_newsletter_tier_id":0,"_jetpack_memberships_contains_paywalled_content":false,"_jetpack_memberships_contains_paid_content":false,"footnotes":"","jetpack_publicize_message":"","jetpack_publicize_feature_enabled":true,"jetpack_social_post_already_shared":true,"jetpack_social_options":{"image_generator_settings":{"template":"highway","default_image_id":0,"font":"","enabled":false},"version":2}},"categories":[1],"tags":[],"class_list":["post-9410","post","type-post","status-publish","format-standard","has-post-thumbnail","hentry","category-avp"],"jetpack_publicize_connections":[],"jetpack_featured_media_url":"https:\/\/sarimelekler.biz\/wp-content\/uploads\/2018\/12\/Chemik-2.jpg","jetpack_sharing_enabled":true,"jetpack_shortlink":"https:\/\/wp.me\/p8npUZ-2rM","jetpack-related-posts":[{"id":9599,"url":"https:\/\/sarimelekler.biz\/?p=9599","url_meta":{"origin":9410,"position":0},"title":"Halkbank Ma\u00e7\u0131 Sonras\u0131 R\u00f6portajlar","author":"Edit\u00f6r","date":"24 Aral\u0131k 2018","format":false,"excerpt":"Kaptan\u0131m\u0131z Eda ve Ba\u015fantren\u00f6r\u00fcm\u00fcz Terzic bug\u00fcn oynanan Halkbank ma\u00e7\u0131 sonras\u0131 kul\u00fcb\u00fcm\u00fcz\u00fcn televizyon kanal\u0131na yapt\u0131\u011f\u0131 a\u00e7\u0131klamalar kul\u00fcb\u00fcm\u00fcz\u00fcn resmi internet sitesine yay\u0131nland\u0131. Eda Erdem D\u00fcndar: Keyif veren bir voleybol oynad\u0131k Fenerbah\u00e7e Opet Kad\u0131n Voleybol Tak\u0131m\u0131m\u0131z\u0131n kaptan\u0131 Eda Erdem D\u00fcndar, Halkbank kar\u015f\u0131s\u0131nda iyi servis att\u0131klar\u0131n\u0131 ve iyi savunma yapt\u0131klar\u0131n\u0131 s\u00f6yledi. Keyif veren bir\u2026","rel":"","context":"&quot;T\u00fcrkiye Ligi&quot; i\u00e7inde","block_context":{"text":"T\u00fcrkiye Ligi","link":"https:\/\/sarimelekler.biz\/?cat=6"},"img":{"alt_text":"","src":"https:\/\/i0.wp.com\/sarimelekler.biz\/wp-content\/uploads\/2018\/12\/Eda-11-18-19.jpg?resize=350%2C200&ssl=1","width":350,"height":200,"srcset":"https:\/\/i0.wp.com\/sarimelekler.biz\/wp-content\/uploads\/2018\/12\/Eda-11-18-19.jpg?resize=350%2C200&ssl=1 1x, https:\/\/i0.wp.com\/sarimelekler.biz\/wp-content\/uploads\/2018\/12\/Eda-11-18-19.jpg?resize=525%2C300&ssl=1 1.5x, https:\/\/i0.wp.com\/sarimelekler.biz\/wp-content\/uploads\/2018\/12\/Eda-11-18-19.jpg?resize=700%2C400&ssl=1 2x, https:\/\/i0.wp.com\/sarimelekler.biz\/wp-content\/uploads\/2018\/12\/Eda-11-18-19.jpg?resize=1050%2C600&ssl=1 3x"},"classes":[]},{"id":12406,"url":"https:\/\/sarimelekler.biz\/?p=12406","url_meta":{"origin":9410,"position":1},"title":"Eda Erdem D\u00fcndar ve Naz Aydemir Akyol, Eczac\u0131ba\u015f\u0131 Vitra ma\u00e7\u0131 \u00f6ncesi a\u00e7\u0131klamalarda bulundu","author":"Edit\u00f6r","date":"18 Kas\u0131m 2019","format":false,"excerpt":"Kad\u0131n Voleybol Tak\u0131m\u0131m\u0131z Fenerbah\u00e7e Opet, CEV \u015eampiyonlar Ligi A Grubu ilk ma\u00e7\u0131nda yar\u0131n saat 17.30\u2019da Eczac\u0131ba\u015f\u0131 Vitra ile kar\u015f\u0131la\u015facak. Kaptan Eda Erdem D\u00fcndar ve oyuncumuz Naz Aydemir Akyol bu ma\u00e7 \u00f6ncesinde kul\u00fcb\u00fcm\u00fcz\u00fcn resmi internet sitesine a\u00e7\u0131klamalarda bulundu. \u015eampiyonlar Ligi\u2019ni \u00e7ok \u00f6zlediklerini ifade eden Kaptan Eda Erdem D\u00fcndar, \u201cGrubun en zorlu\u2026","rel":"","context":"&quot;Avrupa Kupalar\u0131&quot; i\u00e7inde","block_context":{"text":"Avrupa Kupalar\u0131","link":"https:\/\/sarimelekler.biz\/?cat=1"},"img":{"alt_text":"","src":"https:\/\/i0.wp.com\/sarimelekler.biz\/wp-content\/uploads\/2019\/11\/Eda-Naz-CL-1-A%C3%A7%C4%B1klama-1.jpg?resize=350%2C200&ssl=1","width":350,"height":200,"srcset":"https:\/\/i0.wp.com\/sarimelekler.biz\/wp-content\/uploads\/2019\/11\/Eda-Naz-CL-1-A%C3%A7%C4%B1klama-1.jpg?resize=350%2C200&ssl=1 1x, https:\/\/i0.wp.com\/sarimelekler.biz\/wp-content\/uploads\/2019\/11\/Eda-Naz-CL-1-A%C3%A7%C4%B1klama-1.jpg?resize=525%2C300&ssl=1 1.5x, https:\/\/i0.wp.com\/sarimelekler.biz\/wp-content\/uploads\/2019\/11\/Eda-Naz-CL-1-A%C3%A7%C4%B1klama-1.jpg?resize=700%2C400&ssl=1 2x, https:\/\/i0.wp.com\/sarimelekler.biz\/wp-content\/uploads\/2019\/11\/Eda-Naz-CL-1-A%C3%A7%C4%B1klama-1.jpg?resize=1050%2C600&ssl=1 3x, https:\/\/i0.wp.com\/sarimelekler.biz\/wp-content\/uploads\/2019\/11\/Eda-Naz-CL-1-A%C3%A7%C4%B1klama-1.jpg?resize=1400%2C800&ssl=1 4x"},"classes":[]},{"id":7259,"url":"https:\/\/sarimelekler.biz\/?p=7259","url_meta":{"origin":9410,"position":2},"title":"Kaptan\u0131m\u0131z Eda ve Ba\u015fantren\u00f6r\u00fcm\u00fcz Terzic&#8217;in Ma\u00e7 Sonu R\u00f6portaj\u0131","author":"Edit\u00f6r","date":"2 Kas\u0131m 2018","format":false,"excerpt":"Eda Erdem D\u00fcndar: Sezona g\u00fczel ba\u015flad\u0131k Fenerbah\u00e7e Kad\u0131n Voleybol Tak\u0131m\u0131m\u0131z\u0131n kaptan\u0131 Eda Erdem D\u00fcndar, 3-0\u2019l\u0131k Be\u015fikta\u015f galibiyetini yay\u0131nc\u0131 kurulu\u015fa de\u011ferlendirdi. Oynad\u0131klar\u0131 oyundan keyif ald\u0131klar\u0131n\u0131 s\u00f6yleyen kaptan Eda, \u201cSezona derbiyle ba\u015flad\u0131k. 3-0, g\u00fczel sonu\u00e7. Daha da iyi oynayabilirdik. Be\u015fikta\u015f\u2019\u0131 da tebrik ediyorum. \u0130yi m\u00fccadele ettiler. Setler aras\u0131nda d\u00fc\u015f\u00fc\u015flerimiz oldu. Genelde iyi\u2026","rel":"","context":"&quot;T\u00fcrkiye Ligi&quot; i\u00e7inde","block_context":{"text":"T\u00fcrkiye Ligi","link":"https:\/\/sarimelekler.biz\/?cat=6"},"img":{"alt_text":"","src":"https:\/\/i0.wp.com\/sarimelekler.biz\/wp-content\/uploads\/2018\/11\/1-18-19-33.jpg?resize=350%2C200&ssl=1","width":350,"height":200,"srcset":"https:\/\/i0.wp.com\/sarimelekler.biz\/wp-content\/uploads\/2018\/11\/1-18-19-33.jpg?resize=350%2C200&ssl=1 1x, https:\/\/i0.wp.com\/sarimelekler.biz\/wp-content\/uploads\/2018\/11\/1-18-19-33.jpg?resize=525%2C300&ssl=1 1.5x, https:\/\/i0.wp.com\/sarimelekler.biz\/wp-content\/uploads\/2018\/11\/1-18-19-33.jpg?resize=700%2C400&ssl=1 2x, https:\/\/i0.wp.com\/sarimelekler.biz\/wp-content\/uploads\/2018\/11\/1-18-19-33.jpg?resize=1050%2C600&ssl=1 3x, https:\/\/i0.wp.com\/sarimelekler.biz\/wp-content\/uploads\/2018\/11\/1-18-19-33.jpg?resize=1400%2C800&ssl=1 4x"},"classes":[]},{"id":15528,"url":"https:\/\/sarimelekler.biz\/?p=15528","url_meta":{"origin":9410,"position":3},"title":"KAPTANIMIZ \u201cEDA ERDEM D\u00dcNDAR\u201d 3 YIL DAHA B\u0130Z\u0130MLE","author":"Edit\u00f6r","date":"30 Mart 2021","format":false,"excerpt":"Kul\u00fcb\u00fcm\u00fcz\u00fcn resmi internet sitesinden yap\u0131lan a\u00e7\u0131klamada Fenerbah\u00e7e tak\u0131m\u0131m\u0131z\u0131n formas\u0131n\u0131 2008-09 sezonundan bu yana ba\u015far\u0131yla terleten, armam\u0131z\u0131 gururla ta\u015f\u0131yan Kaptan\u0131m\u0131z Eda Erdem D\u00fcndar\u2019\u0131n 2021\u2019de biten s\u00f6zle\u015fmesinin 3 y\u0131l daha uzat\u0131ld\u0131\u011f\u0131n\u0131 duyurdu. \u00c7ubuklu formam\u0131z\u0131 her zaman ruhu ve aidiyetiyle ta\u015f\u0131yan kaptan Eda Erdem D\u00fcndar\u2019a, Fenerbah\u00e7e Opet formas\u0131 alt\u0131nda nice b\u00fcy\u00fck ba\u015far\u0131lar ve\u2026","rel":"","context":"&quot;Transfer Haberleri&quot; i\u00e7inde","block_context":{"text":"Transfer Haberleri","link":"https:\/\/sarimelekler.biz\/?cat=23"},"img":{"alt_text":"","src":"https:\/\/i0.wp.com\/sarimelekler.biz\/wp-content\/uploads\/2018\/06\/Eda-Kaptan.jpg?resize=350%2C200&ssl=1","width":350,"height":200,"srcset":"https:\/\/i0.wp.com\/sarimelekler.biz\/wp-content\/uploads\/2018\/06\/Eda-Kaptan.jpg?resize=350%2C200&ssl=1 1x, https:\/\/i0.wp.com\/sarimelekler.biz\/wp-content\/uploads\/2018\/06\/Eda-Kaptan.jpg?resize=525%2C300&ssl=1 1.5x, https:\/\/i0.wp.com\/sarimelekler.biz\/wp-content\/uploads\/2018\/06\/Eda-Kaptan.jpg?resize=700%2C400&ssl=1 2x, https:\/\/i0.wp.com\/sarimelekler.biz\/wp-content\/uploads\/2018\/06\/Eda-Kaptan.jpg?resize=1050%2C600&ssl=1 3x, https:\/\/i0.wp.com\/sarimelekler.biz\/wp-content\/uploads\/2018\/06\/Eda-Kaptan.jpg?resize=1400%2C800&ssl=1 4x"},"classes":[]},{"id":3516,"url":"https:\/\/sarimelekler.biz\/?p=3516","url_meta":{"origin":9410,"position":4},"title":"Eda Erdem D\u00fcndar: &#8220;Tak\u0131m oyunu oynayarak ba\u015fard\u0131k&#8221;","author":"Edit\u00f6r","date":"23 Mart 2017","format":false,"excerpt":"CEV \u015eampiyonlar Ligi 6'l\u0131 Play Off turu ilk ma\u00e7\u0131 olan Eczac\u0131ba\u015f\u0131 VitrA kar\u015f\u0131s\u0131nda \u00f6zellikle bloklar\u0131yla galibiyette \u00f6nemli bir rol oynayan kaptan Eda Erdem D\u00fcndar, tak\u0131m oyunu oynayarak galibiyete ula\u015ft\u0131klar\u0131n\u0131 s\u00f6yledi. Rakipteki oyuncular \u00e7ok iyi orta oyuncular. Onlar da biz de \u00e7ok istedik. Tak\u0131m oyunu oynayarak ba\u015fard\u0131k. Her \u015feyimle tak\u0131m\u0131ma yard\u0131mc\u0131\u2026","rel":"","context":"&quot;Avrupa Kupalar\u0131&quot; i\u00e7inde","block_context":{"text":"Avrupa Kupalar\u0131","link":"https:\/\/sarimelekler.biz\/?cat=1"},"img":{"alt_text":"","src":"https:\/\/i0.wp.com\/sarimelekler.biz\/wp-content\/uploads\/2017\/03\/cats.jpg?resize=350%2C200&ssl=1","width":350,"height":200,"srcset":"https:\/\/i0.wp.com\/sarimelekler.biz\/wp-content\/uploads\/2017\/03\/cats.jpg?resize=350%2C200&ssl=1 1x, https:\/\/i0.wp.com\/sarimelekler.biz\/wp-content\/uploads\/2017\/03\/cats.jpg?resize=525%2C300&ssl=1 1.5x, https:\/\/i0.wp.com\/sarimelekler.biz\/wp-content\/uploads\/2017\/03\/cats.jpg?resize=700%2C400&ssl=1 2x, https:\/\/i0.wp.com\/sarimelekler.biz\/wp-content\/uploads\/2017\/03\/cats.jpg?resize=1050%2C600&ssl=1 3x, https:\/\/i0.wp.com\/sarimelekler.biz\/wp-content\/uploads\/2017\/03\/cats.jpg?resize=1400%2C800&ssl=1 4x"},"classes":[]},{"id":12679,"url":"https:\/\/sarimelekler.biz\/?p=12679","url_meta":{"origin":9410,"position":5},"title":"Simla T\u00fcrker Bayaz\u0131t: Bu ba\u015far\u0131 T\u00fcrkiye\u2019nin, T\u00fcrk kad\u0131n\u0131n\u0131n, T\u00fcrk sporunun ba\u015far\u0131s\u0131d\u0131r","author":"Edit\u00f6r","date":"15 Ocak 2020","format":false,"excerpt":"2020 Tokyo Olimpiyatlar\u0131\u2019na kat\u0131lma hakk\u0131n\u0131 elde ederek \u00fclkemizi sevince bo\u011fan ve bu gururu bizlere bir kez daha ya\u015fatan A Milli Kad\u0131n Voleybol Tak\u0131m\u0131m\u0131z\u0131, turnuvan\u0131n ev sahipli\u011fi yapt\u0131\u011f\u0131 Hollanda\u2019da yaln\u0131z b\u0131rakmayan Y\u00f6netim Kurulu \u00dcyemiz Simla T\u00fcrker Bayaz\u0131t, Fenerbah\u00e7e Televizyonu\u2019na turnuvaya dair a\u00e7\u0131klamalarda bulundu. A Milli Kad\u0131n Voleybol Tak\u0131m\u0131m\u0131z\u0131n ba\u015far\u0131s\u0131n\u0131 T\u00fcrkiye\u2019nin, T\u00fcrk\u2026","rel":"","context":"&quot;Haberler&quot; i\u00e7inde","block_context":{"text":"Haberler","link":"https:\/\/sarimelekler.biz\/?cat=7"},"img":{"alt_text":"","src":"https:\/\/i0.wp.com\/sarimelekler.biz\/wp-content\/uploads\/2020\/01\/Eda-Onurland%C4%B1rma-13.jpg?resize=350%2C200&ssl=1","width":350,"height":200,"srcset":"https:\/\/i0.wp.com\/sarimelekler.biz\/wp-content\/uploads\/2020\/01\/Eda-Onurland%C4%B1rma-13.jpg?resize=350%2C200&ssl=1 1x, https:\/\/i0.wp.com\/sarimelekler.biz\/wp-content\/uploads\/2020\/01\/Eda-Onurland%C4%B1rma-13.jpg?resize=525%2C300&ssl=1 1.5x, https:\/\/i0.wp.com\/sarimelekler.biz\/wp-content\/uploads\/2020\/01\/Eda-Onurland%C4%B1rma-13.jpg?resize=700%2C400&ssl=1 2x, https:\/\/i0.wp.com\/sarimelekler.biz\/wp-content\/uploads\/2020\/01\/Eda-Onurland%C4%B1rma-13.jpg?resize=1050%2C600&ssl=1 3x, https:\/\/i0.wp.com\/sarimelekler.biz\/wp-content\/uploads\/2020\/01\/Eda-Onurland%C4%B1rma-13.jpg?resize=1400%2C800&ssl=1 4x"},"classes":[]}],"_links":{"self":[{"href":"https:\/\/sarimelekler.biz\/index.php?rest_route=\/wp\/v2\/posts\/9410","targetHints":{"allow":["GET"]}}],"collection":[{"href":"https:\/\/sarimelekler.biz\/index.php?rest_route=\/wp\/v2\/posts"}],"about":[{"href":"https:\/\/sarimelekler.biz\/index.php?rest_route=\/wp\/v2\/types\/post"}],"author":[{"embeddable":true,"href":"https:\/\/sarimelekler.biz\/index.php?rest_route=\/wp\/v2\/users\/1"}],"replies":[{"embeddable":true,"href":"https:\/\/sarimelekler.biz\/index.php?rest_route=%2Fwp%2Fv2%2Fcomments&post=9410"}],"version-history":[{"count":4,"href":"https:\/\/sarimelekler.biz\/index.php?rest_route=\/wp\/v2\/posts\/9410\/revisions"}],"predecessor-version":[{"id":9449,"href":"https:\/\/sarimelekler.biz\/index.php?rest_route=\/wp\/v2\/posts\/9410\/revisions\/9449"}],"wp:featuredmedia":[{"embeddable":true,"href":"https:\/\/sarimelekler.biz\/index.php?rest_route=\/wp\/v2\/media\/9412"}],"wp:attachment":[{"href":"https:\/\/sarimelekler.biz\/index.php?rest_route=%2Fwp%2Fv2%2Fmedia&parent=9410"}],"wp:term":[{"taxonomy":"category","embeddable":true,"href":"https:\/\/sarimelekler.biz\/index.php?rest_route=%2Fwp%2Fv2%2Fcategories&post=9410"},{"taxonomy":"post_tag","embeddable":true,"href":"https:\/\/sarimelekler.biz\/index.php?rest_route=%2Fwp%2Fv2%2Ftags&post=9410"}],"curies":[{"name":"wp","href":"https:\/\/api.w.org\/{rel}","templated":true}]}}