{"id":9599,"date":"2018-12-24T18:44:45","date_gmt":"2018-12-24T16:44:45","guid":{"rendered":"http:\/\/sarimelekler.biz\/?p=9599"},"modified":"2019-05-06T14:09:21","modified_gmt":"2019-05-06T11:09:21","slug":"halkbank-maci-sonrasi-roportajlar","status":"publish","type":"post","link":"https:\/\/sarimelekler.biz\/?p=9599","title":{"rendered":"Halkbank Ma\u00e7\u0131 Sonras\u0131 R\u00f6portajlar"},"content":{"rendered":"<p style=\"text-align: justify;\">Kaptan\u0131m\u0131z Eda ve Ba\u015fantren\u00f6r\u00fcm\u00fcz Terzic bug\u00fcn oynanan Halkbank ma\u00e7\u0131 sonras\u0131 kul\u00fcb\u00fcm\u00fcz\u00fcn televizyon kanal\u0131na yapt\u0131\u011f\u0131 a\u00e7\u0131klamalar kul\u00fcb\u00fcm\u00fcz\u00fcn resmi internet sitesine yay\u0131nland\u0131.<\/p>\n<p style=\"text-align: justify;\"><strong>Eda Erdem D\u00fcndar: Keyif veren bir voleybol oynad\u0131k<\/strong><\/p>\n<p style=\"text-align: justify;\">Fenerbah\u00e7e Opet Kad\u0131n Voleybol Tak\u0131m\u0131m\u0131z\u0131n kaptan\u0131 Eda Erdem D\u00fcndar, Halkbank kar\u015f\u0131s\u0131nda iyi servis att\u0131klar\u0131n\u0131 ve iyi savunma yapt\u0131klar\u0131n\u0131 s\u00f6yledi. Keyif veren bir voleybol oynad\u0131klar\u0131n\u0131 belirten Eda, ligin ilk yar\u0131s\u0131n\u0131 da de\u011ferlendirdi.<\/p>\n<p style=\"text-align: justify;\">Fenerbah\u00e7e TV\u2019ye konu\u015fan Eda Erdem D\u00fcndar, \u201cHalkbank gen\u00e7 bir ekip. Onlar da ge\u00e7en hafta antren\u00f6r de\u011fi\u015fikli\u011fine gittiler. Kadrodaki yeterlilik \u00f6nemli. Biz iyi servis att\u0131k, iyi blok defans\u0131 yapt\u0131k. Keyif veren bir voleybol oynad\u0131k. Yapmam\u0131z gereken g\u00fcn ge\u00e7tik\u00e7e \u00fczerine koyup sezon sonu play-off ma\u00e7lar\u0131na haz\u0131r olmak. Her ma\u00e7a ayn\u0131 konsantreyle \u00e7\u0131kmaya \u00e7al\u0131\u015f\u0131yoruz. Bu skorlar bizim i\u00e7in \u00e7ok \u00f6nemli. \u0130n\u015fallah ikinci yar\u0131 \u00e7ok daha iyi bir Fenerbah\u00e7e olur.\u201d dedi.<\/p>\n<p style=\"text-align: justify;\">Genel Sekreterimiz Sevil Zeynep Becan, 3-0 galibiyetimizle tamamlanan Halkbank ma\u00e7\u0131n\u0131n ard\u0131ndan kaptan Eda Erdem D\u00fcndar\u2019\u0131 tebrik etti.<\/p>\n<p style=\"text-align: justify;\">\ud83d\udc49 <a href=\"https:\/\/www.instagram.com\/p\/Brxm9Ugn4Ie\/\" target=\"_blank\" rel=\"noopener\">Video<\/a><\/p>\n<p style=\"text-align: justify;\"><strong>Zoran Terzic: \u0130yi bir tak\u0131m performans\u0131 sergiledik<\/strong><\/p>\n<p style=\"text-align: justify;\">Fenerbah\u00e7e Opet Kad\u0131n Voleybol Tak\u0131m\u0131m\u0131z\u0131n Ba\u015fantren\u00f6r\u00fc Zoran Terzic Halkbank galibiyetinin ard\u0131ndan a\u00e7\u0131klamalarda bulundu. Halkbank kar\u015f\u0131s\u0131nda iyi bir tak\u0131m performans\u0131 sergilediklerini belirten Terzic, ligin ilk yar\u0131s\u0131yla ilgili de konu\u015ftu.<\/p>\n<p style=\"text-align: justify;\">Fenerbah\u00e7e TV\u2019ye konu\u015fan Zoran Terzic, \u201cSon 3 ma\u00e7taki performans\u0131m\u0131zdan \u00e7ok memnunuz. \u0130lk yar\u0131y\u0131 g\u00fczel bitirdik. \u0130yi bir tak\u0131m performans\u0131 sergiledik. Yeni y\u0131la g\u00fczel bir ba\u015flang\u0131\u00e7 yapaca\u011f\u0131z.\u201d dedi<\/p>\n","protected":false},"excerpt":{"rendered":"<p>Kaptan\u0131m\u0131z Eda ve Ba\u015fantren\u00f6r\u00fcm\u00fcz Terzic bug\u00fcn oynanan Halkbank ma\u00e7\u0131 sonras\u0131 \u2026 <a class=\"continue-reading-link\" href=\"https:\/\/sarimelekler.biz\/?p=9599\">Okumaya Devam Et.. <span class=\"meta-nav\">&rarr; <\/span><\/a><\/p>\n","protected":false},"author":1,"featured_media":9600,"comment_status":"closed","ping_status":"open","sticky":false,"template":"","format":"standard","meta":{"jetpack_post_was_ever_published":false,"_jetpack_newsletter_access":"","_jetpack_dont_email_post_to_subs":false,"_jetpack_newsletter_tier_id":0,"_jetpack_memberships_contains_paywalled_content":false,"_jetpack_memberships_contains_paid_content":false,"footnotes":"","jetpack_publicize_message":"","jetpack_publicize_feature_enabled":true,"jetpack_social_post_already_shared":true,"jetpack_social_options":{"image_generator_settings":{"template":"highway","default_image_id":0,"font":"","enabled":false},"version":2}},"categories":[6],"tags":[],"class_list":["post-9599","post","type-post","status-publish","format-standard","has-post-thumbnail","hentry","category-turkiye-ligi"],"jetpack_publicize_connections":[],"jetpack_featured_media_url":"https:\/\/sarimelekler.biz\/wp-content\/uploads\/2018\/12\/Eda-11-18-19.jpg","jetpack_sharing_enabled":true,"jetpack_shortlink":"https:\/\/wp.me\/p8npUZ-2uP","jetpack-related-posts":[{"id":15328,"url":"https:\/\/sarimelekler.biz\/?p=15328","url_meta":{"origin":9599,"position":0},"title":"Ba\u015fkan\u0131m\u0131z Ali Ko\u00e7 ve Y\u00f6neticimiz Simla T\u00fcrker Bayaz\u0131t Kaptan\u0131m\u0131z Eda Erdem D\u00fcndar\u2019a \u00d6zel Plaket Verdi","author":"Edit\u00f6r","date":"21 \u015eubat 2021","format":false,"excerpt":"Ba\u015fkan\u0131m\u0131z Ali Ko\u00e7 ile Y\u00f6neticimiz Simla T\u00fcrker Bayaz\u0131t, Uluslararas\u0131 Voleybol Federasyonu FIVB taraf\u0131ndan 'Tarihin En \u0130yi 100 Oyuncusu' listesine se\u00e7ilerek \u00fclkemizi gururland\u0131ran kaptan Eda Erdem D\u00fcndar\u2019a G\u00f6ztepe ma\u00e7\u0131 \u00f6ncesi plaket takdim etti. Kul\u00fcb\u00fcm\u00fcz\u00fcn y\u00fcz ak\u0131, Sar\u0131 Meleklerimiz ile A Milli Kad\u0131n Voleybol Tak\u0131m\u0131m\u0131z\u0131n kaptan\u0131, bir g\u00fcn onun gibi olmak isteyen\u2026","rel":"","context":"&quot;Haberler&quot; i\u00e7inde","block_context":{"text":"Haberler","link":"https:\/\/sarimelekler.biz\/?cat=7"},"img":{"alt_text":"","src":"https:\/\/i0.wp.com\/sarimelekler.biz\/wp-content\/uploads\/2021\/02\/Eda-Plaket-11.jpg?resize=350%2C200&ssl=1","width":350,"height":200,"srcset":"https:\/\/i0.wp.com\/sarimelekler.biz\/wp-content\/uploads\/2021\/02\/Eda-Plaket-11.jpg?resize=350%2C200&ssl=1 1x, https:\/\/i0.wp.com\/sarimelekler.biz\/wp-content\/uploads\/2021\/02\/Eda-Plaket-11.jpg?resize=525%2C300&ssl=1 1.5x, https:\/\/i0.wp.com\/sarimelekler.biz\/wp-content\/uploads\/2021\/02\/Eda-Plaket-11.jpg?resize=700%2C400&ssl=1 2x, https:\/\/i0.wp.com\/sarimelekler.biz\/wp-content\/uploads\/2021\/02\/Eda-Plaket-11.jpg?resize=1050%2C600&ssl=1 3x, https:\/\/i0.wp.com\/sarimelekler.biz\/wp-content\/uploads\/2021\/02\/Eda-Plaket-11.jpg?resize=1400%2C800&ssl=1 4x"},"classes":[]},{"id":4295,"url":"https:\/\/sarimelekler.biz\/?p=4295","url_meta":{"origin":9599,"position":1},"title":"Eda Erdem D\u00fcndar: &#8220;Avrupa \u015eampiyonas\u0131\u2019n\u0131 Madalya \u0130le Tamamlad\u0131\u011f\u0131m\u0131z \u0130\u00e7in Mutluyum&#8221;","author":"Edit\u00f6r","date":"5 Ekim 2017","format":false,"excerpt":"Azerbaycan\u2019da d\u00fczenlenen Avrupa \u015eampiyonas\u0131\u2019nda, A Milli Kad\u0131n Voleybol Tak\u0131m\u0131m\u0131z\u0131n elde etti\u011fi Avrupa 3.\u2019l\u00fc\u011f\u00fcn\u00fcn ard\u0131ndan \u0130stanbul\u2019a d\u00f6nen milli voleybolcumuz Eda Erdem D\u00fcndar, Fenerbah\u00e7e Spor Kul\u00fcb\u00fcm\u00fcz Resmi \u0130nternet Sitemize a\u00e7\u0131klamalarda bulundu. Ba\u015far\u0131l\u0131 voleybolcu, Avrupa \u015eampiyonas\u0131\u2019n\u0131 madalyayla tamamlam\u0131\u015f olman\u0131n kendisini mutlu etti\u011fini dile getirirken, Fenerbah\u00e7e Kad\u0131n Voleybol Tak\u0131m\u0131m\u0131z\u0131n da hedeflerinden s\u00f6z etti. A\u2026","rel":"","context":"&quot;Haberler&quot; i\u00e7inde","block_context":{"text":"Haberler","link":"https:\/\/sarimelekler.biz\/?cat=7"},"img":{"alt_text":"","src":"https:\/\/i0.wp.com\/sarimelekler.biz\/wp-content\/uploads\/2017\/10\/de6p6160_57488_6278113.jpg?resize=350%2C200&ssl=1","width":350,"height":200,"srcset":"https:\/\/i0.wp.com\/sarimelekler.biz\/wp-content\/uploads\/2017\/10\/de6p6160_57488_6278113.jpg?resize=350%2C200&ssl=1 1x, https:\/\/i0.wp.com\/sarimelekler.biz\/wp-content\/uploads\/2017\/10\/de6p6160_57488_6278113.jpg?resize=525%2C300&ssl=1 1.5x, https:\/\/i0.wp.com\/sarimelekler.biz\/wp-content\/uploads\/2017\/10\/de6p6160_57488_6278113.jpg?resize=700%2C400&ssl=1 2x, https:\/\/i0.wp.com\/sarimelekler.biz\/wp-content\/uploads\/2017\/10\/de6p6160_57488_6278113.jpg?resize=1050%2C600&ssl=1 3x, https:\/\/i0.wp.com\/sarimelekler.biz\/wp-content\/uploads\/2017\/10\/de6p6160_57488_6278113.jpg?resize=1400%2C800&ssl=1 4x"},"classes":[]},{"id":12406,"url":"https:\/\/sarimelekler.biz\/?p=12406","url_meta":{"origin":9599,"position":2},"title":"Eda Erdem D\u00fcndar ve Naz Aydemir Akyol, Eczac\u0131ba\u015f\u0131 Vitra ma\u00e7\u0131 \u00f6ncesi a\u00e7\u0131klamalarda bulundu","author":"Edit\u00f6r","date":"18 Kas\u0131m 2019","format":false,"excerpt":"Kad\u0131n Voleybol Tak\u0131m\u0131m\u0131z Fenerbah\u00e7e Opet, CEV \u015eampiyonlar Ligi A Grubu ilk ma\u00e7\u0131nda yar\u0131n saat 17.30\u2019da Eczac\u0131ba\u015f\u0131 Vitra ile kar\u015f\u0131la\u015facak. Kaptan Eda Erdem D\u00fcndar ve oyuncumuz Naz Aydemir Akyol bu ma\u00e7 \u00f6ncesinde kul\u00fcb\u00fcm\u00fcz\u00fcn resmi internet sitesine a\u00e7\u0131klamalarda bulundu. \u015eampiyonlar Ligi\u2019ni \u00e7ok \u00f6zlediklerini ifade eden Kaptan Eda Erdem D\u00fcndar, \u201cGrubun en zorlu\u2026","rel":"","context":"&quot;Avrupa Kupalar\u0131&quot; i\u00e7inde","block_context":{"text":"Avrupa Kupalar\u0131","link":"https:\/\/sarimelekler.biz\/?cat=1"},"img":{"alt_text":"","src":"https:\/\/i0.wp.com\/sarimelekler.biz\/wp-content\/uploads\/2019\/11\/Eda-Naz-CL-1-A%C3%A7%C4%B1klama-1.jpg?resize=350%2C200&ssl=1","width":350,"height":200,"srcset":"https:\/\/i0.wp.com\/sarimelekler.biz\/wp-content\/uploads\/2019\/11\/Eda-Naz-CL-1-A%C3%A7%C4%B1klama-1.jpg?resize=350%2C200&ssl=1 1x, https:\/\/i0.wp.com\/sarimelekler.biz\/wp-content\/uploads\/2019\/11\/Eda-Naz-CL-1-A%C3%A7%C4%B1klama-1.jpg?resize=525%2C300&ssl=1 1.5x, https:\/\/i0.wp.com\/sarimelekler.biz\/wp-content\/uploads\/2019\/11\/Eda-Naz-CL-1-A%C3%A7%C4%B1klama-1.jpg?resize=700%2C400&ssl=1 2x, https:\/\/i0.wp.com\/sarimelekler.biz\/wp-content\/uploads\/2019\/11\/Eda-Naz-CL-1-A%C3%A7%C4%B1klama-1.jpg?resize=1050%2C600&ssl=1 3x, https:\/\/i0.wp.com\/sarimelekler.biz\/wp-content\/uploads\/2019\/11\/Eda-Naz-CL-1-A%C3%A7%C4%B1klama-1.jpg?resize=1400%2C800&ssl=1 4x"},"classes":[]},{"id":3516,"url":"https:\/\/sarimelekler.biz\/?p=3516","url_meta":{"origin":9599,"position":3},"title":"Eda Erdem D\u00fcndar: &#8220;Tak\u0131m oyunu oynayarak ba\u015fard\u0131k&#8221;","author":"Edit\u00f6r","date":"23 Mart 2017","format":false,"excerpt":"CEV \u015eampiyonlar Ligi 6'l\u0131 Play Off turu ilk ma\u00e7\u0131 olan Eczac\u0131ba\u015f\u0131 VitrA kar\u015f\u0131s\u0131nda \u00f6zellikle bloklar\u0131yla galibiyette \u00f6nemli bir rol oynayan kaptan Eda Erdem D\u00fcndar, tak\u0131m oyunu oynayarak galibiyete ula\u015ft\u0131klar\u0131n\u0131 s\u00f6yledi. Rakipteki oyuncular \u00e7ok iyi orta oyuncular. Onlar da biz de \u00e7ok istedik. Tak\u0131m oyunu oynayarak ba\u015fard\u0131k. Her \u015feyimle tak\u0131m\u0131ma yard\u0131mc\u0131\u2026","rel":"","context":"&quot;Avrupa Kupalar\u0131&quot; i\u00e7inde","block_context":{"text":"Avrupa Kupalar\u0131","link":"https:\/\/sarimelekler.biz\/?cat=1"},"img":{"alt_text":"","src":"https:\/\/i0.wp.com\/sarimelekler.biz\/wp-content\/uploads\/2017\/03\/cats.jpg?resize=350%2C200&ssl=1","width":350,"height":200,"srcset":"https:\/\/i0.wp.com\/sarimelekler.biz\/wp-content\/uploads\/2017\/03\/cats.jpg?resize=350%2C200&ssl=1 1x, https:\/\/i0.wp.com\/sarimelekler.biz\/wp-content\/uploads\/2017\/03\/cats.jpg?resize=525%2C300&ssl=1 1.5x, https:\/\/i0.wp.com\/sarimelekler.biz\/wp-content\/uploads\/2017\/03\/cats.jpg?resize=700%2C400&ssl=1 2x, https:\/\/i0.wp.com\/sarimelekler.biz\/wp-content\/uploads\/2017\/03\/cats.jpg?resize=1050%2C600&ssl=1 3x, https:\/\/i0.wp.com\/sarimelekler.biz\/wp-content\/uploads\/2017\/03\/cats.jpg?resize=1400%2C800&ssl=1 4x"},"classes":[]},{"id":7259,"url":"https:\/\/sarimelekler.biz\/?p=7259","url_meta":{"origin":9599,"position":4},"title":"Kaptan\u0131m\u0131z Eda ve Ba\u015fantren\u00f6r\u00fcm\u00fcz Terzic&#8217;in Ma\u00e7 Sonu R\u00f6portaj\u0131","author":"Edit\u00f6r","date":"2 Kas\u0131m 2018","format":false,"excerpt":"Eda Erdem D\u00fcndar: Sezona g\u00fczel ba\u015flad\u0131k Fenerbah\u00e7e Kad\u0131n Voleybol Tak\u0131m\u0131m\u0131z\u0131n kaptan\u0131 Eda Erdem D\u00fcndar, 3-0\u2019l\u0131k Be\u015fikta\u015f galibiyetini yay\u0131nc\u0131 kurulu\u015fa de\u011ferlendirdi. Oynad\u0131klar\u0131 oyundan keyif ald\u0131klar\u0131n\u0131 s\u00f6yleyen kaptan Eda, \u201cSezona derbiyle ba\u015flad\u0131k. 3-0, g\u00fczel sonu\u00e7. Daha da iyi oynayabilirdik. Be\u015fikta\u015f\u2019\u0131 da tebrik ediyorum. \u0130yi m\u00fccadele ettiler. Setler aras\u0131nda d\u00fc\u015f\u00fc\u015flerimiz oldu. Genelde iyi\u2026","rel":"","context":"&quot;T\u00fcrkiye Ligi&quot; i\u00e7inde","block_context":{"text":"T\u00fcrkiye Ligi","link":"https:\/\/sarimelekler.biz\/?cat=6"},"img":{"alt_text":"","src":"https:\/\/i0.wp.com\/sarimelekler.biz\/wp-content\/uploads\/2018\/11\/1-18-19-33.jpg?resize=350%2C200&ssl=1","width":350,"height":200,"srcset":"https:\/\/i0.wp.com\/sarimelekler.biz\/wp-content\/uploads\/2018\/11\/1-18-19-33.jpg?resize=350%2C200&ssl=1 1x, https:\/\/i0.wp.com\/sarimelekler.biz\/wp-content\/uploads\/2018\/11\/1-18-19-33.jpg?resize=525%2C300&ssl=1 1.5x, https:\/\/i0.wp.com\/sarimelekler.biz\/wp-content\/uploads\/2018\/11\/1-18-19-33.jpg?resize=700%2C400&ssl=1 2x, https:\/\/i0.wp.com\/sarimelekler.biz\/wp-content\/uploads\/2018\/11\/1-18-19-33.jpg?resize=1050%2C600&ssl=1 3x, https:\/\/i0.wp.com\/sarimelekler.biz\/wp-content\/uploads\/2018\/11\/1-18-19-33.jpg?resize=1400%2C800&ssl=1 4x"},"classes":[]},{"id":9410,"url":"https:\/\/sarimelekler.biz\/?p=9410","url_meta":{"origin":9599,"position":5},"title":"Eda Erdem D\u00fcndar ve Ana Antonijevic\u2019ten Chemik Police ma\u00e7\u0131 \u00f6ncesi a\u00e7\u0131klamalar","author":"Edit\u00f6r","date":"19 Aral\u0131k 2018","format":false,"excerpt":"Kad\u0131n Voleybol Tak\u0131m\u0131m\u0131z Fenerbah\u00e7e OPET'in CEV Kad\u0131nlar \u015eampiyonlar Ligi E Grubu 2.haftas\u0131nda Chemik Police ile bug\u00fcn oynayaca\u011f\u0131 ma\u00e7 \u00f6ncesi Kaptan\u0131m\u0131z Eda Erdem D\u00fcndar ve Ana Antonijevic, Fenerbah\u00e7e Spor Kul\u00fcb\u00fcm\u00fcz resmi sitemize a\u00e7\u0131klamalarda bulundu. Kaptan Eda Erdem D\u00fcndar taraftarlar varken daha iyi voleybol oynad\u0131klar\u0131n\u0131 vurgularken, Antonijevic hedeflerinin grupta birinci olarak bir\u2026","rel":"","context":"&quot;Avrupa Kupalar\u0131&quot; i\u00e7inde","block_context":{"text":"Avrupa Kupalar\u0131","link":"https:\/\/sarimelekler.biz\/?cat=1"},"img":{"alt_text":"","src":"https:\/\/i0.wp.com\/sarimelekler.biz\/wp-content\/uploads\/2018\/12\/Chemik-2.jpg?resize=350%2C200&ssl=1","width":350,"height":200,"srcset":"https:\/\/i0.wp.com\/sarimelekler.biz\/wp-content\/uploads\/2018\/12\/Chemik-2.jpg?resize=350%2C200&ssl=1 1x, https:\/\/i0.wp.com\/sarimelekler.biz\/wp-content\/uploads\/2018\/12\/Chemik-2.jpg?resize=525%2C300&ssl=1 1.5x, https:\/\/i0.wp.com\/sarimelekler.biz\/wp-content\/uploads\/2018\/12\/Chemik-2.jpg?resize=700%2C400&ssl=1 2x, https:\/\/i0.wp.com\/sarimelekler.biz\/wp-content\/uploads\/2018\/12\/Chemik-2.jpg?resize=1050%2C600&ssl=1 3x, https:\/\/i0.wp.com\/sarimelekler.biz\/wp-content\/uploads\/2018\/12\/Chemik-2.jpg?resize=1400%2C800&ssl=1 4x"},"classes":[]}],"_links":{"self":[{"href":"https:\/\/sarimelekler.biz\/index.php?rest_route=\/wp\/v2\/posts\/9599","targetHints":{"allow":["GET"]}}],"collection":[{"href":"https:\/\/sarimelekler.biz\/index.php?rest_route=\/wp\/v2\/posts"}],"about":[{"href":"https:\/\/sarimelekler.biz\/index.php?rest_route=\/wp\/v2\/types\/post"}],"author":[{"embeddable":true,"href":"https:\/\/sarimelekler.biz\/index.php?rest_route=\/wp\/v2\/users\/1"}],"replies":[{"embeddable":true,"href":"https:\/\/sarimelekler.biz\/index.php?rest_route=%2Fwp%2Fv2%2Fcomments&post=9599"}],"version-history":[{"count":1,"href":"https:\/\/sarimelekler.biz\/index.php?rest_route=\/wp\/v2\/posts\/9599\/revisions"}],"predecessor-version":[{"id":9601,"href":"https:\/\/sarimelekler.biz\/index.php?rest_route=\/wp\/v2\/posts\/9599\/revisions\/9601"}],"wp:featuredmedia":[{"embeddable":true,"href":"https:\/\/sarimelekler.biz\/index.php?rest_route=\/wp\/v2\/media\/9600"}],"wp:attachment":[{"href":"https:\/\/sarimelekler.biz\/index.php?rest_route=%2Fwp%2Fv2%2Fmedia&parent=9599"}],"wp:term":[{"taxonomy":"category","embeddable":true,"href":"https:\/\/sarimelekler.biz\/index.php?rest_route=%2Fwp%2Fv2%2Fcategories&post=9599"},{"taxonomy":"post_tag","embeddable":true,"href":"https:\/\/sarimelekler.biz\/index.php?rest_route=%2Fwp%2Fv2%2Ftags&post=9599"}],"curies":[{"name":"wp","href":"https:\/\/api.w.org\/{rel}","templated":true}]}}