{"id":9684,"date":"2019-01-14T21:48:49","date_gmt":"2019-01-14T18:48:49","guid":{"rendered":"http:\/\/sarimelekler.biz\/?p=9684"},"modified":"2019-01-14T21:48:57","modified_gmt":"2019-01-14T18:48:57","slug":"14-16nin-konugu-merve-dalbeler","status":"publish","type":"post","link":"https:\/\/sarimelekler.biz\/?p=9684","title":{"rendered":"14\/16&#8217;n\u0131n Konu\u011fu Merve Dalbeler"},"content":{"rendered":"<p>Ba\u015far\u0131l\u0131 oyuncumuz\u00a0 Merve Dalbeler\u00a0 FB Tv\u2019de yay\u0131nlanan 14\/16 program\u0131na konuk oldu.<\/p>\n<iframe loading=\"lazy\"  id=\"_ytid_61373\"  width=\"860\" height=\"484\"  data-origwidth=\"860\" data-origheight=\"484\" src=\"https:\/\/www.youtube.com\/embed\/QU-zATMIxyw?enablejsapi=1&autoplay=0&cc_load_policy=0&cc_lang_pref=&iv_load_policy=1&loop=0&rel=1&fs=1&playsinline=0&autohide=2&theme=dark&color=red&controls=1&disablekb=0&\" class=\"__youtube_prefs__  no-lazyload\" title=\"YouTube player\"  allow=\"fullscreen; accelerometer; autoplay; clipboard-write; encrypted-media; gyroscope; picture-in-picture; web-share\" referrerpolicy=\"strict-origin-when-cross-origin\" allowfullscreen data-no-lazy=\"1\" data-skipgform_ajax_framebjll=\"\"><\/iframe>\n","protected":false},"excerpt":{"rendered":"<p>Ba\u015far\u0131l\u0131 oyuncumuz\u00a0 Merve Dalbeler\u00a0 FB Tv\u2019de yay\u0131nlanan 14\/16 program\u0131na konuk \u2026 <a class=\"continue-reading-link\" href=\"https:\/\/sarimelekler.biz\/?p=9684\">Okumaya Devam Et.. <span class=\"meta-nav\">&rarr; <\/span><\/a><\/p>\n","protected":false},"author":1,"featured_media":9685,"comment_status":"closed","ping_status":"open","sticky":false,"template":"","format":"standard","meta":{"jetpack_post_was_ever_published":false,"_jetpack_newsletter_access":"","_jetpack_dont_email_post_to_subs":false,"_jetpack_newsletter_tier_id":0,"_jetpack_memberships_contains_paywalled_content":false,"_jetpack_memberships_contains_paid_content":false,"footnotes":"","jetpack_publicize_message":"","jetpack_publicize_feature_enabled":true,"jetpack_social_post_already_shared":true,"jetpack_social_options":{"image_generator_settings":{"template":"highway","default_image_id":0,"font":"","enabled":false},"version":2}},"categories":[22],"tags":[],"class_list":["post-9684","post","type-post","status-publish","format-standard","has-post-thumbnail","hentry","category-video-programlar"],"jetpack_publicize_connections":[],"jetpack_featured_media_url":"https:\/\/sarimelekler.biz\/wp-content\/uploads\/2019\/01\/14-16-Merve-Dalbeler.jpg","jetpack_sharing_enabled":true,"jetpack_shortlink":"https:\/\/wp.me\/p8npUZ-2wc","jetpack-related-posts":[{"id":11223,"url":"https:\/\/sarimelekler.biz\/?p=11223","url_meta":{"origin":9684,"position":0},"title":"Merve Dalbeler Tak\u0131m\u0131m\u0131zdan Ayr\u0131ld\u0131","author":"Edit\u00f6r","date":"9 May\u0131s 2019","format":false,"excerpt":"Fenerbah\u00e7e Opet Kad\u0131n Voleybol tak\u0131m\u0131m\u0131zdan ayr\u0131lan d\u00f6rd\u00fcnc\u00fc isim 8 sezondur formam\u0131z\u0131 giyen Merve Dalbeler oldu. Tak\u0131m\u0131m\u0131za 2011 \u2013 2012 sezonunda transfer olan libero mevkiinde g\u00f6rev yapan Merve Dalbeler ba\u015far\u0131l\u0131 bir kariyerin ard\u0131ndan tak\u0131m\u0131m\u0131zdan ayr\u0131ld\u0131. \u0130lerleyen g\u00fcnlerde 32 ya\u015f\u0131na girecek olan Merve Dalbeler tak\u0131m\u0131m\u0131zda uzun s\u00fcre forma giyen oyuncular\u0131n i\u00e7erisinde yer\u2026","rel":"","context":"&quot;Transfer Haberleri&quot; i\u00e7inde","block_context":{"text":"Transfer Haberleri","link":"https:\/\/sarimelekler.biz\/?cat=23"},"img":{"alt_text":"","src":"https:\/\/i0.wp.com\/sarimelekler.biz\/wp-content\/uploads\/2017\/02\/YNS_4817.jpg?resize=350%2C200&ssl=1","width":350,"height":200,"srcset":"https:\/\/i0.wp.com\/sarimelekler.biz\/wp-content\/uploads\/2017\/02\/YNS_4817.jpg?resize=350%2C200&ssl=1 1x, https:\/\/i0.wp.com\/sarimelekler.biz\/wp-content\/uploads\/2017\/02\/YNS_4817.jpg?resize=525%2C300&ssl=1 1.5x, https:\/\/i0.wp.com\/sarimelekler.biz\/wp-content\/uploads\/2017\/02\/YNS_4817.jpg?resize=700%2C400&ssl=1 2x, https:\/\/i0.wp.com\/sarimelekler.biz\/wp-content\/uploads\/2017\/02\/YNS_4817.jpg?resize=1050%2C600&ssl=1 3x, https:\/\/i0.wp.com\/sarimelekler.biz\/wp-content\/uploads\/2017\/02\/YNS_4817.jpg?resize=1400%2C800&ssl=1 4x"},"classes":[]},{"id":11294,"url":"https:\/\/sarimelekler.biz\/?p=11294","url_meta":{"origin":9684,"position":1},"title":"Kul\u00fcb\u00fcm\u00fcz Taraf\u0131ndan Tak\u0131m\u0131m\u0131zdan Ayr\u0131lan Oyuncular A\u00e7\u0131kland\u0131.","author":"Edit\u00f6r","date":"16 May\u0131s 2019","format":false,"excerpt":"Kul\u00fcb\u00fcm\u00fcz, Fenerbah\u00e7e Opet Kad\u0131n Voleybol tak\u0131m\u0131m\u0131zdan ayr\u0131lan oyuncular\u0131 resmi sitesi ve sosyal medya hesaplar\u0131ndan a\u00e7\u0131klayarak oyunculara veda etti. Yap\u0131lan A\u00e7\u0131klamada: Fenerbah\u00e7e Opet Kad\u0131n Voleybol Tak\u0131m\u0131m\u0131z yeni sezon yap\u0131lanmas\u0131nda; Merve Dalbeler, Polen \u00dcnver, Ana Antonijevic, Dobriana Rabadzhieva, Samantha Bricio Ramos, Ezgi Da\u011fdelenler ve Merve Tanyel ile yollar\u0131n\u0131 ay\u0131rm\u0131\u015ft\u0131r. Formam\u0131z\u0131 ba\u015far\u0131yla terleten\u2026","rel":"","context":"&quot;Transfer Haberleri&quot; i\u00e7inde","block_context":{"text":"Transfer Haberleri","link":"https:\/\/sarimelekler.biz\/?cat=23"},"img":{"alt_text":"","src":"https:\/\/i0.wp.com\/sarimelekler.biz\/wp-content\/uploads\/2019\/05\/Haber-Ba%C5%9Fl%C4%B1%C4%9F%C4%B1.jpg?resize=350%2C200&ssl=1","width":350,"height":200,"srcset":"https:\/\/i0.wp.com\/sarimelekler.biz\/wp-content\/uploads\/2019\/05\/Haber-Ba%C5%9Fl%C4%B1%C4%9F%C4%B1.jpg?resize=350%2C200&ssl=1 1x, https:\/\/i0.wp.com\/sarimelekler.biz\/wp-content\/uploads\/2019\/05\/Haber-Ba%C5%9Fl%C4%B1%C4%9F%C4%B1.jpg?resize=525%2C300&ssl=1 1.5x, https:\/\/i0.wp.com\/sarimelekler.biz\/wp-content\/uploads\/2019\/05\/Haber-Ba%C5%9Fl%C4%B1%C4%9F%C4%B1.jpg?resize=700%2C400&ssl=1 2x"},"classes":[]},{"id":10546,"url":"https:\/\/sarimelekler.biz\/?p=10546","url_meta":{"origin":9684,"position":2},"title":"Fatma Y\u0131ld\u0131r\u0131m ve Merve Dalbeler\u2019den Scandicci ma\u00e7\u0131 \u00f6ncesi a\u00e7\u0131klamalarda bulundular","author":"Edit\u00f6r","date":"19 Mart 2019","format":false,"excerpt":"Fenerbah\u00e7e Opet Kad\u0131n Voleybol Tak\u0131m\u0131m\u0131z\u0131n, CEV \u015eampiyonlar Ligi \u00e7eyrek final r\u00f6van\u015f ma\u00e7\u0131nda \u0130talyan ekibi Savino Del Bene Scandicci ile 19 Mart Sal\u0131 g\u00fcn\u00fc Burhan Felek Voleybol Salonu\u2019nda oynayaca\u011f\u0131 ma\u00e7 \u00f6ncesi oyuncular\u0131m\u0131z Fatma Y\u0131ld\u0131r\u0131m ve Merve Dalbeler, kul\u00fcb\u00fcm\u00fcz\u00fcn resmi sitesine a\u00e7\u0131klamalarda bulundu. Fatma Y\u0131ld\u0131r\u0131m, taraftarlar\u0131m\u0131z\u0131 salona beklediklerini vurgularken; Merve Dalbeler ise\u2026","rel":"","context":"&quot;Avrupa Kupalar\u0131&quot; i\u00e7inde","block_context":{"text":"Avrupa Kupalar\u0131","link":"https:\/\/sarimelekler.biz\/?cat=1"},"img":{"alt_text":"","src":"https:\/\/i0.wp.com\/sarimelekler.biz\/wp-content\/uploads\/2019\/03\/8-18-19-CL-3.jpg?resize=350%2C200&ssl=1","width":350,"height":200,"srcset":"https:\/\/i0.wp.com\/sarimelekler.biz\/wp-content\/uploads\/2019\/03\/8-18-19-CL-3.jpg?resize=350%2C200&ssl=1 1x, https:\/\/i0.wp.com\/sarimelekler.biz\/wp-content\/uploads\/2019\/03\/8-18-19-CL-3.jpg?resize=525%2C300&ssl=1 1.5x, https:\/\/i0.wp.com\/sarimelekler.biz\/wp-content\/uploads\/2019\/03\/8-18-19-CL-3.jpg?resize=700%2C400&ssl=1 2x, https:\/\/i0.wp.com\/sarimelekler.biz\/wp-content\/uploads\/2019\/03\/8-18-19-CL-3.jpg?resize=1050%2C600&ssl=1 3x"},"classes":[]},{"id":6633,"url":"https:\/\/sarimelekler.biz\/?p=6633","url_meta":{"origin":9684,"position":3},"title":"Kul\u00fcb\u00fcm\u00fczde Bayramla\u015fma T\u00f6reni Yap\u0131ld\u0131","author":"Edit\u00f6r","date":"23 A\u011fustos 2018","format":false,"excerpt":"Fenerbah\u00e7e Spor Kul\u00fcb\u00fcm\u00fcz geleneksel bayramla\u015fma t\u00f6reni, Kurban Bayram\u0131n\u0131n 3. g\u00fcn\u00fc, Fenerbah\u00e7e Faruk Ilgaz Tesisleri\u2019nde ger\u00e7ekle\u015ftirildi. T\u00f6rene tak\u0131m\u0131m\u0131z oyuncular\u0131ndan Merve Dalbeler, Polen \u00dcnver, Fatma Y\u0131ld\u0131r\u0131m, Melis Y\u0131lmaz ve Beliz Ba\u015fk\u0131r kat\u0131ld\u0131. Ayr\u0131ca yard\u0131mc\u0131 antren\u00f6r\u00fcm\u00fcz Salih Tavac\u0131, \u015eube Sorumlumuz Simla T\u00fcrker Bayaz\u0131t, \u015eube Sorumlu Yard\u0131mc\u0131m\u0131z \u0130lker Din\u00e7ay ve K\u00fc\u00e7\u00fck K\u0131z Voleybol tak\u0131m\u0131m\u0131z\u2026","rel":"","context":"&quot;Haberler&quot; i\u00e7inde","block_context":{"text":"Haberler","link":"https:\/\/sarimelekler.biz\/?cat=7"},"img":{"alt_text":"","src":"https:\/\/i0.wp.com\/sarimelekler.biz\/wp-content\/uploads\/2018\/08\/kurban-kapak-1.jpg?resize=350%2C200&ssl=1","width":350,"height":200,"srcset":"https:\/\/i0.wp.com\/sarimelekler.biz\/wp-content\/uploads\/2018\/08\/kurban-kapak-1.jpg?resize=350%2C200&ssl=1 1x, https:\/\/i0.wp.com\/sarimelekler.biz\/wp-content\/uploads\/2018\/08\/kurban-kapak-1.jpg?resize=525%2C300&ssl=1 1.5x, https:\/\/i0.wp.com\/sarimelekler.biz\/wp-content\/uploads\/2018\/08\/kurban-kapak-1.jpg?resize=700%2C400&ssl=1 2x, https:\/\/i0.wp.com\/sarimelekler.biz\/wp-content\/uploads\/2018\/08\/kurban-kapak-1.jpg?resize=1050%2C600&ssl=1 3x, https:\/\/i0.wp.com\/sarimelekler.biz\/wp-content\/uploads\/2018\/08\/kurban-kapak-1.jpg?resize=1400%2C800&ssl=1 4x"},"classes":[]},{"id":4044,"url":"https:\/\/sarimelekler.biz\/?p=4044","url_meta":{"origin":9684,"position":4},"title":"Oyuncular\u0131m\u0131zla S\u00f6zle\u015fme Yenilemeleri Yap\u0131ld\u0131.","author":"Edit\u00f6r","date":"3 Haziran 2017","format":false,"excerpt":"Resmi Sitemizden yap\u0131lan a\u00e7\u0131klamada oyuncular\u0131m\u0131z Eda Erdem D\u00fcndar, Polen Uslupehlivan, Saniye Merve Dalbeler, Melis Y\u0131lmaz, Diclenur Babat ve Bahar Toksoy Guidetti ile s\u00f6zle\u015fme yenilendi\u011fi belirtilmi\u015ftir. Kul\u00fcb\u00fcm\u00fcze Hay\u0131rl\u0131 Olsun, Oyuncular\u0131m\u0131za Ba\u015far\u0131lar Dileriz.","rel":"","context":"&quot;T\u00fcrkiye Ligi&quot; i\u00e7inde","block_context":{"text":"T\u00fcrkiye Ligi","link":"https:\/\/sarimelekler.biz\/?cat=6"},"img":{"alt_text":"","src":"https:\/\/i0.wp.com\/sarimelekler.biz\/wp-content\/uploads\/2017\/06\/s%C3%B6zle%C5%9Fme.jpg?resize=350%2C200&ssl=1","width":350,"height":200,"srcset":"https:\/\/i0.wp.com\/sarimelekler.biz\/wp-content\/uploads\/2017\/06\/s%C3%B6zle%C5%9Fme.jpg?resize=350%2C200&ssl=1 1x, https:\/\/i0.wp.com\/sarimelekler.biz\/wp-content\/uploads\/2017\/06\/s%C3%B6zle%C5%9Fme.jpg?resize=525%2C300&ssl=1 1.5x, https:\/\/i0.wp.com\/sarimelekler.biz\/wp-content\/uploads\/2017\/06\/s%C3%B6zle%C5%9Fme.jpg?resize=700%2C400&ssl=1 2x, https:\/\/i0.wp.com\/sarimelekler.biz\/wp-content\/uploads\/2017\/06\/s%C3%B6zle%C5%9Fme.jpg?resize=1050%2C600&ssl=1 3x, https:\/\/i0.wp.com\/sarimelekler.biz\/wp-content\/uploads\/2017\/06\/s%C3%B6zle%C5%9Fme.jpg?resize=1400%2C800&ssl=1 4x"},"classes":[]},{"id":6443,"url":"https:\/\/sarimelekler.biz\/?p=6443","url_meta":{"origin":9684,"position":5},"title":"Kul\u00fcb\u00fcm\u00fczde Bayramla\u015fma T\u00f6reni Yap\u0131ld\u0131","author":"Edit\u00f6r","date":"17 Haziran 2018","format":false,"excerpt":"Fenerbah\u00e7e Spor Kul\u00fcb\u00fcm\u00fcz geleneksel bayramla\u015fma t\u00f6reni, Ramazan Bayram\u0131n\u0131n 3. g\u00fcn\u00fc, Fenerbah\u00e7e Faruk Ilgaz Tesisleri\u2019nde ger\u00e7ekle\u015ftirildi. T\u00f6rene tak\u0131m\u0131m\u0131z oyuncular\u0131ndan Merve Dalbeler, Polen Uslupehlivan ve Melis Y\u0131lmaz\u2019\u0131n yan\u0131 s\u0131ra yeni transferimiz S\u0131la \u00c7al\u0131\u015fkan'da kat\u0131ld\u0131. Ayr\u0131ca antren\u00f6r\u00fcm\u00fcz Salih Tavac\u0131, idari menajerimiz Abdullah Pa\u015fao\u011flu ve D\u0131\u015f ili\u015fkiler ve Organizasyon Direkt\u00f6r\u00fcm\u00fcz Ayb\u00fcke Turan\u2019da bu t\u00f6rende\u2026","rel":"","context":"&quot;Haberler&quot; i\u00e7inde","block_context":{"text":"Haberler","link":"https:\/\/sarimelekler.biz\/?cat=7"},"img":{"alt_text":"","src":"https:\/\/i0.wp.com\/sarimelekler.biz\/wp-content\/uploads\/2018\/06\/kapak-bayram.jpg?resize=350%2C200&ssl=1","width":350,"height":200,"srcset":"https:\/\/i0.wp.com\/sarimelekler.biz\/wp-content\/uploads\/2018\/06\/kapak-bayram.jpg?resize=350%2C200&ssl=1 1x, https:\/\/i0.wp.com\/sarimelekler.biz\/wp-content\/uploads\/2018\/06\/kapak-bayram.jpg?resize=525%2C300&ssl=1 1.5x, https:\/\/i0.wp.com\/sarimelekler.biz\/wp-content\/uploads\/2018\/06\/kapak-bayram.jpg?resize=700%2C400&ssl=1 2x"},"classes":[]}],"_links":{"self":[{"href":"https:\/\/sarimelekler.biz\/index.php?rest_route=\/wp\/v2\/posts\/9684","targetHints":{"allow":["GET"]}}],"collection":[{"href":"https:\/\/sarimelekler.biz\/index.php?rest_route=\/wp\/v2\/posts"}],"about":[{"href":"https:\/\/sarimelekler.biz\/index.php?rest_route=\/wp\/v2\/types\/post"}],"author":[{"embeddable":true,"href":"https:\/\/sarimelekler.biz\/index.php?rest_route=\/wp\/v2\/users\/1"}],"replies":[{"embeddable":true,"href":"https:\/\/sarimelekler.biz\/index.php?rest_route=%2Fwp%2Fv2%2Fcomments&post=9684"}],"version-history":[{"count":1,"href":"https:\/\/sarimelekler.biz\/index.php?rest_route=\/wp\/v2\/posts\/9684\/revisions"}],"predecessor-version":[{"id":9686,"href":"https:\/\/sarimelekler.biz\/index.php?rest_route=\/wp\/v2\/posts\/9684\/revisions\/9686"}],"wp:featuredmedia":[{"embeddable":true,"href":"https:\/\/sarimelekler.biz\/index.php?rest_route=\/wp\/v2\/media\/9685"}],"wp:attachment":[{"href":"https:\/\/sarimelekler.biz\/index.php?rest_route=%2Fwp%2Fv2%2Fmedia&parent=9684"}],"wp:term":[{"taxonomy":"category","embeddable":true,"href":"https:\/\/sarimelekler.biz\/index.php?rest_route=%2Fwp%2Fv2%2Fcategories&post=9684"},{"taxonomy":"post_tag","embeddable":true,"href":"https:\/\/sarimelekler.biz\/index.php?rest_route=%2Fwp%2Fv2%2Ftags&post=9684"}],"curies":[{"name":"wp","href":"https:\/\/api.w.org\/{rel}","templated":true}]}}