{"id":9817,"date":"2019-01-29T21:01:12","date_gmt":"2019-01-29T18:01:12","guid":{"rendered":"http:\/\/sarimelekler.biz\/?p=9817"},"modified":"2019-01-29T21:02:43","modified_gmt":"2019-01-29T18:02:43","slug":"yeni-sari-melek-dobriana-rabadzhieva","status":"publish","type":"post","link":"https:\/\/sarimelekler.biz\/?p=9817","title":{"rendered":"Yeni Sar\u0131 Melek Dobriana Rabadzhieva"},"content":{"rendered":"<p style=\"text-align: justify;\">Bug\u00fcn Fenerbah\u00e7e Spor Kul\u00fcb\u00fcm\u00fcz Resmi \u0130nternet Sitesinden yap\u0131lan a\u00e7\u0131klamada Bulgar sma\u00e7\u00f6r Dobriana Rabadzhieva ile anla\u015f\u0131ld\u0131\u011f\u0131 a\u00e7\u0131kland\u0131. Bizde kendisine ho\u015f geldin diyor, Fenerbah\u00e7e kariyerinde ba\u015far\u0131lar diliyoruz.<\/p>\n<p style=\"text-align: justify;\">Yap\u0131lan A\u00e7\u0131klama:<\/p>\n<p style=\"text-align: justify;\">Kad\u0131n Voleybol Tak\u0131m\u0131m\u0131z Fenerbah\u00e7e Opet, son olarak \u00c7in ekibi Evergrande formas\u0131 giyen sma\u00e7\u00f6r Dobriana Rabadzhieva\u2019y\u0131 renklerine ba\u011flad\u0131.<\/p>\n<p style=\"text-align: justify;\">1991 do\u011fumlu Bulgaristan vatanda\u015f\u0131 Dobriana, Fenerbah\u00e7e Opet\u2019in ba\u015far\u0131s\u0131 i\u00e7in ter d\u00f6kecek.<\/p>\n<p style=\"text-align: justify;\"><strong>Dobriana Rabadzhieva kimdir?<\/strong><\/p>\n<p style=\"text-align: justify;\">Kariyerine CSKA Sofya tak\u0131m\u0131nda ba\u015flayan Dobriana 2012 FIVB D\u00fcnya Kul\u00fcpler \u015eampiyonas\u0131\u2019nda g\u00fcm\u00fc\u015f madalya kazand\u0131. 1.92 boyundaki, 74 kilo a\u011f\u0131rl\u0131\u011f\u0131ndaki sma\u00e7\u00f6r daha sonra kariyerinde Imoco Conegliano, Rabita Baku,\u00a0 Galatasaray, Vol\u00e9ro Z\u00fcrich ve son olarak \u00c7in tak\u0131mlar\u0131ndan Evergrande formas\u0131 giymi\u015fti.<\/p>\n<p style=\"text-align: justify;\"><strong>Ba\u015far\u0131lar\u0131<\/strong><\/p>\n<p style=\"text-align: justify;\"><strong>Kul\u00fcp<\/strong><\/p>\n<ul style=\"text-align: justify;\">\n<li>\u00a02011 FIVB D\u00fcnya Kul\u00fcpler \u015eampiyonas\u0131- Alt\u0131n Madalya (Rabita Bak\u00fc)<\/li>\n<li>\u00a02011-12 Azerbaycan Ligi &#8211; \u015eampiyon (Rabita Bak\u00fc)<\/li>\n<li>\u00a02011-12 Azerbaycan Kupas\u0131 &#8211; \u015eampiyon (Rabita Bak\u00fc)<\/li>\n<li>\u00a02012 FIVB D\u00fcnya Kul\u00fcpler \u015eampiyonas\u0131 &#8211; G\u00fcm\u00fc\u015f Madalya (Rabita Bak\u00fc)<\/li>\n<li>\u00a02012-13 Azerbaycan Ligi &#8211; \u015eampiyon (Rabita Bak\u00fc)<\/li>\n<li>\u00a02012\u201313 CEV \u015eampiyonalar Ligi &#8211; G\u00fcm\u00fc\u015f Madalya (Rabita Bak\u00fc)<\/li>\n<li>\u00a02014\u201315 \u0130svi\u00e7re Kupas\u0131 &#8211; \u015eampiyon (Volero Zurich)<\/li>\n<li>\u00a02014\u201315 \u0130svi\u00e7re Ligi &#8211; \u015eampiyon (Volero Zurich)<\/li>\n<li>\u00a02015 FIVB D\u00fcnya Kul\u00fcpler \u015eampiyonas\u0131 &#8211; Bronz Madalya (Volero Zurich)<\/li>\n<li>\u00a02017 FIVB D\u00fcnya Kul\u00fcpler \u015eampiyonas\u0131 &#8211; Bronz Madalya (Volero Zurich)<\/li>\n<\/ul>\n<p style=\"text-align: justify;\"><strong>Milli Tak\u0131m<\/strong><\/p>\n<ul>\n<li style=\"text-align: justify;\">\u00a02009 K\u00fc\u00e7\u00fckler Balkan \u015eampiyonas\u0131 &#8211; Alt\u0131n Madalya<\/li>\n<li style=\"text-align: justify;\">\u00a02012 Avrupa Kad\u0131nlar Voleybol Ligi &#8211; G\u00fcm\u00fc\u015f Madalya<\/li>\n<li style=\"text-align: justify;\">\u00a02013 Avrupa Kad\u0131nlar Voleybol Ligi &#8211; Bronz Madalya<\/li>\n<li style=\"text-align: justify;\">\u00a02014 Boris Yeltsin Cup &#8211; Alt\u0131n Madalya<\/li>\n<\/ul>\n\n\t\t<style type=\"text\/css\">\n\t\t\t#gallery-1 {\n\t\t\t\tmargin: auto;\n\t\t\t}\n\t\t\t#gallery-1 .gallery-item {\n\t\t\t\tfloat: left;\n\t\t\t\tmargin-top: 10px;\n\t\t\t\ttext-align: center;\n\t\t\t\twidth: 100%;\n\t\t\t}\n\t\t\t#gallery-1 img {\n\t\t\t\tborder: 2px solid #cfcfcf;\n\t\t\t}\n\t\t\t#gallery-1 .gallery-caption {\n\t\t\t\tmargin-left: 0;\n\t\t\t}\n\t\t\t\/* see gallery_shortcode() in wp-includes\/media.php *\/\n\t\t<\/style>\n\t\t<div data-carousel-extra='{&quot;blog_id&quot;:1,&quot;permalink&quot;:&quot;https:\/\/sarimelekler.biz\/?p=9817&quot;}' id='gallery-1' class='gallery galleryid-9817 gallery-columns-1 gallery-size-large'><dl class='gallery-item'>\n\t\t\t<dt class='gallery-icon landscape'>\n\t\t\t\t<a href='https:\/\/sarimelekler.biz\/?attachment_id=9818'><img loading=\"lazy\" decoding=\"async\" width=\"860\" height=\"660\" src=\"https:\/\/sarimelekler.biz\/wp-content\/uploads\/2019\/01\/Dobriana-Rabadzhieva-1024x786.jpg\" class=\"attachment-large size-large\" alt=\"\" srcset=\"https:\/\/sarimelekler.biz\/wp-content\/uploads\/2019\/01\/Dobriana-Rabadzhieva-1024x786.jpg 1024w, https:\/\/sarimelekler.biz\/wp-content\/uploads\/2019\/01\/Dobriana-Rabadzhieva-300x230.jpg 300w, https:\/\/sarimelekler.biz\/wp-content\/uploads\/2019\/01\/Dobriana-Rabadzhieva-768x589.jpg 768w, https:\/\/sarimelekler.biz\/wp-content\/uploads\/2019\/01\/Dobriana-Rabadzhieva-150x115.jpg 150w\" sizes=\"auto, (max-width: 860px) 100vw, 860px\" data-attachment-id=\"9818\" data-permalink=\"https:\/\/sarimelekler.biz\/?attachment_id=9818\" data-orig-file=\"https:\/\/sarimelekler.biz\/wp-content\/uploads\/2019\/01\/Dobriana-Rabadzhieva.jpg\" data-orig-size=\"2500,1918\" data-comments-opened=\"0\" data-image-meta=\"{&quot;aperture&quot;:&quot;3.5&quot;,&quot;credit&quot;:&quot;&quot;,&quot;camera&quot;:&quot;Canon EOS-1D X&quot;,&quot;caption&quot;:&quot;&quot;,&quot;created_timestamp&quot;:&quot;1548768835&quot;,&quot;copyright&quot;:&quot;&quot;,&quot;focal_length&quot;:&quot;70&quot;,&quot;iso&quot;:&quot;640&quot;,&quot;shutter_speed&quot;:&quot;0.004&quot;,&quot;title&quot;:&quot;&quot;,&quot;orientation&quot;:&quot;1&quot;}\" data-image-title=\"Dobriana Rabadzhieva\" data-image-description=\"\" data-image-caption=\"\" data-large-file=\"https:\/\/sarimelekler.biz\/wp-content\/uploads\/2019\/01\/Dobriana-Rabadzhieva-1024x786.jpg\" \/><\/a>\n\t\t\t<\/dt><\/dl><br style=\"clear: both\" \/>\n\t\t<\/div>\n\n<p style=\"text-align: right;\">29.01.2019<\/p>\n<p>Kaynak:\u00a0<a href=\"https:\/\/www.fenerbahce.org\/detay.asp?ContentID=63355\" target=\"_blank\" rel=\"noopener\">Fenerbah\u00e7e SK Resmi \u0130nternet Sitesi<\/a><\/p>\n","protected":false},"excerpt":{"rendered":"<p>Bug\u00fcn Fenerbah\u00e7e Spor Kul\u00fcb\u00fcm\u00fcz Resmi \u0130nternet Sitesinden yap\u0131lan a\u00e7\u0131klamada Bulgar \u2026 <a class=\"continue-reading-link\" href=\"https:\/\/sarimelekler.biz\/?p=9817\">Okumaya Devam Et.. <span class=\"meta-nav\">&rarr; <\/span><\/a><\/p>\n","protected":false},"author":1,"featured_media":9820,"comment_status":"closed","ping_status":"open","sticky":false,"template":"","format":"standard","meta":{"jetpack_post_was_ever_published":false,"_jetpack_newsletter_access":"","_jetpack_dont_email_post_to_subs":false,"_jetpack_newsletter_tier_id":0,"_jetpack_memberships_contains_paywalled_content":false,"_jetpack_memberships_contains_paid_content":false,"footnotes":"","jetpack_publicize_message":"","jetpack_publicize_feature_enabled":true,"jetpack_social_post_already_shared":true,"jetpack_social_options":{"image_generator_settings":{"template":"highway","default_image_id":0,"font":"","enabled":false},"version":2}},"categories":[7],"tags":[],"class_list":["post-9817","post","type-post","status-publish","format-standard","has-post-thumbnail","hentry","category-haberler"],"jetpack_publicize_connections":[],"jetpack_featured_media_url":"https:\/\/sarimelekler.biz\/wp-content\/uploads\/2019\/01\/Dobriana-Rabadzhieva-Kapak.jpg","jetpack_sharing_enabled":true,"jetpack_shortlink":"https:\/\/wp.me\/p8npUZ-2yl","jetpack-related-posts":[{"id":11161,"url":"https:\/\/sarimelekler.biz\/?p=11161","url_meta":{"origin":9817,"position":0},"title":"Tak\u0131m\u0131m\u0131zdan ayr\u0131lan \u00fc\u00e7\u00fcnc\u00fc oyuncu Dobriana Rabadzhieva oldu.","author":"Edit\u00f6r","date":"3 May\u0131s 2019","format":false,"excerpt":"Fenerbah\u00e7e Opet Kad\u0131n Voleybol tak\u0131m\u0131m\u0131zdan\u00a0Ana Antonijevic ve\u00a0Samantha Bricio'nun ard\u0131ndan \u00fc\u00e7\u00fcnc\u00fc ayr\u0131lan isim sezon ortas\u0131 (29.01.2019) tak\u0131m\u0131m\u0131za transfer etti\u011fimiz Bulgar Sma\u00e7\u00f6r Dobriana Rabadzhieva oldu.\u00a0Rabadzhieva\u00a0 Instagram hesab\u0131ndan payla\u015ft\u0131\u011f\u0131 bir g\u00f6nderi ile tak\u0131m\u0131m\u0131za veda etti. Rabadzhieva; 12 Sultanlar Ligi, 7 \u015eampiyonlar Ligi ve 3 T\u00fcrkiye Kupas\u0131 olmak \u00fczere toplam 22 ma\u00e7ta tak\u0131m\u0131m\u0131zda s\u00fcre\u2026","rel":"","context":"&quot;Transfer Haberleri&quot; i\u00e7inde","block_context":{"text":"Transfer Haberleri","link":"https:\/\/sarimelekler.biz\/?cat=23"},"img":{"alt_text":"","src":"https:\/\/i0.wp.com\/sarimelekler.biz\/wp-content\/uploads\/2019\/01\/Dobriana-Rabadzhieva-Kapak.jpg?resize=350%2C200&ssl=1","width":350,"height":200,"srcset":"https:\/\/i0.wp.com\/sarimelekler.biz\/wp-content\/uploads\/2019\/01\/Dobriana-Rabadzhieva-Kapak.jpg?resize=350%2C200&ssl=1 1x, https:\/\/i0.wp.com\/sarimelekler.biz\/wp-content\/uploads\/2019\/01\/Dobriana-Rabadzhieva-Kapak.jpg?resize=525%2C300&ssl=1 1.5x, https:\/\/i0.wp.com\/sarimelekler.biz\/wp-content\/uploads\/2019\/01\/Dobriana-Rabadzhieva-Kapak.jpg?resize=700%2C400&ssl=1 2x, https:\/\/i0.wp.com\/sarimelekler.biz\/wp-content\/uploads\/2019\/01\/Dobriana-Rabadzhieva-Kapak.jpg?resize=1050%2C600&ssl=1 3x, https:\/\/i0.wp.com\/sarimelekler.biz\/wp-content\/uploads\/2019\/01\/Dobriana-Rabadzhieva-Kapak.jpg?resize=1400%2C800&ssl=1 4x"},"classes":[]},{"id":11294,"url":"https:\/\/sarimelekler.biz\/?p=11294","url_meta":{"origin":9817,"position":1},"title":"Kul\u00fcb\u00fcm\u00fcz Taraf\u0131ndan Tak\u0131m\u0131m\u0131zdan Ayr\u0131lan Oyuncular A\u00e7\u0131kland\u0131.","author":"Edit\u00f6r","date":"16 May\u0131s 2019","format":false,"excerpt":"Kul\u00fcb\u00fcm\u00fcz, Fenerbah\u00e7e Opet Kad\u0131n Voleybol tak\u0131m\u0131m\u0131zdan ayr\u0131lan oyuncular\u0131 resmi sitesi ve sosyal medya hesaplar\u0131ndan a\u00e7\u0131klayarak oyunculara veda etti. Yap\u0131lan A\u00e7\u0131klamada: Fenerbah\u00e7e Opet Kad\u0131n Voleybol Tak\u0131m\u0131m\u0131z yeni sezon yap\u0131lanmas\u0131nda; Merve Dalbeler, Polen \u00dcnver, Ana Antonijevic, Dobriana Rabadzhieva, Samantha Bricio Ramos, Ezgi Da\u011fdelenler ve Merve Tanyel ile yollar\u0131n\u0131 ay\u0131rm\u0131\u015ft\u0131r. Formam\u0131z\u0131 ba\u015far\u0131yla terleten\u2026","rel":"","context":"&quot;Transfer Haberleri&quot; i\u00e7inde","block_context":{"text":"Transfer Haberleri","link":"https:\/\/sarimelekler.biz\/?cat=23"},"img":{"alt_text":"","src":"https:\/\/i0.wp.com\/sarimelekler.biz\/wp-content\/uploads\/2019\/05\/Haber-Ba%C5%9Fl%C4%B1%C4%9F%C4%B1.jpg?resize=350%2C200&ssl=1","width":350,"height":200,"srcset":"https:\/\/i0.wp.com\/sarimelekler.biz\/wp-content\/uploads\/2019\/05\/Haber-Ba%C5%9Fl%C4%B1%C4%9F%C4%B1.jpg?resize=350%2C200&ssl=1 1x, https:\/\/i0.wp.com\/sarimelekler.biz\/wp-content\/uploads\/2019\/05\/Haber-Ba%C5%9Fl%C4%B1%C4%9F%C4%B1.jpg?resize=525%2C300&ssl=1 1.5x, https:\/\/i0.wp.com\/sarimelekler.biz\/wp-content\/uploads\/2019\/05\/Haber-Ba%C5%9Fl%C4%B1%C4%9F%C4%B1.jpg?resize=700%2C400&ssl=1 2x"},"classes":[]},{"id":10057,"url":"https:\/\/sarimelekler.biz\/?p=10057","url_meta":{"origin":9817,"position":2},"title":"Polen \u00dcnver ve Dobriana Rabadzhieva\u2019dan Dinamo Moskova ma\u00e7\u0131 \u00f6ncesi a\u00e7\u0131klamalarda Bulundular","author":"Edit\u00f6r","date":"19 \u015eubat 2019","format":false,"excerpt":"Fenerbah\u00e7e Opet Kad\u0131n Voleybol Tak\u0131m\u0131m\u0131z, CEV Kad\u0131nlar \u015eampiyonlar Ligi E Grubu 5. haftas\u0131nda Dinamo Moskova ile yar\u0131n oynayaca\u011f\u0131 ma\u00e7 \u00f6ncesi Polen \u00dcnver ile Dobriana Rabadzhieva, kul\u00fcb\u00fcm\u00fcz\u00fcn resmi sitesine a\u00e7\u0131klamalarda bulundu. Ma\u00e7\u0131n zorlu\u011funa dikkat \u00e7eken ikili, Avrupa'n\u0131n g\u00fc\u00e7l\u00fc ekiplerinden biri olan Dinamo Moskova kar\u015f\u0131s\u0131nda taraftar deste\u011finin \u00f6nemini vurgulad\u0131. Polen, \u201c\u00d6nemli bir\u2026","rel":"","context":"&quot;Avrupa Kupalar\u0131&quot; i\u00e7inde","block_context":{"text":"Avrupa Kupalar\u0131","link":"https:\/\/sarimelekler.biz\/?cat=1"},"img":{"alt_text":"","src":"https:\/\/i0.wp.com\/sarimelekler.biz\/wp-content\/uploads\/2019\/02\/CL-5-Kapak.jpg?resize=350%2C200&ssl=1","width":350,"height":200,"srcset":"https:\/\/i0.wp.com\/sarimelekler.biz\/wp-content\/uploads\/2019\/02\/CL-5-Kapak.jpg?resize=350%2C200&ssl=1 1x, https:\/\/i0.wp.com\/sarimelekler.biz\/wp-content\/uploads\/2019\/02\/CL-5-Kapak.jpg?resize=525%2C300&ssl=1 1.5x, https:\/\/i0.wp.com\/sarimelekler.biz\/wp-content\/uploads\/2019\/02\/CL-5-Kapak.jpg?resize=700%2C400&ssl=1 2x, https:\/\/i0.wp.com\/sarimelekler.biz\/wp-content\/uploads\/2019\/02\/CL-5-Kapak.jpg?resize=1050%2C600&ssl=1 3x, https:\/\/i0.wp.com\/sarimelekler.biz\/wp-content\/uploads\/2019\/02\/CL-5-Kapak.jpg?resize=1400%2C800&ssl=1 4x"},"classes":[]},{"id":9821,"url":"https:\/\/sarimelekler.biz\/?p=9821","url_meta":{"origin":9817,"position":3},"title":"Derbi Sar\u0131 Melekler &#8216;in Galatasaray HDI Sigorta:2 &#8211; Fenerbah\u00e7e Opet:3","author":"Edit\u00f6r","date":"30 Ocak 2019","format":false,"excerpt":"Fenerbah\u00e7e Opet Bayan Voleybol Tak\u0131m\u0131m\u0131z Vestel Ven\u00fcs Sultanlar Ligi\u2019nin 16. Haftas\u0131nda deplasman tak\u0131m\u0131 s\u0131fat\u0131yla kar\u015f\u0131la\u015ft\u0131\u011f\u0131 Galatasaray HDI Sigorta tak\u0131m\u0131n\u0131 25 \u2013 27, 15 \u2013 25, 25 \u2013 23, 25 \u2013 20 ve 13 \u2013 15\u2019lik set skorlar\u0131yla 3-2 ma\u011flup etti. Ma\u00e7a Eda, Ana Antonijevic, Fatma, Bahar, Bricio, Vargas ve Merve\u2026","rel":"","context":"&quot;T\u00fcrkiye Ligi&quot; i\u00e7inde","block_context":{"text":"T\u00fcrkiye Ligi","link":"https:\/\/sarimelekler.biz\/?cat=6"},"img":{"alt_text":"","src":"https:\/\/i0.wp.com\/sarimelekler.biz\/wp-content\/uploads\/2019\/01\/16-18-19-28.jpg?resize=350%2C200&ssl=1","width":350,"height":200,"srcset":"https:\/\/i0.wp.com\/sarimelekler.biz\/wp-content\/uploads\/2019\/01\/16-18-19-28.jpg?resize=350%2C200&ssl=1 1x, https:\/\/i0.wp.com\/sarimelekler.biz\/wp-content\/uploads\/2019\/01\/16-18-19-28.jpg?resize=525%2C300&ssl=1 1.5x, https:\/\/i0.wp.com\/sarimelekler.biz\/wp-content\/uploads\/2019\/01\/16-18-19-28.jpg?resize=700%2C400&ssl=1 2x, https:\/\/i0.wp.com\/sarimelekler.biz\/wp-content\/uploads\/2019\/01\/16-18-19-28.jpg?resize=1050%2C600&ssl=1 3x, https:\/\/i0.wp.com\/sarimelekler.biz\/wp-content\/uploads\/2019\/01\/16-18-19-28.jpg?resize=1400%2C800&ssl=1 4x"},"classes":[]},{"id":14830,"url":"https:\/\/sarimelekler.biz\/?p=14830","url_meta":{"origin":9817,"position":4},"title":"Kelsey Robinson Tekrar Sar\u0131 Melek Oldu.","author":"Edit\u00f6r","date":"21 Aral\u0131k 2020","format":false,"excerpt":"Ge\u00e7ti\u011fimiz sezonu (2019-20) tak\u0131m\u0131m\u0131zda ge\u00e7iren ve ba\u015far\u0131l\u0131 bir performans ortaya koyan, sma\u00e7\u00f6r mevkiinde oynayan Amerikal\u0131 oyuncu Kelsey Robinson ile Fenerbah\u00e7e Opet tak\u0131m\u0131m\u0131z yeniden s\u00f6zle\u015fme imzalad\u0131. 1992 do\u011fumlu, 188 cm boyundaki Kelsey Robinson bu sezon \u00c7in\u2019in Guangdong Evergrande tak\u0131m\u0131nda forma giydi. \u00c7in liginin bitmesiyle tak\u0131m\u0131m\u0131za tekrar transfer olan Robinson gelecek sezon\u2026","rel":"","context":"&quot;Transfer Haberleri&quot; i\u00e7inde","block_context":{"text":"Transfer Haberleri","link":"https:\/\/sarimelekler.biz\/?cat=23"},"img":{"alt_text":"","src":"https:\/\/i0.wp.com\/sarimelekler.biz\/wp-content\/uploads\/2020\/12\/Robinson-Kapak.jpg?resize=350%2C200&ssl=1","width":350,"height":200,"srcset":"https:\/\/i0.wp.com\/sarimelekler.biz\/wp-content\/uploads\/2020\/12\/Robinson-Kapak.jpg?resize=350%2C200&ssl=1 1x, https:\/\/i0.wp.com\/sarimelekler.biz\/wp-content\/uploads\/2020\/12\/Robinson-Kapak.jpg?resize=525%2C300&ssl=1 1.5x, https:\/\/i0.wp.com\/sarimelekler.biz\/wp-content\/uploads\/2020\/12\/Robinson-Kapak.jpg?resize=700%2C400&ssl=1 2x, https:\/\/i0.wp.com\/sarimelekler.biz\/wp-content\/uploads\/2020\/12\/Robinson-Kapak.jpg?resize=1050%2C600&ssl=1 3x, https:\/\/i0.wp.com\/sarimelekler.biz\/wp-content\/uploads\/2020\/12\/Robinson-Kapak.jpg?resize=1400%2C800&ssl=1 4x"},"classes":[]},{"id":15840,"url":"https:\/\/sarimelekler.biz\/?p=15840","url_meta":{"origin":9817,"position":5},"title":"Gen\u00e7 Y\u0131ld\u0131z &#8220;Ana Cristina De Souza&#8221; Fenerbah\u00e7e Opet\u2019te","author":"Edit\u00f6r","date":"3 Haziran 2021","format":false,"excerpt":"Kul\u00fcb\u00fcm\u00fcz resmi sitesinden yapt\u0131\u011f\u0131 a\u00e7\u0131klamada 2004 do\u011fumlu Brezilyal\u0131 sma\u00e7\u00f6r Ana Cristina De Souza ile anla\u015fma sa\u011fland\u0131\u011f\u0131n\u0131 duyurdu. 17 ya\u015f\u0131ndaki Ana Cristina De Souza 2021-2022 sezonu i\u00e7in Arina Fedorovtseva, Meliha \u0130smailo\u011flu, Gizem \u00d6rge, Anna Lazareva, Tutku Burcu Y\u00fczgen\u00e7, Buse \u00dcnal ve Mina Popovic\u2019ten sonra tak\u0131m\u0131m\u0131z\u0131n sekizinci transferi oldu. Oyuncumuza Ba\u015far\u0131lar Dileriz.\u2026","rel":"","context":"&quot;Transfer Haberleri&quot; i\u00e7inde","block_context":{"text":"Transfer Haberleri","link":"https:\/\/sarimelekler.biz\/?cat=23"},"img":{"alt_text":"","src":"https:\/\/i0.wp.com\/sarimelekler.biz\/wp-content\/uploads\/2021\/06\/Ana-Cristina-1.jpg?resize=350%2C200&ssl=1","width":350,"height":200,"srcset":"https:\/\/i0.wp.com\/sarimelekler.biz\/wp-content\/uploads\/2021\/06\/Ana-Cristina-1.jpg?resize=350%2C200&ssl=1 1x, https:\/\/i0.wp.com\/sarimelekler.biz\/wp-content\/uploads\/2021\/06\/Ana-Cristina-1.jpg?resize=525%2C300&ssl=1 1.5x, https:\/\/i0.wp.com\/sarimelekler.biz\/wp-content\/uploads\/2021\/06\/Ana-Cristina-1.jpg?resize=700%2C400&ssl=1 2x, https:\/\/i0.wp.com\/sarimelekler.biz\/wp-content\/uploads\/2021\/06\/Ana-Cristina-1.jpg?resize=1050%2C600&ssl=1 3x"},"classes":[]}],"_links":{"self":[{"href":"https:\/\/sarimelekler.biz\/index.php?rest_route=\/wp\/v2\/posts\/9817","targetHints":{"allow":["GET"]}}],"collection":[{"href":"https:\/\/sarimelekler.biz\/index.php?rest_route=\/wp\/v2\/posts"}],"about":[{"href":"https:\/\/sarimelekler.biz\/index.php?rest_route=\/wp\/v2\/types\/post"}],"author":[{"embeddable":true,"href":"https:\/\/sarimelekler.biz\/index.php?rest_route=\/wp\/v2\/users\/1"}],"replies":[{"embeddable":true,"href":"https:\/\/sarimelekler.biz\/index.php?rest_route=%2Fwp%2Fv2%2Fcomments&post=9817"}],"version-history":[{"count":1,"href":"https:\/\/sarimelekler.biz\/index.php?rest_route=\/wp\/v2\/posts\/9817\/revisions"}],"predecessor-version":[{"id":9819,"href":"https:\/\/sarimelekler.biz\/index.php?rest_route=\/wp\/v2\/posts\/9817\/revisions\/9819"}],"wp:featuredmedia":[{"embeddable":true,"href":"https:\/\/sarimelekler.biz\/index.php?rest_route=\/wp\/v2\/media\/9820"}],"wp:attachment":[{"href":"https:\/\/sarimelekler.biz\/index.php?rest_route=%2Fwp%2Fv2%2Fmedia&parent=9817"}],"wp:term":[{"taxonomy":"category","embeddable":true,"href":"https:\/\/sarimelekler.biz\/index.php?rest_route=%2Fwp%2Fv2%2Fcategories&post=9817"},{"taxonomy":"post_tag","embeddable":true,"href":"https:\/\/sarimelekler.biz\/index.php?rest_route=%2Fwp%2Fv2%2Ftags&post=9817"}],"curies":[{"name":"wp","href":"https:\/\/api.w.org\/{rel}","templated":true}]}}